{"id":316922,"date":"2026-01-01T07:14:16","date_gmt":"2026-01-01T07:14:16","guid":{"rendered":"https:\/\/www.europesays.com\/es\/316922\/"},"modified":"2026-01-01T07:14:16","modified_gmt":"2026-01-01T07:14:16","slug":"vingegaard-presenta-el-maillot-con-el-que-quiere-reconquistar-el-tour","status":"publish","type":"post","link":"https:\/\/www.europesays.com\/es\/316922\/","title":{"rendered":"Vingegaard presenta el maillot con el que quiere reconquistar el Tour"},"content":{"rendered":"<p class=\"ft-text\">El <strong>Team Visma | Lease a Bike<\/strong> ya piensa en 2026 con un objetivo claro: volver a situar a Jonas Vingegaard en lo m\u00e1s alto del ciclismo mundial. En un curso marcado por la ambici\u00f3n deportiva y la obsesi\u00f3n por el detalle, el equipo neerland\u00e9s ha presentado su nuevo maillot para la pr\u00f3xima temporada, una equipaci\u00f3n que<strong> simboliza ese salto adelante que el proyecto quiere dar alrededor de su gran l\u00edder para las grandes vueltas, con el Tour de Francia<\/strong> como gran horizonte.<\/p>\n<p class=\"ft-text\">Ganador de dos ediciones del Tour, en 2022 y 2023, el dan\u00e9s volver\u00e1 a intentar reconquistar la ronda gala en 2026 y romper el abrumador dominio de Tadej Pogacar, ganador del Tour en 2024 y 2025.<\/p>\n<p><img decoding=\"async\" src=\"https:\/\/www.europesays.com\/es\/wp-content\/uploads\/2026\/01\/87e60010-6388-4b19-a07f-add4dab86064_alta-libre-aspect-ratio_default_0.jpg\" width=\"1200\" height=\"675\" alt=\"Imagen promocional del Team Visma 2026\" class=\"ft-helper-img-rd\" loading=\"lazy\"\/><\/p>\n<p class=\"ft-helper-fontColor-quaternary ft-helper-fontSize-body-S ft-helper-spacer-t-xxs\">Imagen promocional del Team Visma 2026  \/ Team Visma<\/p>\n<p class=\"ft-text\">El nuevo kit ha sido desarrollado en colaboraci\u00f3n con Nimbl, un socio estrat\u00e9gico que ampl\u00eda su peso dentro de la estructura. <strong>Hasta ahora responsable del calzado de ciclismo del equipo, la marca pasa a suministrar tambi\u00e9n la ropa t\u00e9cnica de alto rendimiento que vestir\u00e1n los corredores en competici\u00f3n.<\/strong> Un paso m\u00e1s en una alianza que busca maximizar cada aspecto del rendimiento, desde la aerodin\u00e1mica hasta la comodidad en los d\u00edas decisivos de monta\u00f1a.<\/p>\n<p class=\"ft-text\">Con una amplia experiencia en investigaci\u00f3n y desarrollo, <strong>Nimbl ha participado activamente en el dise\u00f1o de una equipaci\u00f3n pensada para marcar un nuevo est\u00e1ndar de calidad y prestaciones. <\/strong>El objetivo es claro: prendas que protejan al ciclista, acompa\u00f1en cada movimiento y se adapten al cuerpo como una segunda piel, un factor clave en un equipo que en 2026 quiere ofrecer a Vingegaard y a su bloque las mejores condiciones posibles para pelear por todo.<\/p>\n<p class=\"ft-text\">El director general del equipo, <a class=\"ft-link ft-link--decoration\" href=\"https:\/\/www.teamvismaleaseabike.com\/news\/news\/team-visma-lease-a-bike-unveils-2026-kit\/\" rel=\"nofollow noopener\" target=\"_blank\">Richard Plugge<\/a>, explic\u00f3 que el nuevo maillot es una extensi\u00f3n natural de la filosof\u00eda del Visma | Lease a Bike. <strong>\u201cUna nueva temporada siempre significa evaluar, mejorar y seguir construyendo. Nuestro maillot de 2026 refleja exactamente ese enfoque: es reconocible por lo que somos, pero incorpora una atenci\u00f3n m\u00e1xima al detalle y al desarrollo\u201d,<\/strong> se\u00f1al\u00f3.<\/p>\n<p>Un plan B<\/p>\n<p class=\"ft-text\">El amarillo, color del maillot de l\u00edder del Tour, sigue siendeo el color predominante, circunstancia que obligar\u00e1 al equipo a buscar un color alternativo en julio, en las carreteras francesas.<\/p>\n<p class=\"ft-text\">Plugge incidi\u00f3 tambi\u00e9n en la importancia del trabajo conjunto con los socios para sostener las grandes aspiraciones deportivas del proyecto. \u201cJunto a nuestros partners, seguimos explorando nuevas formas de apoyar a nuestros corredores para que puedan rendir a su mejor nivel\u201d, afirm\u00f3.<\/p>\n<p class=\"ft-text\">Un mensaje que encaja con la hoja de ruta del equipo: <strong>rodear a Vingegaard de la mejor tecnolog\u00eda, el mejor entorno y el m\u00e1ximo apoyo para afrontar una temporada en la que el Visma | Lease a Bike quiere volver a mandar<\/strong> en el pelot\u00f3n.<\/p>\n","protected":false},"excerpt":{"rendered":"El Team Visma | Lease a Bike ya piensa en 2026 con un objetivo claro: volver a situar&hellip;\n","protected":false},"author":2,"featured_media":316923,"comment_status":"","ping_status":"","sticky":false,"template":"","format":"standard","meta":{"footnotes":""},"categories":[273],"tags":[313,312,168,25,24,324,5549,2782,2615,23,167,325],"class_list":{"0":"post-316922","1":"post","2":"type-post","3":"status-publish","4":"format-standard","5":"has-post-thumbnail","7":"category-ciclismo","8":"tag-ciclismo","9":"tag-cycling","10":"tag-deportes","11":"tag-es","12":"tag-espana","13":"tag-jonas","14":"tag-maillot","15":"tag-presenta","16":"tag-quiere","17":"tag-spain","18":"tag-sports","19":"tag-vingegaard"},"share_on_mastodon":{"url":"https:\/\/pubeurope.com\/@es\/115818611562516382","error":""},"_links":{"self":[{"href":"https:\/\/www.europesays.com\/es\/wp-json\/wp\/v2\/posts\/316922","targetHints":{"allow":["GET"]}}],"collection":[{"href":"https:\/\/www.europesays.com\/es\/wp-json\/wp\/v2\/posts"}],"about":[{"href":"https:\/\/www.europesays.com\/es\/wp-json\/wp\/v2\/types\/post"}],"author":[{"embeddable":true,"href":"https:\/\/www.europesays.com\/es\/wp-json\/wp\/v2\/users\/2"}],"replies":[{"embeddable":true,"href":"https:\/\/www.europesays.com\/es\/wp-json\/wp\/v2\/comments?post=316922"}],"version-history":[{"count":0,"href":"https:\/\/www.europesays.com\/es\/wp-json\/wp\/v2\/posts\/316922\/revisions"}],"wp:featuredmedia":[{"embeddable":true,"href":"https:\/\/www.europesays.com\/es\/wp-json\/wp\/v2\/media\/316923"}],"wp:attachment":[{"href":"https:\/\/www.europesays.com\/es\/wp-json\/wp\/v2\/media?parent=316922"}],"wp:term":[{"taxonomy":"category","embeddable":true,"href":"https:\/\/www.europesays.com\/es\/wp-json\/wp\/v2\/categories?post=316922"},{"taxonomy":"post_tag","embeddable":true,"href":"https:\/\/www.europesays.com\/es\/wp-json\/wp\/v2\/tags?post=316922"}],"curies":[{"name":"wp","href":"https:\/\/api.w.org\/{rel}","templated":true}]}}