{"id":316963,"date":"2026-01-01T07:50:13","date_gmt":"2026-01-01T07:50:13","guid":{"rendered":"https:\/\/www.europesays.com\/es\/316963\/"},"modified":"2026-01-01T07:50:13","modified_gmt":"2026-01-01T07:50:13","slug":"las-doce-imagenes-de-satelites-de-la-nasa-que-cuentan-la-historia-de-2025","status":"publish","type":"post","link":"https:\/\/www.europesays.com\/es\/316963\/","title":{"rendered":"Las doce im\u00e1genes de sat\u00e9lites de la NASA que cuentan la historia de 2025"},"content":{"rendered":"<p><strong>Un a\u00f1o visto desde el espacio: incendios, r\u00edos atmosf\u00e9ricos, volcanes, polvo sahariano y floraciones oce\u00e1nicas dibujaron un planeta vibrante y vulnerable, captado por la flota de sat\u00e9lites de la NASA.<\/strong><\/p>\n<p>Las misiones de observaci\u00f3n de la Tierra llevan d\u00e9cadas vigilando nuestro planeta. Desde Landsat, en 1972, hasta los modernos Sentinel, Terra, Aqua o Suomi-NPP, hemos aprendido a leer desde el espacio incendios, sequ\u00edas, inundaciones y hasta la respiraci\u00f3n del oc\u00e9ano. Por desgracia, estas misiones est\u00e1n en peligro debido a los recortes del presupuesto de la NASA de la administraci\u00f3n de Donald Trump, decidida a acabar con la investigaci\u00f3n sobre el clima.<\/p>\n<p>En 2025, un a\u00f1o marcado por extremos clim\u00e1ticos y una fuerte variabilidad natural como El Ni\u00f1o, las c\u00e1maras orbitales han ofrecido postales tan hermosas como inquietantes, y una pauta clara: los cambios ya no son sutiles. Se ven desde arriba, a simple vista.<\/p>\n<p>El sur de California quemado<br \/>\n<img fetchpriority=\"high\" decoding=\"async\" aria-describedby=\"caption-attachment-90176\" class=\"wp-image-90176 size-large\" src=\"https:\/\/www.europesays.com\/es\/wp-content\/uploads\/2026\/01\/pacific-palisades-fire-1024x899.webp.webp\" alt=\"Observatorio de la Tierra de la NASA\/Lauren Dauphin, utilizando datos Landsat del Servicio Geol\u00f3gico de los Estados Unidos.\" width=\"1024\" height=\"899\" title=\"Las doce im\u00e1genes de sat\u00e9lites de la NASA que cuentan la historia de 2025 1\"  \/><\/p>\n<p id=\"caption-attachment-90176\" class=\"wp-caption-text\">Observatorio de la Tierra de la NASA\/Lauren Dauphin, utilizando datos Landsat del Servicio Geol\u00f3gico de los Estados Unidos.<\/p>\n<p>En enero, el sur de California ardi\u00f3. El incendio se inici\u00f3 en la ma\u00f1ana del 7 de enero cerca del barrio de Pacific Palisades y se propag\u00f3 r\u00e1pidamente, consumiendo casi 97 kil\u00f3metros cuadrados de zonas silvestres y urbanizadas en una semana. En esta imagen, que combina infrarrojo de onda corta, infrarrojo cercano y luz visible, la vegetaci\u00f3n sin quemar aparece en verde, mientras que el paisaje recientemente quemado se muestra en tonos marrones claros a oscuros. Las zonas carbonizadas se extienden al norte y al oeste de Pacific Palisades hacia Malib\u00fa, donde tambi\u00e9n se pueden ver a lo largo de la costa las tierras quemadas anteriormente por el incendio Franklin de diciembre de 2024.<\/p>\n<p>Erupciones en las islas Sandwich<br \/>\n<img loading=\"lazy\" decoding=\"async\" aria-describedby=\"caption-attachment-90173\" class=\"size-large wp-image-90173\" src=\"https:\/\/www.europesays.com\/es\/wp-content\/uploads\/2026\/01\/swirling-clouds-1024x902.webp.webp\" alt=\"Observatorio de la Tierra de la NASA\/Wanmei Liang, utilizando datos VIIRS de NASA EOSDIS LANCE, GIBS\/Worldview y el Sistema Conjunto de Sat\u00e9lites Polares (JPSS).\" width=\"1024\" height=\"902\" title=\"Las doce im\u00e1genes de sat\u00e9lites de la NASA que cuentan la historia de 2025 2\"  \/><\/p>\n<p id=\"caption-attachment-90173\" class=\"wp-caption-text\">Observatorio de la Tierra de la NASA\/Wanmei Liang, utilizando datos VIIRS de NASA EOSDIS LANCE, GIBS\/Worldview y el Sistema Conjunto de Sat\u00e9lites Polares (JPSS).<\/p>\n<p>Esta imagen VIIRS del NOAA-20, tomada el 24 de febrero de 2025, captura las calles de v\u00f3rtices de von K\u00e1rm\u00e1n que se forman detr\u00e1s de tres de las remotas islas Sandwich del Sur, en el oc\u00e9ano Atl\u00e1ntico meridional. Los patrones de nubes en remolino aparecen cuando los persistentes vientos del oeste de fuerza moderada empujan las nubes estratoc\u00famulos marinas m\u00e1s all\u00e1 de los escarpados picos volc\u00e1nicos de las islas Visokoi, Candlemas y Saunders.<\/p>\n<p>Los v\u00f3rtices, que reciben su nombre del matem\u00e1tico e ingeniero aeroespacial Theodore von K\u00e1rm\u00e1n, quien describi\u00f3 por primera vez estas caracter\u00edsticas de flujo oscilante en 1911, forman espirales alternas que giran en direcciones opuestas aguas abajo de cada obst\u00e1culo. La estela de nubes que se extiende desde la isla Saunders parece ligeramente m\u00e1s brillante que las nubes circundantes debido a las emisiones volc\u00e1nicas del monte Michael, que ha estado en erupci\u00f3n d\u00e9bil desde 2014. Al oeste de la cadena de islas, varios icebergs flotan visiblemente bajo una fina capa de nubes.<\/p>\n<p>Paneles \u00abflotovoltaicos\u00bb en la India<br \/>\n<img loading=\"lazy\" decoding=\"async\" aria-describedby=\"caption-attachment-90174\" class=\"size-large wp-image-90174\" src=\"https:\/\/www.europesays.com\/es\/wp-content\/uploads\/2026\/01\/floatingsolar-1014x1024.webp.webp\" alt=\"Observatorio de la Tierra de la NASA\/Lauren Dauphin, utilizando datos Landsat del Servicio Geol\u00f3gico de los Estados Unidos\" width=\"1014\" height=\"1024\" title=\"Las doce im\u00e1genes de sat\u00e9lites de la NASA que cuentan la historia de 2025 3\"  \/><\/p>\n<p id=\"caption-attachment-90174\" class=\"wp-caption-text\">Observatorio de la Tierra de la NASA\/Lauren Dauphin, utilizando datos Landsat del Servicio Geol\u00f3gico de los Estados Unidos<\/p>\n<p>Esta imagen Landsat 9 del 30 de enero de 2025 muestra conjuntos de paneles solares flotantes, conocidos como \u00abflotovoltaicos\u00bb, repartidos por un embalse en el r\u00edo Narmada, en Madhya Pradesh (India). Los rect\u00e1ngulos azules geom\u00e9tricos visibles en el embalse representan dos proyectos solares flotantes puestos en marcha en 2024, con una capacidad combinada de 216 megavatios. El embalse, creado por la presa de Omkareshwar, terminada en 2007, tiene una extensi\u00f3n de m\u00e1s de 90 kil\u00f3metros cuadrados.<\/p>\n<p>Las instalaciones solares flotantes ofrecen una alternativa a los sistemas terrestres en zonas donde el espacio es limitado. Tambi\u00e9n pueden reducir la evaporaci\u00f3n, impedir el crecimiento de algas y beneficiarse del efecto refrigerante del agua sobre la eficiencia de los paneles.<\/p>\n<p>Tormentas de arena en Ir\u00e1n<br \/>\n<img loading=\"lazy\" decoding=\"async\" aria-describedby=\"caption-attachment-90175\" class=\"size-large wp-image-90175\" src=\"https:\/\/www.europesays.com\/es\/wp-content\/uploads\/2026\/01\/iran-dust-1024x940.webp.webp\" alt=\"NASA Earth Observatory\/Michala Garrison, using MODIS data from NASA EOSDIS LANCE and GIBS\/Worldview\" width=\"1024\" height=\"940\" title=\"Las doce im\u00e1genes de sat\u00e9lites de la NASA que cuentan la historia de 2025 4\"  \/><\/p>\n<p id=\"caption-attachment-90175\" class=\"wp-caption-text\">NASA Earth Observatory\/Michala Garrison, using MODIS data from NASA EOSDIS LANCE and GIBS\/Worldview<\/p>\n<p>Esta imagen Terra MODIS del 22 de enero de 2025 captura columnas de polvo que se extienden por el sureste de Ir\u00e1n y se desplazan sobre el golfo de Om\u00e1n hacia la pen\u00ednsula ar\u00e1biga. El material en suspensi\u00f3n proviene principalmente del lecho seco de Hamun-e Jazmurian, un lago intermitente situado en una de las principales regiones generadoras de polvo del suroeste asi\u00e1tico. En esta cuenca \u00e1rida, algunas zonas reciben menos de 10 cent\u00edmetros de precipitaciones anuales, mientras que las tasas de evaporaci\u00f3n siguen siendo elevadas.<\/p>\n<p>El polvo viaj\u00f3 hacia el sur-suroeste a trav\u00e9s del agua hasta la costa de los Emiratos \u00c1rabes Unidos, donde la neblina redujo la visibilidad y provoc\u00f3 alertas meteorol\u00f3gicas. Adem\u00e1s de perturbar el transporte, estos fen\u00f3menos de polvo suponen un riesgo para la salud: un an\u00e1lisis reciente ha revelado que el material procedente de las tormentas de la cuenca de Jazmurian contiene metales pesados y otras sustancias peligrosas para la salud humana y la salud del ecosistema.<\/p>\n<p>Fitoplancton en Noruega<br \/>\n<img loading=\"lazy\" decoding=\"async\" aria-describedby=\"caption-attachment-90169\" class=\"size-large wp-image-90169\" src=\"https:\/\/www.europesays.com\/es\/wp-content\/uploads\/2026\/01\/phytoplankton-bloom-873x1024.webp.webp\" alt=\"Observatorio de la Tierra de la NASA\/Wanmei Liang, utilizando datos MODIS de NASA EOSDIS LANCE y GIBS\/Worldview.\" width=\"873\" height=\"1024\" title=\"Las doce im\u00e1genes de sat\u00e9lites de la NASA que cuentan la historia de 2025 5\"  \/><\/p>\n<p id=\"caption-attachment-90169\" class=\"wp-caption-text\">Observatorio de la Tierra de la NASA\/Wanmei Liang, utilizando datos MODIS de NASA EOSDIS LANCE y GIBS\/Worldview.<\/p>\n<p>En el oc\u00e9ano \u00c1rtico, la primavera encendi\u00f3 un ne\u00f3n verde. Floraciones de fitoplancton, las plantas microsc\u00f3picas del mar, colorearon el Barents y el Chukchi. Los sensores de color del oc\u00e9ano miden clorofila y dejan ver la ebullici\u00f3n biol\u00f3gica que alimenta toda la cadena tr\u00f3fica. Estas im\u00e1genes son tambi\u00e9n term\u00f3metros ecol\u00f3gicos, porque la extensi\u00f3n, la intensidad y el calendario de las floraciones cambian con la temperatura, el hielo y los nutrientes.<\/p>\n<p>Contaminaci\u00f3n atmosf\u00e9rica en Italia<br \/>\n<img loading=\"lazy\" decoding=\"async\" aria-describedby=\"caption-attachment-90172\" class=\"size-large wp-image-90172\" src=\"https:\/\/www.europesays.com\/es\/wp-content\/uploads\/2026\/01\/italy-haze-1024x693.webp.webp\" alt=\"C\u00e1mara externa de la NASA\/ISS\" width=\"1024\" height=\"693\" title=\"Las doce im\u00e1genes de sat\u00e9lites de la NASA que cuentan la historia de 2025 6\"  \/><\/p>\n<p id=\"caption-attachment-90172\" class=\"wp-caption-text\">C\u00e1mara externa de la NASA\/ISS<\/p>\n<p>Esta fotograf\u00eda tomada por la c\u00e1mara externa de la Estaci\u00f3n Espacial Internacional el 30 de abril de 2025 ofrece una vista oblicua que se extiende desde los Alpes hasta Sicilia, revelando capas de neblina industrial que se desplazan por la cuenca mediterr\u00e1nea.<\/p>\n<p>Gran parte de la niebla proviene del valle del Po, en el norte de Italia, y del valle del R\u00f3dano, en Francia, donde las monta\u00f1as circundantes atrapan los contaminantes. La niebla del valle del Po se desplaza cientos de kil\u00f3metros sobre el mar Adri\u00e1tico hacia Grecia. Los astronautas llevan d\u00e9cadas documentando este fen\u00f3meno atmosf\u00e9rico, lo que ofrece una perspectiva \u00fanica sobre c\u00f3mo la geograf\u00eda influye en la calidad del aire en el sur de Europa.<\/p>\n<p>El colapso de un glaciar sepulta un pueblo en Suiza<br \/>\n<img loading=\"lazy\" decoding=\"async\" aria-describedby=\"caption-attachment-90171\" class=\"size-large wp-image-90171\" src=\"https:\/\/www.europesays.com\/es\/wp-content\/uploads\/2026\/01\/swiss-slide-880x1024.webp.webp\" alt=\"Observatorio de la Tierra de la NASA\/Wanmei Liang, utilizando datos Landsat del Servicio Geol\u00f3gico de los Estados Unidos.\" width=\"880\" height=\"1024\" title=\"Las doce im\u00e1genes de sat\u00e9lites de la NASA que cuentan la historia de 2025 7\"  \/><\/p>\n<p id=\"caption-attachment-90171\" class=\"wp-caption-text\">Observatorio de la Tierra de la NASA\/Wanmei Liang, utilizando datos Landsat del Servicio Geol\u00f3gico de los Estados Unidos.<\/p>\n<p>Esta imagen del Landsat 9, tomada el 29 de mayo de 2025, muestra las secuelas del catastr\u00f3fico colapso del glaciar Birch en el valle suizo de L\u00f6tschental. Los escombros sepultaron la mayor parte del pueblo de Blatten, recorrieron 2,5 kil\u00f3metros por el valle y subieron 240 metros por la pared opuesta del valle antes de represar el r\u00edo Lonza y provocar una inundaci\u00f3n. Las autoridades comenzaron a evacuar a los residentes el 19 de mayo tras detectar inestabilidad. El 27 de mayo, el glaciar se desplazaba a una velocidad de 10 metros por d\u00eda. Los cient\u00edficos creen que la acumulaci\u00f3n de rocas en la parte superior del glaciar provoc\u00f3 el derretimiento de la base, lo que redujo la fricci\u00f3n y desencaden\u00f3 el colapso. El evento fue inusual en magnitud para los Alpes suizos.<\/p>\n<p>Una nevada muy poco habitual en Australia<br \/>\n<img loading=\"lazy\" decoding=\"async\" aria-describedby=\"caption-attachment-90170\" class=\"size-large wp-image-90170\" src=\"https:\/\/www.europesays.com\/es\/wp-content\/uploads\/2026\/01\/aussie-snow-864x1024.webp.webp\" alt=\"Observatorio Terrestre de la NASA\/Wanmei Liang, utilizando datos Landsat del Servicio Geol\u00f3gico de los Estados Unidos\" width=\"864\" height=\"1024\" title=\"Las doce im\u00e1genes de sat\u00e9lites de la NASA que cuentan la historia de 2025 8\"  \/><\/p>\n<p id=\"caption-attachment-90170\" class=\"wp-caption-text\">Observatorio Terrestre de la NASA\/Wanmei Liang, utilizando datos Landsat del Servicio Geol\u00f3gico de los Estados Unidos<\/p>\n<p>Esta imagen Landsat 8 del 3 de agosto de 2025 captura una rara capa de nieve en las mesetas del norte de Nueva Gales del Sur, la nevada m\u00e1s intensa en la regi\u00f3n desde mediados de la d\u00e9cada de 1980. Un potente sistema de bajas presiones trajo hasta 40 cent\u00edmetros de nieve a las tierras altas, mientras que en las zonas m\u00e1s bajas se registraron m\u00e1s de 100 mil\u00edmetros de lluvia. La tormenta dej\u00f3 veh\u00edculos varados, cerr\u00f3 autopistas y dej\u00f3 propiedades sin electricidad. Las inundaciones provocaron decenas de rescates en toda la regi\u00f3n.<\/p>\n<p>El Hurac\u00e1n Erin en el Atl\u00e1ntico<br \/>\n<img loading=\"lazy\" decoding=\"async\" aria-describedby=\"caption-attachment-90168\" class=\"size-large wp-image-90168\" src=\"https:\/\/www.europesays.com\/es\/wp-content\/uploads\/2026\/01\/hurricane-erin-1024x709.webp.webp\" alt=\"Observatorio de la Tierra de la NASA\/Wanmei Liang, utilizando datos MODIS de NASA EOSDIS LANCE y GIBS\/Worldview\" width=\"1024\" height=\"709\" title=\"Las doce im\u00e1genes de sat\u00e9lites de la NASA que cuentan la historia de 2025 9\"  \/><\/p>\n<p id=\"caption-attachment-90168\" class=\"wp-caption-text\">Observatorio de la Tierra de la NASA\/Wanmei Liang, utilizando datos MODIS de NASA EOSDIS LANCE y GIBS\/Worldview<\/p>\n<p>Esta imagen Terra MODIS del 18 de agosto de 2025 muestra al hurac\u00e1n Erin agitando el oc\u00e9ano Atl\u00e1ntico como el primer hurac\u00e1n de la temporada 2025. La tormenta se intensific\u00f3 r\u00e1pidamente, pasando de categor\u00eda 1 a categor\u00eda 5 en solo 24 horas, entre el 15 y el 16 de agosto, y alcanzando vientos m\u00e1ximos sostenidos de 257 km\/h. Erin se convirti\u00f3 en el 43\u00ba hurac\u00e1n del Atl\u00e1ntico en alcanzar la categor\u00eda 5 desde 1851, y el primero en hacerlo en esta ubicaci\u00f3n.<\/p>\n<p>Entre los factores que contribuyeron a su explosivo fortalecimiento se encuentran la ligera cizalladura del viento, una estructura compacta y las c\u00e1lidas temperaturas de la superficie del mar. Aunque Erin no toc\u00f3 tierra, caus\u00f3 m\u00e1s de 147.000 cortes de electricidad en Puerto Rico y provoc\u00f3 \u00f3rdenes de evacuaci\u00f3n en los Outer Banks de Carolina del Norte.<\/p>\n<p>Los fuegos devastan Canad\u00e1<br \/>\n<img loading=\"lazy\" decoding=\"async\" aria-describedby=\"caption-attachment-90177\" class=\"size-large wp-image-90177\" src=\"https:\/\/www.europesays.com\/es\/wp-content\/uploads\/2026\/01\/bc-wildfires-1024x1024.webp.webp\" alt=\"Observatorio de la Tierra de la NASA\/Michala Garrison, utilizando datos MODIS de NASA EOSDIS LANCE y GIBS\/Worldview\" width=\"1024\" height=\"1024\" title=\"Las doce im\u00e1genes de sat\u00e9lites de la NASA que cuentan la historia de 2025 10\"  \/><\/p>\n<p id=\"caption-attachment-90177\" class=\"wp-caption-text\">Observatorio de la Tierra de la NASA\/Michala Garrison, utilizando datos MODIS de NASA EOSDIS LANCE y GIBS\/Worldview<\/p>\n<p>Esta imagen Aqua MODIS del 2 de septiembre de 2025 captura densas columnas de humo que se elevan desde m\u00faltiples incendios forestales provocados por rayos en la regi\u00f3n de Cariboo, en Columbia Brit\u00e1nica. El incendio del lago Itcha quem\u00f3 aproximadamente 17.000 hect\u00e1reas (170 km\u00b2), mientras que el incendio de Beef Trail Creek consumi\u00f3 alrededor de 7.800 hect\u00e1reas (78 km\u00b2) y el incendio de Dusty Lake carboniz\u00f3 unas 2.800 hect\u00e1reas (28 km\u00b2). Se emitieron \u00f3rdenes de evacuaci\u00f3n para las comunidades circundantes.<\/p>\n<p>Las imponentes nubes piroc\u00famulos generadas por estos incendios pueden inyectar humo y part\u00edculas en la atm\u00f3sfera, donde pueden viajar miles de kil\u00f3metros y degradar la calidad del aire en regiones lejanas. Al final de la temporada, Columbia Brit\u00e1nica hab\u00eda quemado 732.000 hect\u00e1reas (7.320 km\u00b2), ligeramente por encima de la media de los \u00faltimos diez a\u00f1os. En general, Canad\u00e1 experiment\u00f3 una de las peores temporadas de incendios de su historia, solo superada por la de 2023.<\/p>\n<p>La frontera del desierto en China<br \/>\n<img loading=\"lazy\" decoding=\"async\" aria-describedby=\"caption-attachment-90179\" class=\"size-large wp-image-90179\" src=\"https:\/\/www.europesays.com\/es\/wp-content\/uploads\/2026\/01\/desert-intersection-781x1024.webp.webp\" alt=\"Observatorio Terrestre de la NASA\/Michala Garrison, utilizando datos Landsat del Servicio Geol\u00f3gico de los Estados Unidos\" width=\"781\" height=\"1024\" title=\"Las doce im\u00e1genes de sat\u00e9lites de la NASA que cuentan la historia de 2025 11\"  \/><\/p>\n<p id=\"caption-attachment-90179\" class=\"wp-caption-text\">Observatorio Terrestre de la NASA\/Michala Garrison, utilizando datos Landsat del Servicio Geol\u00f3gico de los Estados Unidos<\/p>\n<p>Esta imagen Landsat 9 del 11 de septiembre de 2025 revela una llamativa frontera geol\u00f3gica en la cuenca del Tarim, en China, donde la cordillera Mazartagh se encuentra con el r\u00edo Hotan. La cordillera, de 145 km de longitud, act\u00faa como una barrera natural, creando patrones de dunas distintivos a ambos lados.<\/p>\n<p>El Hotan es el \u00fanico r\u00edo alimentado por el deshielo glacial que mantiene un caudal suficiente para atravesar todo el desierto de Takla Makan. Durante siglos, esta regi\u00f3n fue una importante fuente de jade nefrita que se recolectaba a lo largo de la antigua Ruta de la Seda.<\/p>\n<p>Fuegos y contaminaci\u00f3n del aire en la India<br \/>\n<img loading=\"lazy\" decoding=\"async\" aria-describedby=\"caption-attachment-90178\" class=\"size-large wp-image-90178\" src=\"https:\/\/www.europesays.com\/es\/wp-content\/uploads\/2026\/01\/india-haze-1024x882.webp.webp\" alt=\"Observatorio de la Tierra de la NASA\/Michala Garrison, utilizando datos MODIS de NASA EOSDIS LANCE y GIBS\/Worldview.\" width=\"1024\" height=\"882\" title=\"Las doce im\u00e1genes de sat\u00e9lites de la NASA que cuentan la historia de 2025 12\"  \/><\/p>\n<p id=\"caption-attachment-90178\" class=\"wp-caption-text\">Observatorio de la Tierra de la NASA\/Michala Garrison, utilizando datos MODIS de NASA EOSDIS LANCE y GIBS\/Worldview.<\/p>\n<p>Esta imagen Aqua MODIS del 11 de noviembre de 2025 muestra una espesa niebla que cubre el norte de la India durante la temporada anual de quema de residuos agr\u00edcolas. Los agricultores de Punjab, Haryana y Uttar Pradesh queman los rastrojos de arroz entre octubre y diciembre para limpiar r\u00e1pidamente los campos antes de plantar trigo.<\/p>\n<p>Ese d\u00eda, la calidad del aire super\u00f3 los 400 puntos en el \u00edndice nacional de la India, lo que la sit\u00faa en la categor\u00eda de \u00abgrave\u00bb. Los cient\u00edficos han detectado un cambio en los patrones de quema: ahora los incendios alcanzan su punto \u00e1lgido entre las 4 y las 6 de la tarde, en lugar de entre la 1 y las 2 de la tarde como antes, lo que significa que los sistemas tradicionales de vigilancia por sat\u00e9lite pasan por alto muchos incendios. Las estimaciones sugieren que la quema de rastrojos contribuye entre el 40 % y el 70 % de la contaminaci\u00f3n por part\u00edculas en los d\u00edas de mayor intensidad.<\/p>\n<p>Estas 12 im\u00e1genes representan solo una peque\u00f1a parte de las miles de observaciones que realizan los sat\u00e9lites de la NASA cada a\u00f1o. Desde el seguimiento de los patrones clim\u00e1ticos hasta la vigilancia de los desastres naturales, esta perspectiva orbital ayuda a los cient\u00edficos a comprender los sistemas interconectados de la Tierra y proporciona datos fundamentales para los responsables de la toma de decisiones en todo el mundo. A medida que nuestro planeta sigue cambiando, estos ojos en el cielo siguen siendo herramientas esenciales para documentar y responder a los retos que se avecinan.<\/p>\n","protected":false},"excerpt":{"rendered":"Un a\u00f1o visto desde el espacio: incendios, r\u00edos atmosf\u00e9ricos, volcanes, polvo sahariano y floraciones oce\u00e1nicas dibujaron un planeta&hellip;\n","protected":false},"author":2,"featured_media":316964,"comment_status":"","ping_status":"","sticky":false,"template":"","format":"standard","meta":{"footnotes":""},"categories":[81],"tags":[119,123,124,25,24,117,121,122,23,118,120],"class_list":{"0":"post-316963","1":"post","2":"type-post","3":"status-publish","4":"format-standard","5":"has-post-thumbnail","7":"category-ciencia-y-tecnologia","8":"tag-ciencia","9":"tag-ciencia-y-tecnologia","10":"tag-cienciaytecnologia","11":"tag-es","12":"tag-espana","13":"tag-science","14":"tag-science-and-technology","15":"tag-scienceandtechnology","16":"tag-spain","17":"tag-technology","18":"tag-tecnologia"},"share_on_mastodon":{"url":"https:\/\/pubeurope.com\/@es\/115818753968663815","error":""},"_links":{"self":[{"href":"https:\/\/www.europesays.com\/es\/wp-json\/wp\/v2\/posts\/316963","targetHints":{"allow":["GET"]}}],"collection":[{"href":"https:\/\/www.europesays.com\/es\/wp-json\/wp\/v2\/posts"}],"about":[{"href":"https:\/\/www.europesays.com\/es\/wp-json\/wp\/v2\/types\/post"}],"author":[{"embeddable":true,"href":"https:\/\/www.europesays.com\/es\/wp-json\/wp\/v2\/users\/2"}],"replies":[{"embeddable":true,"href":"https:\/\/www.europesays.com\/es\/wp-json\/wp\/v2\/comments?post=316963"}],"version-history":[{"count":0,"href":"https:\/\/www.europesays.com\/es\/wp-json\/wp\/v2\/posts\/316963\/revisions"}],"wp:featuredmedia":[{"embeddable":true,"href":"https:\/\/www.europesays.com\/es\/wp-json\/wp\/v2\/media\/316964"}],"wp:attachment":[{"href":"https:\/\/www.europesays.com\/es\/wp-json\/wp\/v2\/media?parent=316963"}],"wp:term":[{"taxonomy":"category","embeddable":true,"href":"https:\/\/www.europesays.com\/es\/wp-json\/wp\/v2\/categories?post=316963"},{"taxonomy":"post_tag","embeddable":true,"href":"https:\/\/www.europesays.com\/es\/wp-json\/wp\/v2\/tags?post=316963"}],"curies":[{"name":"wp","href":"https:\/\/api.w.org\/{rel}","templated":true}]}}