{"id":316982,"date":"2026-01-01T08:12:19","date_gmt":"2026-01-01T08:12:19","guid":{"rendered":"https:\/\/www.europesays.com\/es\/316982\/"},"modified":"2026-01-01T08:12:19","modified_gmt":"2026-01-01T08:12:19","slug":"en-urgencias-hacemos-de-barrera-de-la-ansiedad-familiar","status":"publish","type":"post","link":"https:\/\/www.europesays.com\/es\/316982\/","title":{"rendered":"En urgencias hacemos de barrera de la ansiedad familiar"},"content":{"rendered":"<p>                                    <img decoding=\"async\" loading=\"lazy\" src=\"https:\/\/www.europesays.com\/es\/wp-content\/uploads\/2025\/09\/65f855a0d6aaa.jpeg\" alt=\"Carmen Tapia\" width=\"40\" height=\"40\" data-full-src=\"https:\/\/www.europesays.com\/es\/wp-content\/uploads\/2025\/09\/65f855a0d6aaa.jpeg\"\/><\/p>\n<p class=\"paragraph\">El asturiano Dar\u00edo Vald\u00e9s Rodr\u00edguez tiene 28 a\u00f1os y es pediatra residente de segundo curso en <a href=\"https:\/\/www.diariodeleon.es\/monograficos\/salud\/250529\/2049620\/maria-rodriguez-jefa-cirugia-pediatrica-leon-hemos-operado-5000-ninos-abrio-cirugia-pediatrica.html\" rel=\"nofollow noopener\" target=\"_blank\">Atenci\u00f3n Primaria y Urgencias del Hospital de Le\u00f3n<\/a>. En cada guardia de 24 horas atiende una media de treinta menores, la mayor\u00eda con s\u00edntomas que no son realmente una urgencia hospitalaria. Solo cuatro o cinco de los 120 ni\u00f1os y ni\u00f1as que se atienden los pediatras en un d\u00eda en el servicio necesitan ser ingresados por una enfermedad grave. \u00abLos pediatras de urgencias hacemos de barrera de la ansiedad familiar\u00bb, segura. Padres y madres preocupados que no encuentran otros medios sanitarios intermedios a los que recurrir cuando sus hijos enferman. \u00abCuando los padres acuden a urgencias es porque hay un d\u00e9cifit en Atenci\u00f3n Primaria, porque no pueden conseguir cita\u00bb.<\/p>\n<p class=\"paragraph\">La evidencia de que solo un bajo porcentaje de los menores que se atienden en urgencias tienen una enfermedad que requiere una <a href=\"https:\/\/www.diariodeleon.es\/sociedad\/240704\/1571778\/hospitalizacion-domicilio-pediatria-reto-medio-plazo.html\" rel=\"nofollow noopener\" target=\"_blank\">asistencia sanitaria urgente<\/a>, llev\u00f3 a este pediatra a abrir un canal divulgativo en redes sociales con consejos sencillos para despejar las dudas cotidianas que causan inquietud en las familias sobre la atenci\u00f3n de sus hijos. \u00abPediatra al d\u00eda\u00bb tiene ya 10.000 seguidos en Tik Tok, 2.500 en YouTube, 1.300 en Facebook y 300 en Instagram. La mayor\u00eda de las personas que recurren a sus v\u00eddeos son familias de Latinoam\u00e9rica. \u00abLas familias de Latinoam\u00e9rica no tienen una red de asistencia pedi\u00e1trica como en Espa\u00f1a y lo m\u00e1s seguro es que tengan el pediatra a m\u00e1s de 60 km de sus domicilios, por eso entran en mi canal que ofrezco consejos a los problemas cotidianos del cuidado del d\u00eda a d\u00eda de los beb\u00e9s, as\u00ed como lo que es importante y requiere una atenci\u00f3n inmediata\u00bb.<\/p>\n<p class=\"paragraph\">El s\u00edntoma de los beb\u00e9s que m\u00e1s alarma a las familias es la fiebre. El mayor riesgo lo tienen los beb\u00e9s reci\u00e9n nacidos. Un beb\u00e9 de menos de tres meses con cualquier d\u00e9cima de fiebre tiene que ser trasladado de inmediato al Hospital. \u00abLo normal es que el problema sea por un virus y se solucione con paracetamol y a casa. Con los ni\u00f1os mayores de tres a\u00f1os hay que ir al m\u00e9dico o a urgencias si no puede comer, presenta signos de deshidrataci\u00f3n, tiene fiebre por encima de los 38\u00ba durante cinco c\u00edas, tose o tiene dificultad respiratoria\u00bb.<\/p>\n<p class=\"paragraph\">Los padres aprovechan la visita al pediatra por dolor de garganta o de o\u00eddos para preguntar por otros asuntos como cu\u00e1ntas capas de ropa tiene que llevar un beb\u00e9, c\u00f3mo hacer los lavados nasales, c\u00f3mo combinar los anti t\u00e9rmicos o cuidados generales. \u00abPara resolver todas estas dudas he puesto en marcha este canal en redes sociales, con informaci\u00f3n profesional, ya que otro de los problemas que encuentro en las consultas es que hay demasiada \u00abinfoxicaci\u00f3n, mucha informaci\u00f3n con poca evidencia cient\u00edfica. Son recomendaciones que repetimos constantemente en las urgencias a preguntas que nos hacen los padres\u00bb.<\/p>\n<p class=\"paragraph\">Este pediatra de Le\u00f3n cuelga v\u00eddeos en sus distintos canales qu\u00e9 es el reflujo en beb\u00e9s y cu\u00e1ndo es algo normal y cu\u00e1ndo puede ser una se\u00f1al de alarma; los diez consejos b\u00e1sicos que hay que tener en cuenta para cuidar a un beb\u00e9 reci\u00e9n nacido, la mejor crema para utilizar para prevenir las irritaciones producidas en la piel por el uso del pa\u00f1al, trucos para que el beb\u00e9 duerma toda la noche y todo lo relacionado con el sue\u00f1o de los reci\u00e9n nacidos, la fiebre, los golpes en la cabeza, lactancia, el cuidado del pecho o la alimentaci\u00f3n. \u00abA veces lo m\u00e1s dif\u00edcil es saber cu\u00e1ndo preocuparse y cu\u00e1ndo no\u00bb. David Vald\u00e9s tiene consejos para todo y abre canales para interactuar con sus seguidores, que le plantean dudas y preguntas.<\/p>\n<p class=\"paragraph\">Los problemas respiratorios en invierno y los gastrointestinales en verano con las causas que m\u00e1s movilizan a los padres para llevar a sus hijos al m\u00e9dico de urgencias. \u00abLos pediatras m\u00e1s veteranos de urgencias con los que trabajamos nos dicen que hace unos a\u00f1os hab\u00eda m\u00e1s urgencias de ni\u00f1os y ni\u00f1as en invierno, pero ahora la tendencia es que se igualan con los que llegan en verano. La concienciaci\u00f3n de los padres con las vacunas ha ayudado a que desciendan los ingresos por infecciones respiratorias. Afortunadamente, los que son antivacunas son tan pocos que si llega alg\u00fan caso llama la atenci\u00f3n. Siempre pregunto si han vacunado a sus hijos de la gripe y la tendencia es que s\u00ed. Hay padres que no vacunan a sus hijos contra la gripe por desconocimiento, pero cuando les informas siempre se muestran a favor\u00bb.<\/p>\n","protected":false},"excerpt":{"rendered":"El asturiano Dar\u00edo Vald\u00e9s Rodr\u00edguez tiene 28 a\u00f1os y es pediatra residente de segundo curso en Atenci\u00f3n Primaria&hellip;\n","protected":false},"author":2,"featured_media":316983,"comment_status":"","ping_status":"","sticky":false,"template":"","format":"standard","meta":{"footnotes":""},"categories":[92],"tags":[31365,25,24,165,74087,2183,4108,17168,166,23],"class_list":{"0":"post-316982","1":"post","2":"type-post","3":"status-publish","4":"format-standard","5":"has-post-thumbnail","7":"category-salud","8":"tag-atencion-primaria","9":"tag-es","10":"tag-espana","11":"tag-health","12":"tag-hospital-de-leon","13":"tag-influencers","14":"tag-leon","15":"tag-pediatria","16":"tag-salud","17":"tag-spain"},"share_on_mastodon":{"url":"https:\/\/pubeurope.com\/@es\/115818839695881127","error":""},"_links":{"self":[{"href":"https:\/\/www.europesays.com\/es\/wp-json\/wp\/v2\/posts\/316982","targetHints":{"allow":["GET"]}}],"collection":[{"href":"https:\/\/www.europesays.com\/es\/wp-json\/wp\/v2\/posts"}],"about":[{"href":"https:\/\/www.europesays.com\/es\/wp-json\/wp\/v2\/types\/post"}],"author":[{"embeddable":true,"href":"https:\/\/www.europesays.com\/es\/wp-json\/wp\/v2\/users\/2"}],"replies":[{"embeddable":true,"href":"https:\/\/www.europesays.com\/es\/wp-json\/wp\/v2\/comments?post=316982"}],"version-history":[{"count":0,"href":"https:\/\/www.europesays.com\/es\/wp-json\/wp\/v2\/posts\/316982\/revisions"}],"wp:featuredmedia":[{"embeddable":true,"href":"https:\/\/www.europesays.com\/es\/wp-json\/wp\/v2\/media\/316983"}],"wp:attachment":[{"href":"https:\/\/www.europesays.com\/es\/wp-json\/wp\/v2\/media?parent=316982"}],"wp:term":[{"taxonomy":"category","embeddable":true,"href":"https:\/\/www.europesays.com\/es\/wp-json\/wp\/v2\/categories?post=316982"},{"taxonomy":"post_tag","embeddable":true,"href":"https:\/\/www.europesays.com\/es\/wp-json\/wp\/v2\/tags?post=316982"}],"curies":[{"name":"wp","href":"https:\/\/api.w.org\/{rel}","templated":true}]}}