{"id":316984,"date":"2026-01-01T08:13:07","date_gmt":"2026-01-01T08:13:07","guid":{"rendered":"https:\/\/www.europesays.com\/es\/316984\/"},"modified":"2026-01-01T08:13:07","modified_gmt":"2026-01-01T08:13:07","slug":"la-asistenta-y-otros-estrenos-que-inauguran-el-ano-en-la-cartelera-el-pais-expres","status":"publish","type":"post","link":"https:\/\/www.europesays.com\/es\/316984\/","title":{"rendered":"\u2018La asistenta\u2019 y otros estrenos que inauguran el a\u00f1o en la cartelera | El PA\u00cdS Expr\u00e9s"},"content":{"rendered":"<p><img fetchpriority=\"high\" decoding=\"auto\" class=\"_re  a_m-h\" height=\"414\"  width=\"414\"  src=\"https:\/\/www.europesays.com\/es\/wp-content\/uploads\/2026\/01\/XU6ERJCK4ZATNIHJAUGXAPQEZM.jpg\" loading=\"eager\"\/>Sydney Sweeney y Amanda Seyfried, en &#8216;La  asistenta&#8217;.<\/p>\n<p class=\"\">Enero siempre llega con un pie en el turr\u00f3n y otro intentando arrancar el a\u00f1o, y en la cartelera pasa algo parecido. Tradicionalmente es un mes flojo para las novedades, pero esta vez en el primer mes del a\u00f1o asoman t\u00edtulos con bastante m\u00e1s inter\u00e9s del habitual. <\/p>\n<ol>\n<li><b>La asistenta.<\/b> Dirigida por Paul Feig y protagonizada por Amanda Seyfried y Sydney Sweeney, esta adaptaci\u00f3n del \u00e9xito literario apuesta por el suspense, consciente de su condici\u00f3n de fen\u00f3meno popular. Est\u00e1 disponible en los cines desde este jueves. <\/li>\n<li><b>Rondallas<\/b>. Daniel S\u00e1nchez Ar\u00e9valo vuelve con una pel\u00edcula para sentirse bien, apoyada en el carisma de Javier Guti\u00e9rrez como hombre corriente. La historia se sit\u00faa en un pueblo gallego que intenta recomponerse tras un naufragio recurriendo a la m\u00fasica tradicional. Tambi\u00e9n estar\u00e1 disponible a partir de este jueves en los cines. <\/li>\n<li><b>Hamnet. <\/b>Chlo\u00e9 Zhao dirige esta adaptaci\u00f3n del celebrado libro que revisita la vida de Shakespeare desde el punto de vista de su esposa. Un drama con realismo m\u00e1gico, protagonizado por Jessie Buckley y Paul Dano. Podremos verla a partir del viernes 23 en salas.<\/li>\n<li><b>El mago de Kremlin.<\/b> Jude Law interpreta a un joven Vladimir Putin en una pel\u00edcula que explora los mecanismos del poder. Se estrenar\u00e1 el viernes 30 de enero en los cines. <\/li>\n<li><b>Melania.<\/b> Dirigido por Brett Ratner y producido ejecutivamente por Donald Trump, el documental sobre Melania Trump llega cargado de implicaciones pol\u00edticas e industriales. Una obra donde las ausencias pesan tanto como lo que se muestra. Disponible tambi\u00e9n a partir del viernes 30 de enero. <\/li>\n<\/ol>\n<p class=\"\"><a href=\"https:\/\/elpais.com\/cultura\/cine\/2026-01-01\/peliculas-sobre-putin-o-melania-trump-la-asistenta-hamnet-y-el-resto-del-cine-de-estreno-mas-esperado-de-enero.html\" target=\"_self\" rel=\"nofollow noopener\" title=\"https:\/\/elpais.com\/cultura\/cine\/2026-01-01\/peliculas-sobre-putin-o-melania-trump-la-asistenta-hamnet-y-el-resto-del-cine-de-estreno-mas-esperado-de-enero.html\">Si quieres saber m\u00e1s, puedes leer aqu\u00ed.<\/a><\/p>\n","protected":false},"excerpt":{"rendered":"Sydney Sweeney y Amanda Seyfried, en &#8216;La asistenta&#8217;. Enero siempre llega con un pie en el turr\u00f3n y&hellip;\n","protected":false},"author":2,"featured_media":316985,"comment_status":"","ping_status":"","sticky":false,"template":"","format":"standard","meta":{"footnotes":""},"categories":[91],"tags":[1014,1015,1013,177,9265,146,147,25,24,753,23],"class_list":{"0":"post-316984","1":"post","2":"type-post","3":"status-publish","4":"format-standard","5":"has-post-thumbnail","7":"category-entretenimiento","8":"tag-actores","9":"tag-actrices","10":"tag-cartelera","11":"tag-cine","12":"tag-directores-cine","13":"tag-entertainment","14":"tag-entretenimiento","15":"tag-es","16":"tag-espana","17":"tag-peliculas","18":"tag-spain"},"share_on_mastodon":{"url":"https:\/\/pubeurope.com\/@es\/115818844024114337","error":""},"_links":{"self":[{"href":"https:\/\/www.europesays.com\/es\/wp-json\/wp\/v2\/posts\/316984","targetHints":{"allow":["GET"]}}],"collection":[{"href":"https:\/\/www.europesays.com\/es\/wp-json\/wp\/v2\/posts"}],"about":[{"href":"https:\/\/www.europesays.com\/es\/wp-json\/wp\/v2\/types\/post"}],"author":[{"embeddable":true,"href":"https:\/\/www.europesays.com\/es\/wp-json\/wp\/v2\/users\/2"}],"replies":[{"embeddable":true,"href":"https:\/\/www.europesays.com\/es\/wp-json\/wp\/v2\/comments?post=316984"}],"version-history":[{"count":0,"href":"https:\/\/www.europesays.com\/es\/wp-json\/wp\/v2\/posts\/316984\/revisions"}],"wp:featuredmedia":[{"embeddable":true,"href":"https:\/\/www.europesays.com\/es\/wp-json\/wp\/v2\/media\/316985"}],"wp:attachment":[{"href":"https:\/\/www.europesays.com\/es\/wp-json\/wp\/v2\/media?parent=316984"}],"wp:term":[{"taxonomy":"category","embeddable":true,"href":"https:\/\/www.europesays.com\/es\/wp-json\/wp\/v2\/categories?post=316984"},{"taxonomy":"post_tag","embeddable":true,"href":"https:\/\/www.europesays.com\/es\/wp-json\/wp\/v2\/tags?post=316984"}],"curies":[{"name":"wp","href":"https:\/\/api.w.org\/{rel}","templated":true}]}}