{"id":316988,"date":"2026-01-01T08:15:10","date_gmt":"2026-01-01T08:15:10","guid":{"rendered":"https:\/\/www.europesays.com\/es\/316988\/"},"modified":"2026-01-01T08:15:10","modified_gmt":"2026-01-01T08:15:10","slug":"potencial-de-mas-del-20-para-siete-acciones-del-ibex-35-en-el-arranque-de-2026","status":"publish","type":"post","link":"https:\/\/www.europesays.com\/es\/316988\/","title":{"rendered":"Potencial de m\u00e1s del 20% para siete acciones del Ibex 35 en el arranque de 2026"},"content":{"rendered":"<p>    <img fetchpriority=\"high\" decoding=\"async\" src=\"data:image\/gif;base64,R0lGODlhAQABAIAAAAAAAP\/\/\/ywAAAAAAQABAAACAUwAOw==\" alt=\"Potencial de m\u00e1s del 20% para siete acciones del Ibex 35 en el arranque de 2026\" loading=\"eager\" height=\"582\" width=\"921\" class=\"yf-lglytj loader\"\/> Potencial de m\u00e1s del 20% para siete acciones del Ibex 35 en el arranque de 2026      <\/p>\n<p class=\"yf-7hmkaz\">Arranca 2026 tras un 2025 de r\u00e9cord que pocos analistas e inversores hab\u00edan esperado. El <a class=\"link \" href=\"https:\/\/www.estrategiasdeinversion.com\/cotizaciones\/indices\/ibex-35\" rel=\"nofollow noopener\" target=\"_blank\" data-ylk=\"slk:IBEX 35;elm:context_link;itc:0;sec:content-canvas\">IBEX 35<\/a> se anot\u00f3 una fuerte subida de casi un 50% en el a\u00f1o, la segunda m\u00e1s alta de la historia, s\u00f3lo superada por el 54,2% que se anot\u00f3 en el ya lejano 1993. En diciembre, el avance acumulado fue de casi un 6%, hasta unos m\u00e1ximos hist\u00f3ricos por encima de los 17.300 puntos. Pero en la Bolsa, como en cualquier otro aspecto de la vida, <strong>no se puede vivir del pasado<\/strong>. Y, como nunca sobra recordar, rentabilidades pasadas no aseguran rentabilidades futuras.<\/p>\n<p class=\"yf-7hmkaz\">Por ello, los inversores tendr\u00e1n que escudri\u00f1ar con meticulosidad las oportunidades que sigue ofreciendo el Ibex 35 para este a\u00f1o que comienza; y no son pocas, a juicio de los analistas fundamentales. A d\u00eda de hoy, <strong>23 de los 35 componentes del <\/strong><a class=\"link \" href=\"https:\/\/www.estrategiasdeinversion.com\/cotizaciones\/indices\/ibex-35\" rel=\"nofollow noopener\" target=\"_blank\" data-ylk=\"slk:IBEX 35;elm:context_link;itc:0;sec:content-canvas\">IBEX 35<\/a><strong> presentan un potencial alcista a 12 meses vista<\/strong>, seg\u00fan datos recopilados por Reuters. En 13 de ellos el potencial es de doble d\u00edgito, con <strong>7 teniendo por delante una subida de m\u00e1s de un 20%<\/strong> y 2 superando incluso el 40%.<\/p>\n<p>    <img decoding=\"async\" src=\"data:image\/gif;base64,R0lGODlhAQABAIAAAAAAAP\/\/\/ywAAAAAAQABAAACAUwAOw==\" alt=\"Potencial de m\u00e1s del 20% para siete acciones del Ibex 35 en el arranque de 2026\" loading=\"lazy\" height=\"371\" width=\"600\" class=\"yf-lglytj loader\"\/> Potencial de m\u00e1s del 20% para siete acciones del Ibex 35 en el arranque de 2026      <\/p>\n<p class=\"yf-7hmkaz\">El potencial m\u00e1s elevado de todo el \u00edndice es el que presenta <a class=\"link \" href=\"https:\/\/www.estrategiasdeinversion.com\/cotizaciones\/indices\/mercado-continuo\/cellnex\" rel=\"nofollow noopener\" target=\"_blank\" data-ylk=\"slk:Cellnex;elm:context_link;itc:0;sec:content-canvas\">Cellnex<\/a>, de <strong>un 45,3%<\/strong> hasta un precio objetivo medio que los analistas fundamentales sit\u00faan en 40,03 euros por acci\u00f3n, seg\u00fan los datos recopilados por Reuters. El valor se qued\u00f3 rezagado el a\u00f1o pasado en el <a class=\"link \" href=\"https:\/\/www.estrategiasdeinversion.com\/cotizaciones\/indices\/ibex-35\" rel=\"nofollow noopener\" target=\"_blank\" data-ylk=\"slk:IBEX 35;elm:context_link;itc:0;sec:content-canvas\">IBEX 35<\/a>, acumulando una ca\u00edda de casi un 10%, pero los expertos parecen confiar en su fortaleza a largo plazo.<\/p>\n<p class=\"yf-7hmkaz\">Un <strong>potencial de m\u00e1s del 44%<\/strong> presenta <a class=\"link \" href=\"https:\/\/www.estrategiasdeinversion.com\/cotizaciones\/indices\/mercado-continuo\/grifols-a\" rel=\"nofollow noopener\" target=\"_blank\" data-ylk=\"slk:Grifols;elm:context_link;itc:0;sec:content-canvas\">Grifols<\/a>, con el precio objetivo medio fijado en los 15,45 euros. A diferencia de Cellnex, lo cierto es que la compa\u00f1\u00eda de hemoderivados no tuvo un mal a\u00f1o en el parqu\u00e9. Si bien se qued\u00f3 lejos de los l\u00edderes del mercado, la subida acumulada en 2025 de un 18% fue bastante s\u00f3lida. Poco a poco, los inversores empiezan a dejar atr\u00e1s los l\u00edos sobre las cuentas de la compa\u00f1\u00eda que los lastraron en a\u00f1os anteriores, y los analistas esperan que la acci\u00f3n mantenga el rumbo en 2026.<\/p>\n<p class=\"yf-7hmkaz\">El tercer pelda\u00f1o del podio es para <a class=\"link \" href=\"https:\/\/www.estrategiasdeinversion.com\/cotizaciones\/indices\/mercado-continuo\/puig-brands-b\" rel=\"nofollow noopener\" target=\"_blank\" data-ylk=\"slk:Puig Brands;elm:context_link;itc:0;sec:content-canvas\">Puig Brands<\/a>, al que los analistas fundamentales dan un precio objetivo de consenso de 19,64 euros que est\u00e1 <strong>un 31,8% por encima<\/strong> de su cotizaci\u00f3n actual. La compa\u00f1\u00eda detr\u00e1s de los perfumes de Carolina Herrera ha vivido un via crucis desde que salt\u00f3 al mercado en mayo de 2024. Los t\u00edtulos salieron a cotizar entonces a un precio de 24,50 euros, y si bien los expertos no esperan que los recupere en el medio plazo, <a class=\"link \" href=\"https:\/\/www.estrategiasdeinversion.com\/actualidad\/noticias\/bolsa-espana\/tres-acciones-del-ibex-35-injustificablemente-n-875199\" rel=\"nofollow noopener\" target=\"_blank\" data-ylk=\"slk:s\u00ed creen que se encuentran injustificablemente baratos;elm:context_link;itc:0;sec:content-canvas\">s\u00ed creen que se encuentran injustificablemente baratos<\/a>.<\/p>\n<p>    <img decoding=\"async\" src=\"data:image\/gif;base64,R0lGODlhAQABAIAAAAAAAP\/\/\/ywAAAAAAQABAAACAUwAOw==\" alt=\"Potencial de m\u00e1s del 20% para siete acciones del Ibex 35 en el arranque de 2026\" loading=\"lazy\" height=\"371\" width=\"600\" class=\"yf-lglytj loader\"\/> Potencial de m\u00e1s del 20% para siete acciones del Ibex 35 en el arranque de 2026       <\/p>\n<p class=\"yf-7hmkaz\">Si se pone el foco en los mejores valores del <a class=\"link \" href=\"https:\/\/www.estrategiasdeinversion.com\/cotizaciones\/indices\/ibex-35\" rel=\"nofollow noopener\" target=\"_blank\" data-ylk=\"slk:IBEX 35;elm:context_link;itc:0;sec:content-canvas\">IBEX 35<\/a> en 2025, los analistas apuestan por la prudencia, si bien todav\u00eda hay alguna oportunidad. <a class=\"link \" href=\"https:\/\/www.estrategiasdeinversion.com\/cotizaciones\/indices\/mercado-continuo\/indra\" rel=\"nofollow noopener\" target=\"_blank\" data-ylk=\"slk:Indra;elm:context_link;itc:0;sec:content-canvas\">Indra<\/a>, por ejemplo, se dispar\u00f3 m\u00e1s de un 180% el a\u00f1o pasado al calor de los planes de los Gobiernos europeos (entre ellos el espa\u00f1ol) de impulsar el gasto en defensa, pero todav\u00eda presenta un <strong>potencial moderado de algo m\u00e1s del 6%<\/strong> hasta un precio objetivo de 51,36 euros que supondr\u00eda nuevos m\u00e1ximos hist\u00f3ricos.<\/p>\n","protected":false},"excerpt":{"rendered":"Potencial de m\u00e1s del 20% para siete acciones del Ibex 35 en el arranque de 2026 Arranca 2026&hellip;\n","protected":false},"author":2,"featured_media":283789,"comment_status":"","ping_status":"","sticky":false,"template":"","format":"standard","meta":{"footnotes":""},"categories":[80],"tags":[82,95,94,25,24,5222,37599,23],"class_list":{"0":"post-316988","1":"post","2":"type-post","3":"status-publish","4":"format-standard","5":"has-post-thumbnail","7":"category-economia","8":"tag-business","9":"tag-economia","10":"tag-economy","11":"tag-es","12":"tag-espana","13":"tag-ibex","14":"tag-precio-objetivo","15":"tag-spain"},"share_on_mastodon":{"url":"https:\/\/pubeurope.com\/@es\/115818851495330777","error":""},"_links":{"self":[{"href":"https:\/\/www.europesays.com\/es\/wp-json\/wp\/v2\/posts\/316988","targetHints":{"allow":["GET"]}}],"collection":[{"href":"https:\/\/www.europesays.com\/es\/wp-json\/wp\/v2\/posts"}],"about":[{"href":"https:\/\/www.europesays.com\/es\/wp-json\/wp\/v2\/types\/post"}],"author":[{"embeddable":true,"href":"https:\/\/www.europesays.com\/es\/wp-json\/wp\/v2\/users\/2"}],"replies":[{"embeddable":true,"href":"https:\/\/www.europesays.com\/es\/wp-json\/wp\/v2\/comments?post=316988"}],"version-history":[{"count":0,"href":"https:\/\/www.europesays.com\/es\/wp-json\/wp\/v2\/posts\/316988\/revisions"}],"wp:featuredmedia":[{"embeddable":true,"href":"https:\/\/www.europesays.com\/es\/wp-json\/wp\/v2\/media\/283789"}],"wp:attachment":[{"href":"https:\/\/www.europesays.com\/es\/wp-json\/wp\/v2\/media?parent=316988"}],"wp:term":[{"taxonomy":"category","embeddable":true,"href":"https:\/\/www.europesays.com\/es\/wp-json\/wp\/v2\/categories?post=316988"},{"taxonomy":"post_tag","embeddable":true,"href":"https:\/\/www.europesays.com\/es\/wp-json\/wp\/v2\/tags?post=316988"}],"curies":[{"name":"wp","href":"https:\/\/api.w.org\/{rel}","templated":true}]}}