{"id":316993,"date":"2026-01-01T08:26:13","date_gmt":"2026-01-01T08:26:13","guid":{"rendered":"https:\/\/www.europesays.com\/es\/316993\/"},"modified":"2026-01-01T08:26:13","modified_gmt":"2026-01-01T08:26:13","slug":"entrenamiento-a-puertas-abiertas-y-firmas-de-autografos-a-los-aficionados","status":"publish","type":"post","link":"https:\/\/www.europesays.com\/es\/316993\/","title":{"rendered":"Entrenamiento a puertas abiertas y firmas de aut\u00f3grafos a los aficionados"},"content":{"rendered":"<p class=\"ft-text\">El <a class=\"ft-link ft-link--decoration\" href=\"https:\/\/www.superdeporte.es\/valencia-basket\/\" target=\"_blank\" rel=\"nofollow noopener\"><strong>Valencia Basket<\/strong><\/a> es uno de los mejores equipos de Europa. Los datos est\u00e1n ah\u00ed&#8230; y los t\u00edtulos, tambi\u00e9n. Pero eso no quita que se trate de un club cercano al aficionado. Por ello, la entidad taronja ha decidido ofrecer a sus seguidores un entrenamiento de puertas abiertas que terminar\u00e1 con firma de aut\u00f3grafos.<\/p>\n<p>Entrenamiento, firmas&#8230; y p\u00f3ster<\/p>\n<p class=\"ft-text\">\u00bfCu\u00e1ndo? Pues el<strong> viernes 2 de enero, a partir de las 11:15, en la pista central de L&#8217;Alqueria del Basket<\/strong>. Las jugadoras del Valencia Basket estar\u00e1n encantadas de tener una sesi\u00f3n con p\u00fablico y poder atenderles despu\u00e9s. Adem\u00e1s de la jornada de entrenamiento navide\u00f1a de las de <a class=\"ft-link ft-link--decoration\" href=\"https:\/\/www.superdeporte.es\/tags\/ruben-burgos\/\" target=\"_blank\" rel=\"nofollow noopener\">Rub\u00e9n Burgos<\/a>, los asistentes podr\u00e1n llevarse un p\u00f3ster del equipo.<\/p>\n","protected":false},"excerpt":{"rendered":"El Valencia Basket es uno de los mejores equipos de Europa. Los datos est\u00e1n ah\u00ed&#8230; y los t\u00edtulos,&hellip;\n","protected":false},"author":2,"featured_media":316994,"comment_status":"","ping_status":"","sticky":false,"template":"","format":"standard","meta":{"footnotes":""},"categories":[269],"tags":[299,1918,298,168,8346,25,24,700,17043,23832,1421,17893,23,167,235,2916],"class_list":{"0":"post-316993","1":"post","2":"type-post","3":"status-publish","4":"format-standard","5":"has-post-thumbnail","7":"category-baloncesto","8":"tag-baloncesto","9":"tag-basket","10":"tag-basketball","11":"tag-deportes","12":"tag-entrenamiento","13":"tag-es","14":"tag-espana","15":"tag-europa","16":"tag-firmas","17":"tag-l","18":"tag-publico","19":"tag-ruben-burgos","20":"tag-spain","21":"tag-sports","22":"tag-valencia","23":"tag-valencia-basket"},"share_on_mastodon":{"url":"https:\/\/pubeurope.com\/@es\/115818894743976241","error":""},"_links":{"self":[{"href":"https:\/\/www.europesays.com\/es\/wp-json\/wp\/v2\/posts\/316993","targetHints":{"allow":["GET"]}}],"collection":[{"href":"https:\/\/www.europesays.com\/es\/wp-json\/wp\/v2\/posts"}],"about":[{"href":"https:\/\/www.europesays.com\/es\/wp-json\/wp\/v2\/types\/post"}],"author":[{"embeddable":true,"href":"https:\/\/www.europesays.com\/es\/wp-json\/wp\/v2\/users\/2"}],"replies":[{"embeddable":true,"href":"https:\/\/www.europesays.com\/es\/wp-json\/wp\/v2\/comments?post=316993"}],"version-history":[{"count":0,"href":"https:\/\/www.europesays.com\/es\/wp-json\/wp\/v2\/posts\/316993\/revisions"}],"wp:featuredmedia":[{"embeddable":true,"href":"https:\/\/www.europesays.com\/es\/wp-json\/wp\/v2\/media\/316994"}],"wp:attachment":[{"href":"https:\/\/www.europesays.com\/es\/wp-json\/wp\/v2\/media?parent=316993"}],"wp:term":[{"taxonomy":"category","embeddable":true,"href":"https:\/\/www.europesays.com\/es\/wp-json\/wp\/v2\/categories?post=316993"},{"taxonomy":"post_tag","embeddable":true,"href":"https:\/\/www.europesays.com\/es\/wp-json\/wp\/v2\/tags?post=316993"}],"curies":[{"name":"wp","href":"https:\/\/api.w.org\/{rel}","templated":true}]}}