{"id":316995,"date":"2026-01-01T08:27:12","date_gmt":"2026-01-01T08:27:12","guid":{"rendered":"https:\/\/www.europesays.com\/es\/316995\/"},"modified":"2026-01-01T08:27:12","modified_gmt":"2026-01-01T08:27:12","slug":"la-vuelta-a-casa-de-galvez","status":"publish","type":"post","link":"https:\/\/www.europesays.com\/es\/316995\/","title":{"rendered":"La vuelta a casa de G\u00e1lvez"},"content":{"rendered":"<p><a class=\"v-mdl-ath__fig-a\" href=\"https:\/\/www.ideal.es\/autor\/jose-ignacio-cejudo-1091.html\" title=\"Jos\u00e9 Ignacio Cejudo\" rel=\"nofollow noopener\" target=\"_blank\"><br \/>\n<img decoding=\"async\" class=\"v-mdl-ath__img\" src=\"https:\/\/www.europesays.com\/es\/wp-content\/uploads\/2025\/08\/1756359791_741_autor-1091-foto-16.jpeg\" alt=\"Jos\u00e9 Ignacio Cejudo\"\/><br \/>\n<\/a><\/p>\n<p class=\"v-mdl-ath__p v-mdl-ath__p--6\">\nMi\u00e9rcoles, 31 de diciembre 2025, 16:18<\/p>\n<p class=\"v-p\">Catorce clubes despu\u00e9s, \u00c1lex G\u00e1lvez (Granada, 1989) decidi\u00f3 volver a casa hace ahora un a\u00f1o tras rescindir su contrato con el Recreativo de Huelva en Primera RFEF. No era ni un adolescente cuando sali\u00f3 a probar suerte a la cantera del Albacete y ahora, y tras competir en Primera divisi\u00f3n con el Rayo o el Eibar, sigue disfrutando del f\u00fatbol pero en la quinta categor\u00eda nacional con el Arenas de Armilla. \u00abNo me retir\u00e9, como se dijo; a\u00fan me quedaba el gusanillo de jugar pero cerca de mi familia\u00bb, comparte con IDEAL como l\u00edder de la defensa del equipo que dirige Jorge Molina y que se ha pasado casi toda la primera vuelta del campeonato en &#8216;play off&#8217; de ascenso con el objetivo de subir.<\/p>\n<p class=\"v-p\">\u00abLa verdad es que estoy muy contento; me lo estoy pasando bien\u00bb, reconoce G\u00e1lvez, que declin\u00f3 ofertas de Primera RFEF incluso para jugar en el Arenas. La calidad tanto humana como profesional que Jorge Molina, su cuerpo t\u00e9cnico y la plantilla vienen ofreci\u00e9ndole est\u00e1 sac\u00e1ndole el regusto amargo que le dejaron sus \u00faltimos meses en Huelva. \u00abEs el club decano del f\u00fatbol espa\u00f1ol y quiz\u00e1s por ello demasiado exigente tambi\u00e9n, unas veces con raz\u00f3n y otras sin ella; est\u00e1 en pleno proceso de reconstrucci\u00f3n despu\u00e9s de muchos problemas econ\u00f3micos y administrativos y dej\u00e9 de sentirme c\u00f3modo\u00bb, justifica.<\/p>\n<p class=\"v-p\">\u00abVen\u00edamos de hacer una buena temporada pese a tener uno de los presupuestos m\u00e1s bajos del grupo, y de hecho nos quedamos a las puertas del &#8216;play off&#8217; al perder precisamente en Los C\u00e1rmenes con el Recreativo, y Abel G\u00f3mez me ofreci\u00f3 renovar pero ya por oto\u00f1o empec\u00e9 a sentirme agotado mentalmente y decid\u00ed salir y volver a casa\u00bb, abunda el futbolista granadino. Ya por entonces ten\u00eda decidido orientarse hacia la que tiene \u00abcasi al 100% decidido\u00bb que sea su pr\u00f3xima faceta en el f\u00fatbol, la de entrenador, pero Jorge Molina le convenci\u00f3 para seguir.<\/p>\n<p class=\"v-p\">\u00abYa sab\u00eda que Jorge era una persona fant\u00e1stica de enfrentarnos y tener amigos en com\u00fan y coincidir y est\u00e1 sorprendi\u00e9ndome con todos los conceptos tanto t\u00e9cnicos como t\u00e1cticos que tiene aunque todav\u00eda est\u00e9 empezando como entrenador aunque tampoco esperase menos por todos sus a\u00f1os en la \u00e9lite como futbolista\u00bb, esgrime G\u00e1lvez. \u00abTenerle como t\u00e9cnico fue un aliciente, como la din\u00e1mica de entrenamientos por la ma\u00f1ana, y la verdad es que formamos un equipo muy curioso que est\u00e1 compitiendo de forma excepcional\u00bb, subraya.<\/p>\n<p class=\"v-p\">\u00abSabemos que el club hizo un equipo para subir y creo que estamos respondiendo bien. Tuvimos un peque\u00f1o baj\u00f3n, con algunas lesiones, pero tenemos muchas ganas de retomar la competici\u00f3n y mantener la buena din\u00e1mica\u00bb, se congratula el central, que est\u00e1 disfrutando particularmente de los derbis \u00abdespu\u00e9s de tantos a\u00f1os\u00bb. \u00abEs bonito tener tantos equipos de la provincia en la categor\u00eda, con chicos de muy buen nivel; se agradece\u00bb, celebra, aunque uno de ellos sea el filial del Granada tras dos descensos. \u00abMe sent\u00ed extra\u00f1o al jugar en la Ciudad Deportiva contra tantos chavales\u00bb, bromea.<\/p>\n<p class=\"v-p\">G\u00e1lvez viene formando pareja con un canterano del Granada como Diego L\u00f3pez. \u00abCreo que mereci\u00f3 una oportunidad m\u00e1s all\u00ed porque me parece un futbolista espectacular para su edad y las lesiones que tuvo. Est\u00e1 demostrando que tiene unas condiciones f\u00edsicas y t\u00e9cnicas excepcionales, y que solamente est\u00e1 jugando en esta categor\u00eda para recuperar la confianza y volver a dar un salto. Creo que va a durar poco en el Arenas, la verdad\u00bb, rese\u00f1a con una sonrisa.<\/p>\n<p>\u00abMe siento afortunado\u00bb<\/p>\n<p class=\"v-p\">El granadino echa la vista atr\u00e1s con frecuencia ahora que juega en Tercera RFEF. \u00abMis compa\u00f1eros me preguntan mucho por mi carrera pero respeto mucho a los jugadores con los que compito ahora. Como profesional, siempre me sent\u00ed diferente a los dem\u00e1s en cuanto a que tuve que pasar por muchos momentos malos , como cuando estuve diez jornadas sin ir convocado en la cantera del Villarreal, y ahora veo que mereci\u00f3 la pena tanto esfuerzo. El otro d\u00eda vi que solo un 4% de los futbolistas llegan a profesionales y me siento afortunado, aunque yo mismo me buscara mis oportunidades con mucho sacrificio\u00bb, reivindica.<\/p>\n<p class=\"v-p\">Entre sus momentos m\u00e1s especiales recuerda el debut en Primera divisi\u00f3n con el Sporting o sus a\u00f1os con Paco J\u00e9mez en el Rayo Vallecano. \u00abFue el entrenador que m\u00e1s me marc\u00f3 porque fue con el que m\u00e1s coincid\u00ed pero tambi\u00e9n el que m\u00e1s me ense\u00f1\u00f3. Ten\u00eda una personalidad espectacular para no casarse con nadie y poner siempre a quien mejor entrenase, y quer\u00eda que sus equipos tuvieran la pelota y presionaran arriba\u00bb, apunta. Tambi\u00e9n disfrut\u00f3 de sus a\u00f1os en el extranjero, tanto en el Werder Bremen alem\u00e1n como en Catar.<\/p>\n<p class=\"v-p\">A G\u00e1lvez le apena ver al Granada sufrir en Segunda divisi\u00f3n. \u00abVi muchos partidos en Segunda B durante la presidencia de mi abuelo, Jimena, y lo sufr\u00ed mucho. El club merece estar en Primera o pelear por ascender\u00bb, enfatiza. Mantiene la confianza, eso s\u00ed, en Pacheta: \u00abEs un entrenador con mucha experiencia y siempre hizo un buen trabajo all\u00ed donde estuvo. Ojal\u00e1 pueda meter al equipo arriba durante la segunda vuelta\u00bb.<\/p>\n<p class=\"v-p\">A falta de decidir si seguir\u00e1 o no jugando la temporada que viene en el Arenas, lo \u00fanico que tiene claro es que en mayo ser\u00e1 padre de mellizas. \u00abSer\u00e1 interesante si jugamos el &#8216;play off&#8217;\u00bb, bromea G\u00e1lvez.<\/p>\n<p>Reporta un error<\/p>\n<p class=\"v-crt__t\"> L\u00edmite de sesiones alcanzadas<\/p>\n<p class=\"v-crt__p\">El acceso al contenido Premium est\u00e1 abierto por cortes\u00eda del establecimiento donde te encuentras, pero ahora mismo hay demasiados usuarios conectados a las vez.<\/p>\n<p class=\"v-crt__p\">Por favor, int\u00e9ntalo pasados unos minutos.<\/p>\n<p>\nVolver a intentar\n<\/p>\n<p class=\"v-crt__t\">Sesi\u00f3n cerrada<\/p>\n<p class=\"v-crt__p\">Al iniciar sesi\u00f3n desde un dispositivo distinto, por seguridad, se cerr\u00f3 la \u00faltima sesi\u00f3n en este.<\/p>\n<p class=\"v-crt__p\">Para continuar disfrutando de su suscripci\u00f3n digital, inicie sesi\u00f3n en este dispositivo.<\/p>\n<p>\nEste contenido es exclusivo para suscriptores\n<\/p>\n<p class=\"text\">\u00bfTienes una suscripci\u00f3n? <a href=\"https:\/\/secure.ideal.es\/identidad\/inicio#vca=suscribete&amp;vso=ideal&amp;vmc=on&amp;vli=cdn-ce-link-login\" class=\"login\" data-voc-vtm-id=\"comienzoSuscripcionON\" data-voc-vtm-info=\"cdn-ce-link-login\" rel=\"nofollow noopener\" target=\"_blank\">Inicia sesi\u00f3n<\/a><\/p>\n","protected":false},"excerpt":{"rendered":"Mi\u00e9rcoles, 31 de diciembre 2025, 16:18 Catorce clubes despu\u00e9s, \u00c1lex G\u00e1lvez (Granada, 1989) decidi\u00f3 volver a casa hace&hellip;\n","protected":false},"author":2,"featured_media":316996,"comment_status":"","ping_status":"","sticky":false,"template":"","format":"standard","meta":{"footnotes":""},"categories":[268],"tags":[385,168,25,24,280,282,14702,281,23,167,1357],"class_list":{"0":"post-316995","1":"post","2":"type-post","3":"status-publish","4":"format-standard","5":"has-post-thumbnail","7":"category-futbol","8":"tag-casa","9":"tag-deportes","10":"tag-es","11":"tag-espana","12":"tag-football","13":"tag-futbol","14":"tag-galvez","15":"tag-soccer","16":"tag-spain","17":"tag-sports","18":"tag-vuelta"},"share_on_mastodon":{"url":"https:\/\/pubeurope.com\/@es\/115818898662531348","error":""},"_links":{"self":[{"href":"https:\/\/www.europesays.com\/es\/wp-json\/wp\/v2\/posts\/316995","targetHints":{"allow":["GET"]}}],"collection":[{"href":"https:\/\/www.europesays.com\/es\/wp-json\/wp\/v2\/posts"}],"about":[{"href":"https:\/\/www.europesays.com\/es\/wp-json\/wp\/v2\/types\/post"}],"author":[{"embeddable":true,"href":"https:\/\/www.europesays.com\/es\/wp-json\/wp\/v2\/users\/2"}],"replies":[{"embeddable":true,"href":"https:\/\/www.europesays.com\/es\/wp-json\/wp\/v2\/comments?post=316995"}],"version-history":[{"count":0,"href":"https:\/\/www.europesays.com\/es\/wp-json\/wp\/v2\/posts\/316995\/revisions"}],"wp:featuredmedia":[{"embeddable":true,"href":"https:\/\/www.europesays.com\/es\/wp-json\/wp\/v2\/media\/316996"}],"wp:attachment":[{"href":"https:\/\/www.europesays.com\/es\/wp-json\/wp\/v2\/media?parent=316995"}],"wp:term":[{"taxonomy":"category","embeddable":true,"href":"https:\/\/www.europesays.com\/es\/wp-json\/wp\/v2\/categories?post=316995"},{"taxonomy":"post_tag","embeddable":true,"href":"https:\/\/www.europesays.com\/es\/wp-json\/wp\/v2\/tags?post=316995"}],"curies":[{"name":"wp","href":"https:\/\/api.w.org\/{rel}","templated":true}]}}