{"id":317001,"date":"2026-01-01T08:31:07","date_gmt":"2026-01-01T08:31:07","guid":{"rendered":"https:\/\/www.europesays.com\/es\/317001\/"},"modified":"2026-01-01T08:31:07","modified_gmt":"2026-01-01T08:31:07","slug":"la-casa-de-los-gemelos-arrasa-con-una-retransmision-de-campanadas-en-la-que-no-han-faltado-gritos-insultos-y-golpes","status":"publish","type":"post","link":"https:\/\/www.europesays.com\/es\/317001\/","title":{"rendered":"&#8216;La casa de los gemelos&#8217; arrasa con una retransmisi\u00f3n de Campanadas en la que no han faltado gritos, insultos y golpes"},"content":{"rendered":"<p class=\"c-paragraph\">Aunque 2025 ha sido un a\u00f1o televisivo ajetreado, el programa m\u00e1s pol\u00e9mico no ha tenido lugar en la televisi\u00f3n en abierto sino en <a href=\"https:\/\/www.20minutos.es\/tags\/temas\/youtube.html\" title=\"YouTube\" rel=\"nofollow noopener\" target=\"_blank\">YouTube<\/a>. <b>La casa de los Gemelos<\/b>, una especie de Gran Hermano organizado por dos famosos youtubers, ha levantado un tremendo revuelo. Sus contenidos extremos han logrado incluso que Antena 3 y Telecinco, desde sus respectivos telediarios, hayan denunciado el reality.<\/p>\n<p class=\"c-paragraph\">El colof\u00f3n de la segunda edici\u00f3n del concurso, que se ha emitido inmediatamente despu\u00e9s de la primera, <b>ha tenido lugar en la retransmisi\u00f3n de <a href=\"https:\/\/www.20minutos.es\/tags\/temas\/campanadas.html\" title=\"Campanadas\" rel=\"nofollow noopener\" target=\"_blank\">las Campanadas<\/a>.<\/b> Aunque los \u00faltimos incidentes (<a href=\"https:\/\/www.20minutos.es\/television\/prenden-fuego-dentro-casa-los-gemelos-2-seguridad-tiene-que-entrar-extinguirlo-casi-se-muere-una-persona_6916023_0.html\" title=\"Prenden fuego dentro de &#039;La casa de los Gemelos 2&#039; y la seguridad tiene que entrar a extinguirlo: &quot;Casi se muere una persona&quot;\" rel=\"nofollow noopener\" target=\"_blank\">un incendio dentro de la casa<\/a>\u00a0y <a href=\"https:\/\/www.20minutos.es\/television\/final-casa-los-gemelos-2-antes-dar-las-campanadas-desde-puerta-sol-nos-ha-llamado-policia-nos-vamos-rotos_6916270_0.html\" title=\"El final de &#039;La casa de los gemelos 2&#039; antes de dar las Campanadas desde la Puerta del Sol: &quot;Nos ha llamado la Polic\u00eda, nos vamos rotos&quot;\" rel=\"nofollow noopener\" target=\"_blank\">la intervenci\u00f3n de la Polic\u00eda<\/a>) hab\u00edan puesto en peligro este cierre del programa, finalmente s\u00ed ha sido posible la emisi\u00f3n.<\/p>\n<p class=\"c-paragraph\">Los organizadores del programa y todos los concursantes se han reunido <b>en un balc\u00f3n de la Puerta del Sol<\/b>, muy cerca de otro en el que estaba <a href=\"https:\/\/www.20minutos.es\/tags\/personas\/cristina-pedroche.html\" title=\"Cristina Pedroche\" rel=\"nofollow noopener\" target=\"_blank\">Cristina Pedroche<\/a> y <a href=\"https:\/\/www.20minutos.es\/tags\/personas\/alberto-chicote.html\" title=\"Alberto Chicote\" rel=\"nofollow noopener\" target=\"_blank\">Alberto Chicote<\/a>.<\/p>\n<p class=\"c-paragraph\">All\u00ed, con la mismo <b>caos e irreverencia<\/b> del que han hecho gala en el programa, han hecho bromas, han bailado, han re\u00eddo y, aunque ha imperado el buen rollo, tambi\u00e9n <b>ha acabado habiendo un enfrentamiento<\/b>\u00a0en el que ha habido gritos, insultos y golpes.<\/p>\n<p class=\"c-paragraph\">El encontronazo ha durado poco y finalmente todos <b>han podido comerse las uvas<\/b> al son de las campanadas, con plano previo de Pedroche y Chicote incluido.<\/p>\n<p class=\"c-paragraph\">Despu\u00e9s ha llegado el gran momento de La casa de los gemelos 2, la proclamaci\u00f3n del ganador o ganadora, <b>un premio que ha ido a parar a La Marrash.<\/b> Su emoci\u00f3n como ganadora ha contrastado con la actitud de La Falete, claramente triste por no haber sido ella la triunfadora.<\/p>\n<p class=\"c-paragraph\">La retransmisi\u00f3n de estas Campanadas ha seguido la l\u00ednea de \u00e9xito del reaility y ha logrado reunir a <b>m\u00e1s de 2 millones de espectadores<\/b> a trav\u00e9s de YouTube,<\/p>\n","protected":false},"excerpt":{"rendered":"Aunque 2025 ha sido un a\u00f1o televisivo ajetreado, el programa m\u00e1s pol\u00e9mico no ha tenido lugar en la&hellip;\n","protected":false},"author":2,"featured_media":317002,"comment_status":"","ping_status":"","sticky":false,"template":"","format":"standard","meta":{"footnotes":""},"categories":[171],"tags":[7200,385,24171,146,147,25,24,67967,4417,23,214],"class_list":{"0":"post-317001","1":"post","2":"type-post","3":"status-publish","4":"format-standard","5":"has-post-thumbnail","7":"category-tv","8":"tag-arrasa","9":"tag-casa","10":"tag-con","11":"tag-entertainment","12":"tag-entretenimiento","13":"tag-es","14":"tag-espana","15":"tag-gemelos","16":"tag-los","17":"tag-spain","18":"tag-tv"},"share_on_mastodon":{"url":"https:\/\/pubeurope.com\/@es\/115818914295434378","error":""},"_links":{"self":[{"href":"https:\/\/www.europesays.com\/es\/wp-json\/wp\/v2\/posts\/317001","targetHints":{"allow":["GET"]}}],"collection":[{"href":"https:\/\/www.europesays.com\/es\/wp-json\/wp\/v2\/posts"}],"about":[{"href":"https:\/\/www.europesays.com\/es\/wp-json\/wp\/v2\/types\/post"}],"author":[{"embeddable":true,"href":"https:\/\/www.europesays.com\/es\/wp-json\/wp\/v2\/users\/2"}],"replies":[{"embeddable":true,"href":"https:\/\/www.europesays.com\/es\/wp-json\/wp\/v2\/comments?post=317001"}],"version-history":[{"count":0,"href":"https:\/\/www.europesays.com\/es\/wp-json\/wp\/v2\/posts\/317001\/revisions"}],"wp:featuredmedia":[{"embeddable":true,"href":"https:\/\/www.europesays.com\/es\/wp-json\/wp\/v2\/media\/317002"}],"wp:attachment":[{"href":"https:\/\/www.europesays.com\/es\/wp-json\/wp\/v2\/media?parent=317001"}],"wp:term":[{"taxonomy":"category","embeddable":true,"href":"https:\/\/www.europesays.com\/es\/wp-json\/wp\/v2\/categories?post=317001"},{"taxonomy":"post_tag","embeddable":true,"href":"https:\/\/www.europesays.com\/es\/wp-json\/wp\/v2\/tags?post=317001"}],"curies":[{"name":"wp","href":"https:\/\/api.w.org\/{rel}","templated":true}]}}