{"id":317026,"date":"2026-01-01T08:54:08","date_gmt":"2026-01-01T08:54:08","guid":{"rendered":"https:\/\/www.europesays.com\/es\/317026\/"},"modified":"2026-01-01T08:54:08","modified_gmt":"2026-01-01T08:54:08","slug":"deja-de-emitir-en-la-tdt-despues-de-mas-de-13-anos-en-emision","status":"publish","type":"post","link":"https:\/\/www.europesays.com\/es\/317026\/","title":{"rendered":"deja de emitir en la TDT despu\u00e9s de m\u00e1s de 13 a\u00f1os en emisi\u00f3n"},"content":{"rendered":"<p style=\"\">La llegada de 2026 ha supuesto algo m\u00e1s que un simple cambio de a\u00f1o, ya que trae consigo una <strong>sacudida importante en la parrilla de la Televisi\u00f3n Digital Terrestre (DGT)<\/strong>. Tras m\u00e1s de 13 a\u00f1os en emisi\u00f3n, <strong>Paramount Network<\/strong><a href=\"https:\/\/www.abc.es\/play\/paramount-network-dejara-emitir-tdt-espana-finales-20251022153331-nt.html?ref=https%3A%2F%2Fwww.abc.es%2Fplay%2Fparamount-network-dejara-emitir-tdt-espana-finales-20251022153331-nt.html\" title=\"www.abc.es\" data-voc-vtm-id=\"in-text-traffic\" data-mrf-link=\"www.abc.es\" rel=\"nofollow noopener\" target=\"_blank\"> ha dejado de emitir<\/a>,  &#8230; marcando el final de una etapa reconocible para los amantes del cine y las series cl\u00e1sicas en abierto.<\/p>\n<p class=\"voc-p\" style=\"\">El desembarco de Paramount Network en la TDT espa\u00f1ola se produjo el <strong>30 de marzo de 2012<\/strong>. Lo hizo tomando el relevo del hueco que hab\u00eda dejado <strong>La 10 de Vocento<\/strong> y bajo el nombre de <strong>Paramount Channel<\/strong>. No fue hasta 2018 cuando adopt\u00f3 su denominaci\u00f3n actual, aunque para la mayor\u00eda de espectadores ha sido siempre &#8216;Paramount&#8217;.<\/p>\n<p class=\"voc-p\" style=\"\">A lo largo de su trayectoria, el canal ha ofrecido un <strong>amplio cat\u00e1logo de pel\u00edculas y series<\/strong>, convirti\u00e9ndose en un referente para los amantes de los contenidos cl\u00e1sicos y populares. Por ello, va a ser muy extra\u00f1ado tras su desaparici\u00f3n.<\/p>\n<p>\nEl legado de Paramount se muda al streaming\n<\/p>\n<p class=\"voc-p\" style=\"\">Paramount Espa\u00f1a ha confirmado en un comunicado que todo el contenido de cine y series del canal se trasladar\u00e1 a <strong>Pluto TV<\/strong>, su plataforma FAST (televisi\u00f3n por internet gratuita con anuncios), una de las grandes apuestas estrat\u00e9gicas del grupo. <\/p>\n<p class=\"voc-p\" style=\"\">All\u00ed contar\u00e1 con un canal en directo que emitir\u00e1 t\u00edtulos como &#8216;Constance Meyer: Jueza en pr\u00e1cticas&#8217;, &#8216;Los asesinatos de Midsomer&#8217; o &#8216;Poirot &amp; Miss Marple&#8217;, adem\u00e1s de bloques de <strong>cine tem\u00e1ticos cada noche<\/strong>. A esta oferta se sumar\u00e1, a partir del 9 de diciembre, un <strong>canal exclusivo dedicado a &#8216;Cheers&#8217;<\/strong>.<\/p>\n<p class=\"voc-p\" style=\"\">Los datos reflejan el contexto del cambio: Paramount Network cerr\u00f3 2024 con una cuota media del 1,5%, que descendi\u00f3 al 1,1% en noviembre, seg\u00fan Barlovento. <\/p>\n<p class=\"voc-p\" style=\"\">Aun as\u00ed, deja un legado relevante: ser el<strong> primer canal que estren\u00f3 en Espa\u00f1a &#8216;Yellowstone&#8217;<\/strong>, la serie espa\u00f1ola &#8216;Atrapa a un ladr\u00f3n&#8217; o la miniserie &#8216;Waco&#8217;, adem\u00e1s de formatos propios como &#8216;MovieBerto&#8217;, &#8216;Peliculeros&#8217; o &#8216;Fotogramas TV&#8217;.<\/p>\n<p>\nSquirrel, una marca que crece\n<\/p>\n<p class=\"voc-p\" style=\"\">El lugar de Paramount Network en la TDT espa\u00f1ola lo ocupar\u00e1 <strong>Squirrel 2<\/strong>, un nuevo canal del mismo grupo que ya opera Squirrel, la cadena que hace unos meses tom\u00f3 el relevo de Disney Channel. <\/p>\n<p class=\"voc-p\" style=\"\">Ser\u00e1 el segundo canal en abierto de la compa\u00f1\u00eda y comienza a emitirse este 1 de enero de 2026, ocupando exactamente la <strong>misma frecuencia que deja vacante Paramount Network<\/strong>. Esto significa que <strong>los espectadores no tendr\u00e1n que resintonizar sus televisores<\/strong>.<\/p>\n<p class=\"voc-p\" style=\"\">La nueva se\u00f1al contar\u00e1 con <strong>cobertura nacional gratuita<\/strong> y \u00abofrecer\u00e1 una oferta de entretenimiento centrada en <strong>contenidos de ficci\u00f3n de m\u00e1ximo nivel<\/strong>\u00bb, <a href=\"https:\/\/www.cnmv.es\/webservices\/verdocumento\/ver?t=%7Bc026cd60-1039-4764-99b5-bdb509b36471%7D\" title=\"www.cnmv.es\" data-voc-vtm-id=\"in-text-traffic\" data-mrf-link=\"www.cnmv.es\" rel=\"nofollow noopener\" target=\"_blank\">explica la Comisi\u00f3n Nacional del Mercado de Valores (CNMV)<\/a>. \u00abAsimismo, el canal ser\u00e1 <strong>distribuido en las principales plataformas de televisi\u00f3n<\/strong> del pa\u00eds, ampliando as\u00ed su alcance y disponibilidad\u00bb, a\u00f1ade.<\/p>\n<p class=\"voc-p\" style=\"\">La reorganizaci\u00f3n no termina ah\u00ed, pues, seg\u00fan adelant\u00f3 El Confidencial, <strong>el canal BOMCine pasar\u00e1 a llamarse Squirrel 3<\/strong>, completando as\u00ed una estructura de tres canales bajo la misma marca y con una segmentaci\u00f3n m\u00e1s clara de contenidos. <\/p>\n<p class=\"voc-p\" style=\"\">Eso s\u00ed, su cobertura seguir\u00e1 siendo limitada al emitirse a trav\u00e9s del <strong>M\u00faltiplex Auton\u00f3mico<\/strong>, presente en comunidades como Madrid, Valencia, Andaluc\u00eda o Murcia.<\/p>\n","protected":false},"excerpt":{"rendered":"La llegada de 2026 ha supuesto algo m\u00e1s que un simple cambio de a\u00f1o, ya que trae consigo&hellip;\n","protected":false},"author":2,"featured_media":317027,"comment_status":"","ping_status":"","sticky":false,"template":"","format":"standard","meta":{"footnotes":""},"categories":[171],"tags":[6831,988,4632,51,987,2455,11418,146,147,25,24,315,10004,23,2458,807,214],"class_list":{"0":"post-317026","1":"post","2":"type-post","3":"status-publish","4":"format-standard","5":"has-post-thumbnail","7":"category-tv","8":"tag-adios","9":"tag-anos","10":"tag-canal","11":"tag-deja","12":"tag-despues","13":"tag-emision","14":"tag-emitir","15":"tag-entertainment","16":"tag-entretenimiento","17":"tag-es","18":"tag-espana","19":"tag-hoy","20":"tag-partir","21":"tag-spain","22":"tag-tdt","23":"tag-television","24":"tag-tv"},"share_on_mastodon":{"url":"https:\/\/pubeurope.com\/@es\/115819004743137392","error":""},"_links":{"self":[{"href":"https:\/\/www.europesays.com\/es\/wp-json\/wp\/v2\/posts\/317026","targetHints":{"allow":["GET"]}}],"collection":[{"href":"https:\/\/www.europesays.com\/es\/wp-json\/wp\/v2\/posts"}],"about":[{"href":"https:\/\/www.europesays.com\/es\/wp-json\/wp\/v2\/types\/post"}],"author":[{"embeddable":true,"href":"https:\/\/www.europesays.com\/es\/wp-json\/wp\/v2\/users\/2"}],"replies":[{"embeddable":true,"href":"https:\/\/www.europesays.com\/es\/wp-json\/wp\/v2\/comments?post=317026"}],"version-history":[{"count":0,"href":"https:\/\/www.europesays.com\/es\/wp-json\/wp\/v2\/posts\/317026\/revisions"}],"wp:featuredmedia":[{"embeddable":true,"href":"https:\/\/www.europesays.com\/es\/wp-json\/wp\/v2\/media\/317027"}],"wp:attachment":[{"href":"https:\/\/www.europesays.com\/es\/wp-json\/wp\/v2\/media?parent=317026"}],"wp:term":[{"taxonomy":"category","embeddable":true,"href":"https:\/\/www.europesays.com\/es\/wp-json\/wp\/v2\/categories?post=317026"},{"taxonomy":"post_tag","embeddable":true,"href":"https:\/\/www.europesays.com\/es\/wp-json\/wp\/v2\/tags?post=317026"}],"curies":[{"name":"wp","href":"https:\/\/api.w.org\/{rel}","templated":true}]}}