{"id":317061,"date":"2026-01-01T09:25:09","date_gmt":"2026-01-01T09:25:09","guid":{"rendered":"https:\/\/www.europesays.com\/es\/317061\/"},"modified":"2026-01-01T09:25:09","modified_gmt":"2026-01-01T09:25:09","slug":"el-cabecero-tapizado-de-inspiracion-arabe-que-triunfa-en-pinterest-en-tu-casa-con-solo-4-materiales-y-en-una-tarde","status":"publish","type":"post","link":"https:\/\/www.europesays.com\/es\/317061\/","title":{"rendered":"El cabecero tapizado de inspiraci\u00f3n \u00e1rabe que triunfa en Pinterest en tu casa, con solo 4 materiales y en una tarde"},"content":{"rendered":"<p><strong>De d\u00f3nde viene la tendencia del cabecero tapizado y c\u00f3mo puedes replicarla en tu casa<\/strong><\/p>\n<p>Si abrimos las cuentas de Pinterest de nuestros lectores, bajo la carpeta de \u201c<a href=\"https:\/\/www.revistaad.es\/articulos\/dormitorios-modernos-decorar-2024\" rel=\"nofollow noopener\" target=\"_blank\">Dormitorios<\/a>\u201d (porque cualquier lector de AD que presuma de ese nombre tiene una carpeta de Pinterest para cada estancia de la casa) seguramente encontraremos, al menos, <strong>una referencia con <a href=\"https:\/\/www.revistaad.es\/articulos\/cabeceros-modernos-y-elegantes-si-quieres-darle-un-cambio-total-a-tu-dormitorio\" rel=\"nofollow noopener\" target=\"_blank\">cabecero tapizado<\/a> de l\u00edneas curvas.<\/strong><\/p>\n<p>No es casualidad. La <strong>vuelta del textil como herramienta narrativa<\/strong>, que se ha traducido en los \u00faltimos a\u00f1os en revestimientos de pared, alfombras, tapices y tapizados; y el progresivo abrazo de <strong>la alta decoraci\u00f3n y sus elocuentes estampados<\/strong> han encontrado el matrimonio perfecto en este tipo de <a href=\"https:\/\/www.revistaad.es\/galerias\/cabeceros-de-cama-bonitos-originales-2023\" rel=\"nofollow noopener\" target=\"_blank\">cabecero<\/a>. Un detalle \u00fanico que llena de intenci\u00f3n el espacio y que, por cierto, <strong>habla m\u00e1s de nuestras ra\u00edces<\/strong> de lo que sospechamos.<\/p>\n<p><img decoding=\"async\" alt=\"Suite Meknes habitaci\u00f3n cama hotel Villa Mabrouka\" loading=\"lazy\" class=\"ResponsiveImageContainer-eNxvmU cfBbTk responsive-image__image\"   src=\"https:\/\/www.europesays.com\/es\/wp-content\/uploads\/2026\/01\/Villa%20Mabrouka%20%20%20(Meknes%20Suite)%20Villamabrouka.com%20@Villamabrouka%20%20Photographer%20-.jpeg\"\/><\/p>\n<p>Un cabecero curvo tapizado en Villa Mabrouka. M\u00e1s fotos <a href=\"https:\/\/www.revistaad.es\/galerias\/yves-saint-laurent-casa-tanger-villa-mabrouka-hotel\" rel=\"nofollow noopener\" target=\"_blank\">aqu\u00ed<\/a>.<\/p>\n<p>Andrew MontgomeryLa historia detr\u00e1s del cabecero tapizado viral<\/p>\n<p>Para encontrar los <strong>or\u00edgenes<\/strong> que explican el auge de esta pieza tenemos que retrotraernos unos cuantos siglos.<\/p>\n<p>El cabecero con silueta arqueada, a veces lobulado, y con un tejido protagonista se asocia al estilo marroqu\u00ed o morisco, pero en realidad <strong>su semilla se plant\u00f3 en Al-\u00c1ndalus<\/strong>. El arco, en particular el arco de herradura, tiene una presencia especialmente potente en el arte isl\u00e1mico occidental, en especial el que se desarroll\u00f3 en la Pen\u00ednsula Ib\u00e9rica, tal como se\u00f1ala el Dr. Sabahat Adil en su ensayo \u201cLas culturas visualmente vibrantes del Islam del oeste, una introducci\u00f3n\u201d. Sabahat se\u00f1ala c\u00f3mo el Estrecho de Gibraltar, aunque geogr\u00e1ficamente separa Europa de \u00c1frica, \u201csirvi\u00f3 como puente\u201d entre corrientes est\u00e9ticas.<\/p>\n<p>En el caso de lo que hoy es Espa\u00f1a se desarroll\u00f3 <strong>una est\u00e9tica muy espec\u00edfica<\/strong> donde proliferaron el arte y la arquitectura producidos por los musulmanes, s\u00ed, pero tambi\u00e9n por las comunidades jud\u00edas y cristianas que conviv\u00edan con ellos y de los que unos y otros se alimentaban. Un ejemplo son los famosos arcos de herradura. \u201cSe cree que <strong>los arcos de herradura, que aparecen ampliamente a lo largo de la Pen\u00ednsula Ib\u00e9rica,<\/strong> fueron desarrollados por los visigodos, mientras que los arcos con colores alternos se encuentran en la arquitectura Umayyad en el lado este del Mediterr\u00e1neo\u201d. Ambas referencias se encuentran mezcladas en la medina al-Zahra y en la Mezquita-Catedral de C\u00f3rdoba; y encontramos muestras de arcos de herradura y polilobulados tanto en la <a href=\"https:\/\/www.revistaad.es\/decoracion\/casas-ad\/articulos\/con-vistas-a-la-giralda\/17371\" rel=\"nofollow noopener\" target=\"_blank\">Giralda de Sevilla<\/a> como en la mezquita Qutubiyya de Marraquech.<\/p>\n","protected":false},"excerpt":{"rendered":"De d\u00f3nde viene la tendencia del cabecero tapizado y c\u00f3mo puedes replicarla en tu casa Si abrimos las&hellip;\n","protected":false},"author":2,"featured_media":317062,"comment_status":"","ping_status":"","sticky":false,"template":"","format":"standard","meta":{"footnotes":""},"categories":[80],"tags":[82,74100,74101,95,94,25,24,23],"class_list":{"0":"post-317061","1":"post","2":"type-post","3":"status-publish","4":"format-standard","5":"has-post-thumbnail","7":"category-economia","8":"tag-business","9":"tag-diy","10":"tag-dormitorio","11":"tag-economia","12":"tag-economy","13":"tag-es","14":"tag-espana","15":"tag-spain"},"share_on_mastodon":{"url":"https:\/\/pubeurope.com\/@es\/115819126768880506","error":""},"_links":{"self":[{"href":"https:\/\/www.europesays.com\/es\/wp-json\/wp\/v2\/posts\/317061","targetHints":{"allow":["GET"]}}],"collection":[{"href":"https:\/\/www.europesays.com\/es\/wp-json\/wp\/v2\/posts"}],"about":[{"href":"https:\/\/www.europesays.com\/es\/wp-json\/wp\/v2\/types\/post"}],"author":[{"embeddable":true,"href":"https:\/\/www.europesays.com\/es\/wp-json\/wp\/v2\/users\/2"}],"replies":[{"embeddable":true,"href":"https:\/\/www.europesays.com\/es\/wp-json\/wp\/v2\/comments?post=317061"}],"version-history":[{"count":0,"href":"https:\/\/www.europesays.com\/es\/wp-json\/wp\/v2\/posts\/317061\/revisions"}],"wp:featuredmedia":[{"embeddable":true,"href":"https:\/\/www.europesays.com\/es\/wp-json\/wp\/v2\/media\/317062"}],"wp:attachment":[{"href":"https:\/\/www.europesays.com\/es\/wp-json\/wp\/v2\/media?parent=317061"}],"wp:term":[{"taxonomy":"category","embeddable":true,"href":"https:\/\/www.europesays.com\/es\/wp-json\/wp\/v2\/categories?post=317061"},{"taxonomy":"post_tag","embeddable":true,"href":"https:\/\/www.europesays.com\/es\/wp-json\/wp\/v2\/tags?post=317061"}],"curies":[{"name":"wp","href":"https:\/\/api.w.org\/{rel}","templated":true}]}}