{"id":317098,"date":"2026-01-01T09:59:12","date_gmt":"2026-01-01T09:59:12","guid":{"rendered":"https:\/\/www.europesays.com\/es\/317098\/"},"modified":"2026-01-01T09:59:12","modified_gmt":"2026-01-01T09:59:12","slug":"mirotic-supera-a-llull-en-puntos-en-euroliga","status":"publish","type":"post","link":"https:\/\/www.europesays.com\/es\/317098\/","title":{"rendered":"Mirotic supera a Llull en puntos en Euroliga"},"content":{"rendered":"<p>El veterano \u2018cuatro\u2019 de Montenegro con pasado en el Real Madrid y el FC Barcelona, Nikola Mirotic, tuvo una alegr\u00eda doble estos pasados d\u00edas en las filas ahora del M\u00f3naco. El que fuera compa\u00f1ero de equipo del base mahon\u00e9s, <a href=\"https:\/\/www.menorca.info\/etiqueta\/Sergio+Llull.html?utm_source=Inline-tag&amp;utm_medium=internal\" rel=\"nofollow noopener\" target=\"_blank\">Sergio Llull<\/a> en el conjunto blanco,<strong> consegu\u00eda superar a los madridistas en partido de <a href=\"https:\/\/www.menorca.info\/etiqueta\/euroliga.html?utm_source=Inline-tag&amp;utm_medium=internal\" rel=\"nofollow noopener\" target=\"_blank\">Euroliga<\/a><\/strong> y adem\u00e1s, ponerse por delante del \u2018uno\u2019 de Ma\u00f3 en una estad\u00edstica europea. Niko Mirotic adelant\u00f3 en el hist\u00f3rico de anotaci\u00f3n en la Euroliga a un Llull que no jug\u00f3 la \u00faltima jornada europea al no contar con \u00e9l su entrenador, Sergio Scariolo.<\/p>\n<p><strong>El montenegrino suma ahora 4.267 puntos en la competici\u00f3n por los 4.257 del menorqu\u00edn <\/strong>Sergio Llull. Por delante en esta clasificaci\u00f3n acumulada, el que ahora es precisamente su entrenador, Vassilis Spanoulis (4.455), junto a Nando De Colo (5.009) y su compa\u00f1ero, Mike James (5.577).<\/p>\n<p>Sergio Llull, que ha disputado su \u00faltimo partido del a\u00f1o en la Liga ACB en la pista del sorprendente UCAM Murcia, ve como ala-p\u00edvot hispano-montengrino, de momento, ya le supera.<\/p>\n<p>Punter (Bar\u00e7a), MVP del mes<\/p>\n<p>Al margen, <strong>el escolta del Bar\u00e7a Kevin Punter fue elegido como MVP del mes de diciembre en la Euroliga<\/strong>, como el catalizador del r\u00e9cord de 4-1 del conjunto \u2018blaugrana\u2019, promediando m\u00e1s de 24 puntos por partido, destacando su aportaci\u00f3n de 43 puntos en el triunfo del conjunto catal\u00e1n sobre el Baskonia en la jornada 17 de la Fase Regular.<\/p>\n","protected":false},"excerpt":{"rendered":"El veterano \u2018cuatro\u2019 de Montenegro con pasado en el Real Madrid y el FC Barcelona, Nikola Mirotic, tuvo&hellip;\n","protected":false},"author":2,"featured_media":317099,"comment_status":"","ping_status":"","sticky":false,"template":"","format":"standard","meta":{"footnotes":""},"categories":[269],"tags":[299,298,168,25,24,833,1692,23,167],"class_list":["post-317098","post","type-post","status-publish","format-standard","has-post-thumbnail","category-baloncesto","tag-baloncesto","tag-basketball","tag-deportes","tag-es","tag-espana","tag-euroliga","tag-sergio-llull","tag-spain","tag-sports"],"share_on_mastodon":{"url":"https:\/\/pubeurope.com\/@es\/115819260588526340","error":""},"_links":{"self":[{"href":"https:\/\/www.europesays.com\/es\/wp-json\/wp\/v2\/posts\/317098","targetHints":{"allow":["GET"]}}],"collection":[{"href":"https:\/\/www.europesays.com\/es\/wp-json\/wp\/v2\/posts"}],"about":[{"href":"https:\/\/www.europesays.com\/es\/wp-json\/wp\/v2\/types\/post"}],"author":[{"embeddable":true,"href":"https:\/\/www.europesays.com\/es\/wp-json\/wp\/v2\/users\/2"}],"replies":[{"embeddable":true,"href":"https:\/\/www.europesays.com\/es\/wp-json\/wp\/v2\/comments?post=317098"}],"version-history":[{"count":0,"href":"https:\/\/www.europesays.com\/es\/wp-json\/wp\/v2\/posts\/317098\/revisions"}],"wp:featuredmedia":[{"embeddable":true,"href":"https:\/\/www.europesays.com\/es\/wp-json\/wp\/v2\/media\/317099"}],"wp:attachment":[{"href":"https:\/\/www.europesays.com\/es\/wp-json\/wp\/v2\/media?parent=317098"}],"wp:term":[{"taxonomy":"category","embeddable":true,"href":"https:\/\/www.europesays.com\/es\/wp-json\/wp\/v2\/categories?post=317098"},{"taxonomy":"post_tag","embeddable":true,"href":"https:\/\/www.europesays.com\/es\/wp-json\/wp\/v2\/tags?post=317098"}],"curies":[{"name":"wp","href":"https:\/\/api.w.org\/{rel}","templated":true}]}}