{"id":317104,"date":"2026-01-01T10:04:08","date_gmt":"2026-01-01T10:04:08","guid":{"rendered":"https:\/\/www.europesays.com\/es\/317104\/"},"modified":"2026-01-01T10:04:08","modified_gmt":"2026-01-01T10:04:08","slug":"cambio-historico-en-la-television-de-espana-a-partir-de-este-1-de-enero-de-2026-con-el-fin-de-la-emision-de-este-canal-tras-44-anos","status":"publish","type":"post","link":"https:\/\/www.europesays.com\/es\/317104\/","title":{"rendered":"Cambio hist\u00f3rico en la televisi\u00f3n de Espa\u00f1a a partir de este 1 de enero de 2026 con el fin de la emisi\u00f3n de este canal tras 44 a\u00f1os"},"content":{"rendered":"<p><a href=\"https:\/\/www.huffingtonpost.es\/life\/cultura\/rosalia-lola-indigo-pescan-premio-mtv-gala-descafeinada-ausenciasbr.html\" rel=\"nofollow noopener\" target=\"_blank\">Se acab\u00f3<\/a>. Tras 44 a\u00f1os de emisi\u00f3n el canal <b>MTV cierra para siempre<\/b>. La m\u00edtica cadena musical que tan de moda se puso, sobre todo en los 80 en Estados Unidos, y que lleg\u00f3 a Espa\u00f1a en los 2000, desaparece.\u00a0<\/p>\n<p>Paramount Global ha hecho efectivo el cierre definitivo de su oferta de canales musicales en Espa\u00f1a, lo que supone el fin de la se\u00f1al en abierto y en televisi\u00f3n lineal de marcas ic\u00f3nicas como <b>MTV Music, MTV 80s, MTV 90s, MTV Live y Club MTV.<\/b><\/p>\n<p>\u00abHoy se apaga la se\u00f1al de MTV Music Television, 44 a\u00f1os despu\u00e9s. <b>Antes del streaming y de los algoritmos, la m\u00fasica ten\u00eda ritual y descubrimiento<\/b>. Adem\u00e1s, hab\u00eda algo especial y emocionante en la espera de los estrenos. Hab\u00eda anticipaci\u00f3n\u00bb, dice un usuario apenado en redes sociales.\u00a0<\/p>\n<p>Y prosigue: <b>\u00abMTV fue una puerta a un mundo<\/b> donde las canciones se ve\u00edan, se sent\u00edan y se viv\u00edan a trav\u00e9s de im\u00e1genes que marcaban \u00e9poca. Transform\u00f3 para siempre la forma de conectarnos con los artistas, con la est\u00e9tica y tambi\u00e9n entre nosotros. A partir de hoy, queda en la historia\u00bb.\u00a0<\/p>\n<p>No s\u00f3lo afecta a Espa\u00f1a<\/p>\n<p>Esta decisi\u00f3n, triste para muchos, no s\u00f3lo afecta a Espa\u00f1a. Tambi\u00e9n dejan de estar en emisi\u00f3n los canales de MTV en\u00a0Reino Unido e Irlanda y despu\u00e9s en Francia, Alemania, Austria, Polonia, Hungr\u00eda, Australia y Brasil.<\/p>\n<p>La marca no desaparece y el canal principal de la cadena se mantendr\u00e1 en algunas plataformas de pago. Eso s\u00ed, se acab\u00f3 la m\u00fasica y mayormente habr\u00e1 entretenimiento y realities.\u00a0<\/p>\n<p>En Espa\u00f1a muchos recordar\u00e1n MTV por dos programas que dieron fama a la cadena cuando era en abierto: Gand\u00eda Shore y Alaska y Mario.\u00a0<\/p>\n<p>No ha podido ser m\u00e1s simb\u00f3lico el \u00faltimo videoclip que se ha emitido: Video Killed the Radio Star. Algo que muchos interpretan como una met\u00e1fora pero cambiando el v\u00eddeo por YouTube o TikTok y el radio star por la propia MTV.\u00a0<\/p>\n","protected":false},"excerpt":{"rendered":"Se acab\u00f3. Tras 44 a\u00f1os de emisi\u00f3n el canal MTV cierra para siempre. La m\u00edtica cadena musical que&hellip;\n","protected":false},"author":2,"featured_media":317105,"comment_status":"","ping_status":"","sticky":false,"template":"","format":"standard","meta":{"footnotes":""},"categories":[171],"tags":[146,147,25,24,23,807,214],"class_list":{"0":"post-317104","1":"post","2":"type-post","3":"status-publish","4":"format-standard","5":"has-post-thumbnail","7":"category-tv","8":"tag-entertainment","9":"tag-entretenimiento","10":"tag-es","11":"tag-espana","12":"tag-spain","13":"tag-television","14":"tag-tv"},"share_on_mastodon":{"url":"https:\/\/pubeurope.com\/@es\/115819279947939962","error":""},"_links":{"self":[{"href":"https:\/\/www.europesays.com\/es\/wp-json\/wp\/v2\/posts\/317104","targetHints":{"allow":["GET"]}}],"collection":[{"href":"https:\/\/www.europesays.com\/es\/wp-json\/wp\/v2\/posts"}],"about":[{"href":"https:\/\/www.europesays.com\/es\/wp-json\/wp\/v2\/types\/post"}],"author":[{"embeddable":true,"href":"https:\/\/www.europesays.com\/es\/wp-json\/wp\/v2\/users\/2"}],"replies":[{"embeddable":true,"href":"https:\/\/www.europesays.com\/es\/wp-json\/wp\/v2\/comments?post=317104"}],"version-history":[{"count":0,"href":"https:\/\/www.europesays.com\/es\/wp-json\/wp\/v2\/posts\/317104\/revisions"}],"wp:featuredmedia":[{"embeddable":true,"href":"https:\/\/www.europesays.com\/es\/wp-json\/wp\/v2\/media\/317105"}],"wp:attachment":[{"href":"https:\/\/www.europesays.com\/es\/wp-json\/wp\/v2\/media?parent=317104"}],"wp:term":[{"taxonomy":"category","embeddable":true,"href":"https:\/\/www.europesays.com\/es\/wp-json\/wp\/v2\/categories?post=317104"},{"taxonomy":"post_tag","embeddable":true,"href":"https:\/\/www.europesays.com\/es\/wp-json\/wp\/v2\/tags?post=317104"}],"curies":[{"name":"wp","href":"https:\/\/api.w.org\/{rel}","templated":true}]}}