{"id":317106,"date":"2026-01-01T10:06:14","date_gmt":"2026-01-01T10:06:14","guid":{"rendered":"https:\/\/www.europesays.com\/es\/317106\/"},"modified":"2026-01-01T10:06:14","modified_gmt":"2026-01-01T10:06:14","slug":"zoe-saldana-hace-historia-en-hollywood-y-se-consolida-entre-las-actrices-mas-taquilleras-de-todos-los-tiempos","status":"publish","type":"post","link":"https:\/\/www.europesays.com\/es\/317106\/","title":{"rendered":"Zoe Salda\u00f1a hace historia en Hollywood y se consolida entre las actrices m\u00e1s taquilleras de todos los tiempos"},"content":{"rendered":"<p class=\"elheraldo__StyledParagraph-sc-60z8lc-1 dEjMiD article-body__paragraph\"><b>Zoe Salda\u00f1a <\/b>est\u00e1 atravesando uno de los momentos m\u00e1s s\u00f3lidos de su trayectoria art\u00edstica con el estreno y \u00e9xito de \u2018Avatar: Fuego y ceniza\u2019.<\/p>\n<p class=\"elheraldo__StyledParagraph-sc-60z8lc-1 dEjMiD article-body__paragraph\"><a href=\"https:\/\/www.elheraldo.co\/entretenimiento\/2025\/12\/30\/tylor-chase-exactor-de-nickelodeon-vuelve-a-vivir-en-la-calle-tras-fallido-intento-de-rehabilitacion\/\" rel=\"nofollow noopener\" target=\"_blank\"><b>Tylor Chase, exactor de Nickelodeon, vuelve a vivir en la calle tras fallido intento de rehabilitaci\u00f3n<\/b><\/a><\/p>\n<p class=\"elheraldo__StyledParagraph-sc-60z8lc-1 dEjMiD article-body__paragraph\"><a href=\"https:\/\/www.elheraldo.co\/horoscopo\/2025\/12\/30\/asi-sera-2026-para-cada-signo-del-zodiaco-un-ano-decisivo\/\" rel=\"nofollow noopener\" target=\"_blank\"><b>As\u00ed ser\u00e1 2026 para cada signo del zodiaco: un a\u00f1o decisivo<\/b><\/a><\/p>\n<p class=\"elheraldo__StyledParagraph-sc-60z8lc-1 dEjMiD article-body__paragraph\"><a href=\"https:\/\/www.elheraldo.co\/entretenimiento\/2025\/12\/29\/beyonce-ahora-es-multimillonaria-y-entra-en-la-lista-de-forbes\/\" rel=\"nofollow noopener\" target=\"_blank\"><b>Beyonc\u00e9 ahora es multimillonaria y entra en la lista de Forbes<\/b><\/a><\/p>\n<p class=\"elheraldo__StyledParagraph-sc-60z8lc-1 dEjMiD article-body__paragraph\">La actriz no solo volvi\u00f3 a captar la atenci\u00f3n del p\u00fablico, sino que tambi\u00e9n reforz\u00f3 su lugar dentro de la \u00e9lite de Hollywood como una de las int\u00e9rpretes con mayor impacto comercial en la historia del cine.<\/p>\n<p class=\"elheraldo__StyledParagraph-sc-60z8lc-1 dEjMiD article-body__paragraph\">Asimismo, su carrera se distingue por haber sido parte fundamental de sagas que marcaron \u00e9pocas y redefinieron el cine de franquicias. La actriz ha sabido elegir proyectos que conectan con audiencias de distintas generaciones, convirti\u00e9ndose en un rostro recurrente de producciones de gran escala y alcance internacional.<\/p>\n<p class=\"elheraldo__StyledParagraph-sc-60z8lc-1 dEjMiD article-body__paragraph\">Salda\u00f1a es Neytiri en Avatar y confirma la relevancia de este personaje en su vida profesional. A lo largo de los a\u00f1os, la historia ambientada en Pandora ha evolucionado junto a ella, consolid\u00e1ndose como una de las sagas m\u00e1s exitosas creado por James Cameron.<\/p>\n<p class=\"elheraldo__StyledParagraph-sc-60z8lc-1 dEjMiD article-body__paragraph\">Sin embargo, Avatar no es el \u00fanico pilar de su \u00e9xito. Zoe Salda\u00f1a tambi\u00e9n dej\u00f3 una huella profunda en el Universo Cinematogr\u00e1fico de Marvel al interpretar a Gamora, un personaje clave en varias de las pel\u00edculas m\u00e1s vistas de la franquicia, incluyendo Avengers: Endgame.<\/p>\n<p><img alt=\"\" class=\"global-image\" decoding=\"async\" src=\"https:\/\/www.europesays.com\/es\/wp-content\/uploads\/2026\/01\/QERCBRX2QJGSLDY6XJSEMN4VRQ.jpg\" width=\"100\" fetchpriority=\"low\" loading=\"lazy\"\/>20th Century Studios\/20TH CENTURY STUDIOSSalda\u00f1a es Neytiri en Avatar <\/p>\n<p class=\"elheraldo__StyledParagraph-sc-60z8lc-1 dEjMiD article-body__paragraph\">A lo largo de su carrera, la actriz tambi\u00e9n ha formado parte de otras sagas reconocidas, como Star Trek, donde dio vida a Nyota Uhura, y Piratas del Caribe, sumando as\u00ed cr\u00e9ditos que fortalecieron su reputaci\u00f3n como una figura confiable para proyectos de gran presupuesto.<\/p>\n<p><img alt=\"\" class=\"global-image\" decoding=\"async\" src=\"https:\/\/www.europesays.com\/es\/wp-content\/uploads\/2026\/01\/BBHKXEHOUZCX3OTYMBOL5TCPWQ.jpg\" width=\"100\" fetchpriority=\"low\" loading=\"lazy\"\/>Agencia  EFEZoe Salda\u00f1a gana su primer \u00d3scar a mejor actriz de reparto por &#8216;Emilia P\u00e9rez\u2019<\/p>\n<p class=\"elheraldo__StyledParagraph-sc-60z8lc-1 dEjMiD article-body__paragraph\">Adem\u00e1s, reportes recientes indican que sus pel\u00edculas han superado los 15.000 millones de d\u00f3lares en taquilla mundial, lo que la ubica como la segunda actriz m\u00e1s taquillera de todos los tiempos, solo por debajo de Scarlett Johansson y por encima de nombres como Samuel L. Jackson y Robert Downey Jr.<\/p>\n","protected":false},"excerpt":{"rendered":"Zoe Salda\u00f1a est\u00e1 atravesando uno de los momentos m\u00e1s s\u00f3lidos de su trayectoria art\u00edstica con el estreno y&hellip;\n","protected":false},"author":2,"featured_media":317107,"comment_status":"","ping_status":"","sticky":false,"template":"","format":"standard","meta":{"footnotes":""},"categories":[169],"tags":[6456,62525,177,146,147,25,24,176,1505,180,175,74105,23,67151],"class_list":{"0":"post-317106","1":"post","2":"type-post","3":"status-publish","4":"format-standard","5":"has-post-thumbnail","7":"category-cine","8":"tag-actriz","9":"tag-avatar-fuego-y-ceniza","10":"tag-cine","11":"tag-entertainment","12":"tag-entretenimiento","13":"tag-es","14":"tag-espana","15":"tag-film","16":"tag-hollywood","17":"tag-james-cameron","18":"tag-movies","19":"tag-neytiri","20":"tag-spain","21":"tag-zoe-saldana"},"share_on_mastodon":{"url":"https:\/\/pubeurope.com\/@es\/115819288224121467","error":""},"_links":{"self":[{"href":"https:\/\/www.europesays.com\/es\/wp-json\/wp\/v2\/posts\/317106","targetHints":{"allow":["GET"]}}],"collection":[{"href":"https:\/\/www.europesays.com\/es\/wp-json\/wp\/v2\/posts"}],"about":[{"href":"https:\/\/www.europesays.com\/es\/wp-json\/wp\/v2\/types\/post"}],"author":[{"embeddable":true,"href":"https:\/\/www.europesays.com\/es\/wp-json\/wp\/v2\/users\/2"}],"replies":[{"embeddable":true,"href":"https:\/\/www.europesays.com\/es\/wp-json\/wp\/v2\/comments?post=317106"}],"version-history":[{"count":0,"href":"https:\/\/www.europesays.com\/es\/wp-json\/wp\/v2\/posts\/317106\/revisions"}],"wp:featuredmedia":[{"embeddable":true,"href":"https:\/\/www.europesays.com\/es\/wp-json\/wp\/v2\/media\/317107"}],"wp:attachment":[{"href":"https:\/\/www.europesays.com\/es\/wp-json\/wp\/v2\/media?parent=317106"}],"wp:term":[{"taxonomy":"category","embeddable":true,"href":"https:\/\/www.europesays.com\/es\/wp-json\/wp\/v2\/categories?post=317106"},{"taxonomy":"post_tag","embeddable":true,"href":"https:\/\/www.europesays.com\/es\/wp-json\/wp\/v2\/tags?post=317106"}],"curies":[{"name":"wp","href":"https:\/\/api.w.org\/{rel}","templated":true}]}}