{"id":317126,"date":"2026-01-01T10:20:11","date_gmt":"2026-01-01T10:20:11","guid":{"rendered":"https:\/\/www.europesays.com\/es\/317126\/"},"modified":"2026-01-01T10:20:11","modified_gmt":"2026-01-01T10:20:11","slug":"las-victorias-totales-de-pogacar-le-permiten-ser-el-mejor-deportista","status":"publish","type":"post","link":"https:\/\/www.europesays.com\/es\/317126\/","title":{"rendered":"Las victorias totales de Poga\u010dar, le permiten ser el mejor deportista"},"content":{"rendered":"<p><img fetchpriority=\"high\" decoding=\"async\" class=\"aligncenter size-full wp-image-67398\" src=\"data:image\/svg+xml,%3Csvg%20xmlns=\" http:=\"\" alt=\"\" width=\"1025\" height=\"400\" data-lazy- data-lazy- data-lazy-src=\"https:\/\/www.europesays.com\/es\/wp-content\/uploads\/2025\/11\/anunci-generic-bla-1-1024x120-px-v3-02.jpg\"\/><\/p>\n<p>Las victorias totales de Poga\u010dar, su ejecuci\u00f3n y cantidad, le permiten ser considerado el mejor deportista de la actualidad<\/p>\n<p>Cuando Max Verstappen, un tipo que no regala elogios y cuya vida transcurre a 300 km\/h, se detiene a mirar el ciclismo, el an\u00e1lisis cambia de dimensi\u00f3n.<\/p>\n<p>El neerland\u00e9ses uno de esos nombres que definen nuestra era del deporte, ah\u00ed van tambi\u00e9n otros como Ousmane Demb\u00e9l\u00e9, Janick Sinner, Lewis Hamilton, Carlos Alcaraz o L\u00e9on Marchand.<\/p>\n<p><a class=\"wppaslink\" href=\"https:\/\/joanseguidor.com\/pas\/ccmm-valenciana\/44016\/0\" target=\"_blank\" rel=\"nofollow noopener\"><img decoding=\"async\" src=\"data:image\/svg+xml,%3Csvg%20xmlns=\" http:=\"\" alt=\"CCMM Valenciana\" border=\"0\" data-lazy-src=\"https:\/\/www.europesays.com\/es\/wp-content\/uploads\/2026\/01\/1767262811_128_aralleida-hivern-970x250-crea2-es.jpg\"\/><\/a><\/p>\n<p>Sin embargo, su conclusi\u00f3n es tajante: <strong>por logros, impacto y voracidad, Tadej Poga\u010dar no solo es el mejor ciclista del planeta, sino que compite por el trono de mejor deportista mundial<\/strong>, quiz\u00e1 solo con la sombra del estratosf\u00e9rico Mondo Duplantis.<\/p>\n<p>Lo que Verstappen detecta es una anomal\u00eda en el deporte moderno.<\/p>\n<p>Vivimos en la era de la hiperespecializaci\u00f3n. <strong>Carlos Alcaraz o Jannik Sinner dominan la raqueta con una madurez insultante<\/strong>, pero su terreno est\u00e1 delimitado por las l\u00edneas de cal.<\/p>\n<p>Lewis Hamilton representa la longevidad y el activismo, mientras que L\u00e9on Marchand ha redise\u00f1ado la nataci\u00f3n en una piscina ol\u00edmpica. Son reyes en sus castillos.<\/p>\n<p><strong>Poga\u010dar, en cambio, rompe el molde<\/strong>.<\/p>\n<p>El esloveno gana donde quiere y casi cuando quiere: <strong>desde la dureza de las piedras en Flandes hasta la altitud del Tour de Francia<\/strong>, pasando por exhibiciones en solitario que parecen sacadas del ciclismo en blanco y negro.<\/p>\n<p>Esa capacidad de ser el mejor en registros opuestos es lo que le distancia del resto, de los que compiten con \u00e9l y los que le miran en la televisi\u00f3n. .<\/p>\n<p>La comparaci\u00f3n con Mondo Duplantis es la clave del arco<\/p>\n<p>El sueco compite contra las leyes de la f\u00edsica, batiendo su propio r\u00e9cord del mundo cent\u00edmetro a cent\u00edmetro.<\/p>\n<p>Pero <strong>mientras Duplantis perfecciona un solo gesto t\u00e9cnico hasta la divinidad<\/strong>, Poga\u010dar debe gestionar t\u00e1ctica, resistencia, meteorolog\u00eda y a 200 rivales que corren contra \u00e9l.<\/p>\n<p>No menosprecio lo del sueco de origen americano, s\u00f3lo quiero poner en relieve lo que los aficionados al ciclismo estamos viviendo.<\/p>\n<p>En este mal anillado cuaderno siempre <strong>hemos sido cr\u00edticos con la hegemon\u00eda vac\u00eda, como la de Froome, perfecta en estad\u00edstica, pero ajena a la belleza y emoci\u00f3n<\/strong>, pero lo de Tadej es diferente.<\/p>\n<p>No es solo ganar, es la sensaci\u00f3n de que el deporte se le queda peque\u00f1o.<\/p>\n<p>Si Verstappen, que vive en la cima de la tecnolog\u00eda y el rendimiento, ve en el esloveno un reflejo de su propia tiran\u00eda competitiva, es porque estamos ante un ciclista que ha trascendido su propio nicho.<\/p>\n<p><strong>Poga\u010dar ya no corre solo contra Vingegaard o Van der Poel<\/strong>; corre para ser recordado junto a los m\u00e1s grandes de la historia del deporte general. Y, de momento, nadie tiene argumentos para bajarle de ese podio.<\/p>\n<p>Imagen:\u00a0A.S.O.\/Aur\u00e9lien Vialatte<\/p>\n","protected":false},"excerpt":{"rendered":"Las victorias totales de Poga\u010dar, su ejecuci\u00f3n y cantidad, le permiten ser considerado el mejor deportista de la&hellip;\n","protected":false},"author":2,"featured_media":241557,"comment_status":"","ping_status":"","sticky":false,"template":"","format":"standard","meta":{"footnotes":""},"categories":[273],"tags":[313,312,168,25,24,2548,23,167,463],"class_list":{"0":"post-317126","1":"post","2":"type-post","3":"status-publish","4":"format-standard","5":"has-post-thumbnail","7":"category-ciclismo","8":"tag-ciclismo","9":"tag-cycling","10":"tag-deportes","11":"tag-es","12":"tag-espana","13":"tag-featured","14":"tag-spain","15":"tag-sports","16":"tag-tadej-pogacar"},"share_on_mastodon":{"url":"https:\/\/pubeurope.com\/@es\/115819342876486438","error":""},"_links":{"self":[{"href":"https:\/\/www.europesays.com\/es\/wp-json\/wp\/v2\/posts\/317126","targetHints":{"allow":["GET"]}}],"collection":[{"href":"https:\/\/www.europesays.com\/es\/wp-json\/wp\/v2\/posts"}],"about":[{"href":"https:\/\/www.europesays.com\/es\/wp-json\/wp\/v2\/types\/post"}],"author":[{"embeddable":true,"href":"https:\/\/www.europesays.com\/es\/wp-json\/wp\/v2\/users\/2"}],"replies":[{"embeddable":true,"href":"https:\/\/www.europesays.com\/es\/wp-json\/wp\/v2\/comments?post=317126"}],"version-history":[{"count":0,"href":"https:\/\/www.europesays.com\/es\/wp-json\/wp\/v2\/posts\/317126\/revisions"}],"wp:featuredmedia":[{"embeddable":true,"href":"https:\/\/www.europesays.com\/es\/wp-json\/wp\/v2\/media\/241557"}],"wp:attachment":[{"href":"https:\/\/www.europesays.com\/es\/wp-json\/wp\/v2\/media?parent=317126"}],"wp:term":[{"taxonomy":"category","embeddable":true,"href":"https:\/\/www.europesays.com\/es\/wp-json\/wp\/v2\/categories?post=317126"},{"taxonomy":"post_tag","embeddable":true,"href":"https:\/\/www.europesays.com\/es\/wp-json\/wp\/v2\/tags?post=317126"}],"curies":[{"name":"wp","href":"https:\/\/api.w.org\/{rel}","templated":true}]}}