{"id":317133,"date":"2026-01-01T10:27:08","date_gmt":"2026-01-01T10:27:08","guid":{"rendered":"https:\/\/www.europesays.com\/es\/317133\/"},"modified":"2026-01-01T10:27:08","modified_gmt":"2026-01-01T10:27:08","slug":"donde-ver-gratis-la-nueva-temporada-de-la-serie-de-exito-de-megan-montaner-la-caza-irati","status":"publish","type":"post","link":"https:\/\/www.europesays.com\/es\/317133\/","title":{"rendered":"D\u00f3nde ver gratis la nueva temporada de la serie de \u00e9xito de Megan Montaner, &#8216;La caza. Irati&#8217;"},"content":{"rendered":"<p class=\"paragraph\">Los seguidores de Megan Montaner est\u00e1n de enhorabuena. Tras estrenarse el pasado septiembre en la plataforma de pago Movistar+,<b> la nueva temporada <\/b>de &#8216;La caza&#8217;, <a href=\"https:\/\/www.heraldo.es\/noticias\/ocio-y-cultura\/2025\/12\/01\/lanzan-trailer-nueva-temporada-serie-exito-megan-montaner-entre-tierras-1875121.html\" title=\"Lanzan el tr\u00e1iler de la nueva temporada de una de las series de m\u00e1s \u00e9xito de Megan Montaner: \u201cLlegan emociones fuertes\u201d\" rel=\"nofollow noopener\" target=\"_blank\">una de las series de mayor \u00e9xito de la actriz oscense, ya puede visualizarse de forma gratuita.\u00a0<\/a><\/p>\n<p class=\"paragraph\">La plataforma RTVE Play, perteneciente a RTVE, ofrece a sus usuarios de forma totalmente gratuita<b> los ocho cap\u00edtulos de esta nueva entrega <\/b>que un thriller que tiene tres antecedentes, todos ellos protagonizados por Megan Montanter:\u00a0&#8216;La caza. Monteperdido&#8217;, &#8216;La caza. Tramuntana&#8217; y &#8216;La caza. Guadiana&#8217;.<\/p>\n<p class=\"paragraph\">El rodaje de esta nueva temporada transcurri\u00f3 en 2024 en la selva de Irati (Navarra) como nuevo escenario.<b> Fue dirigida por Rafa Montesinos<\/b> (\u2018El Inmortal\u2019, \u2018Rapa\u2019) y Javier Pulido (\u2018La caza\u2019), y escrita por Agust\u00edn Mart\u00ednez, Luis Moya e Isa S\u00e1nchez.<\/p>\n<p class=\"paragraph\">Adem\u00e1s de la int\u00e9rprete aragonesa, este thriller psicol\u00f3gico cuenta en el elenco tambi\u00e9n con <b>F\u00e9lix G\u00f3mez, Silvia Alonso y Roger Casamajor,<\/b> y con la participaci\u00f3n puntual de otros int\u00e9rpretes como Eloy Azor\u00edn.<\/p>\n<p class=\"paragraph\">La acci\u00f3n est\u00e1 comandada por un equipo de la UCO que se traslada hasta la selva de Irati cuando los habitantes de una peque\u00f1a aldea<b> descubren el cad\u00e1ver de una mujer colgado de un \u00e1rbol. <\/b>En esta ocasi\u00f3n, el teniente Ernesto Selva trabajar\u00e1 a las \u00f3rdenes de Gloria Menc\u00eda.<\/p>\n<p class=\"paragraph\">Con lo que no cuenta Ernesto es con la incorporaci\u00f3n de Sara Campos (Megan Montaner), que en lugar de dejar el Cuerpo cuando V\u00edctor fue asesinado, <b>ahora trabaja como psic\u00f3loga <\/b>en la Secci\u00f3n de An\u00e1lisis del Comportamiento delictivo de la Guardia Civil.<\/p>\n","protected":false},"excerpt":{"rendered":"Los seguidores de Megan Montaner est\u00e1n de enhorabuena. Tras estrenarse el pasado septiembre en la plataforma de pago&hellip;\n","protected":false},"author":2,"featured_media":16742,"comment_status":"","ping_status":"","sticky":false,"template":"","format":"standard","meta":{"footnotes":""},"categories":[171],"tags":[146,147,25,24,126,10833,10832,23,214],"class_list":{"0":"post-317133","1":"post","2":"type-post","3":"status-publish","4":"format-standard","5":"has-post-thumbnail","7":"category-tv","8":"tag-entertainment","9":"tag-entretenimiento","10":"tag-es","11":"tag-espana","12":"tag-gratis","13":"tag-la-caza","14":"tag-megan-montaner","15":"tag-spain","16":"tag-tv"},"share_on_mastodon":{"url":"https:\/\/pubeurope.com\/@es\/115819370418027349","error":""},"_links":{"self":[{"href":"https:\/\/www.europesays.com\/es\/wp-json\/wp\/v2\/posts\/317133","targetHints":{"allow":["GET"]}}],"collection":[{"href":"https:\/\/www.europesays.com\/es\/wp-json\/wp\/v2\/posts"}],"about":[{"href":"https:\/\/www.europesays.com\/es\/wp-json\/wp\/v2\/types\/post"}],"author":[{"embeddable":true,"href":"https:\/\/www.europesays.com\/es\/wp-json\/wp\/v2\/users\/2"}],"replies":[{"embeddable":true,"href":"https:\/\/www.europesays.com\/es\/wp-json\/wp\/v2\/comments?post=317133"}],"version-history":[{"count":0,"href":"https:\/\/www.europesays.com\/es\/wp-json\/wp\/v2\/posts\/317133\/revisions"}],"wp:featuredmedia":[{"embeddable":true,"href":"https:\/\/www.europesays.com\/es\/wp-json\/wp\/v2\/media\/16742"}],"wp:attachment":[{"href":"https:\/\/www.europesays.com\/es\/wp-json\/wp\/v2\/media?parent=317133"}],"wp:term":[{"taxonomy":"category","embeddable":true,"href":"https:\/\/www.europesays.com\/es\/wp-json\/wp\/v2\/categories?post=317133"},{"taxonomy":"post_tag","embeddable":true,"href":"https:\/\/www.europesays.com\/es\/wp-json\/wp\/v2\/tags?post=317133"}],"curies":[{"name":"wp","href":"https:\/\/api.w.org\/{rel}","templated":true}]}}