{"id":317134,"date":"2026-01-01T10:29:17","date_gmt":"2026-01-01T10:29:17","guid":{"rendered":"https:\/\/www.europesays.com\/es\/317134\/"},"modified":"2026-01-01T10:29:17","modified_gmt":"2026-01-01T10:29:17","slug":"anton-garcia-goncalves-estrena-su-documental-saude-en-o-barco","status":"publish","type":"post","link":"https:\/\/www.europesays.com\/es\/317134\/","title":{"rendered":"Ant\u00f3n Garc\u00eda Gon\u00e7alves estrena su documental \u00abSa\u00fade\u00bb en O Barco"},"content":{"rendered":"<p><a href=\"https:\/\/www.valdeorrasdecerca.com\/wp-content\/uploads\/valdeorrasdecerca_nton-Garcia-Goncalves_Saude_documental_2025_12_29-1.jpg\" data-caption=\"\" rel=\"nofollow noopener\" target=\"_blank\"><img width=\"696\" height=\"467\" class=\"entry-thumb td-modal-image ewww_webp\"   alt=\"\" title=\"valdeorrasdecerca_nt\u00f3n Garc\u00eda Gon\u00e7alves_Sa\u00fade_documental_2025_12_29 (1)\" src-img=\"https:\/\/www.valdeorrasdecerca.com\/wp-content\/uploads\/valdeorrasdecerca_nton-Garcia-Goncalves_Saude_documental_2025_12_29-1-696x467.jpg\" src-webp=\"https:\/\/www.valdeorrasdecerca.com\/wp-content\/uploads\/valdeorrasdecerca_nton-Garcia-Goncalves_Saude_documental_2025_12_29-1-696x467.jpg.webp\" srcset-webp=\"https:\/\/www.valdeorrasdecerca.com\/wp-content\/uploads\/valdeorrasdecerca_nton-Garcia-Goncalves_Saude_documental_2025_12_29-1-696x467.jpg.webp 696w, https:\/\/www.valdeorrasdecerca.com\/wp-content\/uploads\/valdeorrasdecerca_nton-Garcia-Goncalves_Saude_documental_2025_12_29-1-300x201.jpg.webp 300w, https:\/\/www.valdeorrasdecerca.com\/wp-content\/uploads\/valdeorrasdecerca_nton-Garcia-Goncalves_Saude_documental_2025_12_29-1-626x420.jpg.webp 626w, https:\/\/www.valdeorrasdecerca.com\/wp-content\/uploads\/valdeorrasdecerca_nton-Garcia-Goncalves_Saude_documental_2025_12_29-1-150x101.jpg.webp 150w, https:\/\/www.valdeorrasdecerca.com\/wp-content\/uploads\/valdeorrasdecerca_nton-Garcia-Goncalves_Saude_documental_2025_12_29-1.jpg.webp 700w\" srcset-img=\"https:\/\/www.valdeorrasdecerca.com\/wp-content\/uploads\/valdeorrasdecerca_nton-Garcia-Goncalves_Saude_documental_2025_12_29-1-696x467.jpg 696w, https:\/\/www.valdeorrasdecerca.com\/wp-content\/uploads\/valdeorrasdecerca_nton-Garcia-Goncalves_Saude_documental_2025_12_29-1-300x201.jpg 300w, https:\/\/www.valdeorrasdecerca.com\/wp-content\/uploads\/valdeorrasdecerca_nton-Garcia-Goncalves_Saude_documental_2025_12_29-1-626x420.jpg 626w, https:\/\/www.valdeorrasdecerca.com\/wp-content\/uploads\/valdeorrasdecerca_nton-Garcia-Goncalves_Saude_documental_2025_12_29-1-150x101.jpg 150w, https:\/\/www.valdeorrasdecerca.com\/wp-content\/uploads\/valdeorrasdecerca_nton-Garcia-Goncalves_Saude_documental_2025_12_29-1.jpg 700w\" data-eio=\"j\"\/><\/a>Publicidad<br \/>\n<a href=\"https:\/\/www.hospitaldelareina.com\/hospital-reina-valdeorras\/\" rel=\"nofollow noopener\" target=\"_blank\"><img decoding=\"async\" src=\"https:\/\/www.europesays.com\/es\/wp-content\/uploads\/2025\/11\/nuevo-Hospital-de-la-Reina.gif\" alt=\"\"\/> <\/a><strong>Es un retrato de la sanidad en el que se recogen testimonios en Galicia y tambi\u00e9n Estados Unidos que invita a la reflexi\u00f3n<\/strong><\/p>\n<p class=\"has-drop-cap dropcapp3\">A<strong>nt\u00f3n Garc\u00eda Gon\u00e7alves<\/strong>, estudiante de<strong> Direcci\u00f3n de Cine en Madrid<\/strong>, que es natural de O Barco de Valdeorras, estrena el martes 30 de diciembre su documental<strong> \u00abSa\u00fade\u00bb,<\/strong> a las 19,00 horas en el Teatro Lauro Olmo de la citada localidad. Es su primer trabajo profesional, que aborda la sanidad, y ha contado con Guti Gonz\u00e1lez Alonso como director de producci\u00f3n.<\/p>\n<p><a href=\"https:\/\/www.valdeorrasdecerca.com\/wp-content\/uploads\/valdeorrasdecerca_nton-Garcia-Goncalves_Saude_documental_2025_12_29-2.jpg\" class=\"td-modal-image\" rel=\"nofollow noopener\" target=\"_blank\"><img fetchpriority=\"high\" decoding=\"async\" width=\"700\" height=\"810\" alt=\"\" class=\"wp-image-105095 ewww_webp\"   src-img=\"https:\/\/www.valdeorrasdecerca.com\/wp-content\/uploads\/valdeorrasdecerca_nton-Garcia-Goncalves_Saude_documental_2025_12_29-2.jpg\" src-webp=\"https:\/\/www.valdeorrasdecerca.com\/wp-content\/uploads\/valdeorrasdecerca_nton-Garcia-Goncalves_Saude_documental_2025_12_29-2.jpg.webp\" srcset-webp=\"https:\/\/www.valdeorrasdecerca.com\/wp-content\/uploads\/valdeorrasdecerca_nton-Garcia-Goncalves_Saude_documental_2025_12_29-2.jpg.webp 700w, https:\/\/www.valdeorrasdecerca.com\/wp-content\/uploads\/valdeorrasdecerca_nton-Garcia-Goncalves_Saude_documental_2025_12_29-2-259x300.jpg.webp 259w, https:\/\/www.valdeorrasdecerca.com\/wp-content\/uploads\/valdeorrasdecerca_nton-Garcia-Goncalves_Saude_documental_2025_12_29-2-363x420.jpg.webp 363w, https:\/\/www.valdeorrasdecerca.com\/wp-content\/uploads\/valdeorrasdecerca_nton-Garcia-Goncalves_Saude_documental_2025_12_29-2-150x174.jpg.webp 150w, https:\/\/www.valdeorrasdecerca.com\/wp-content\/uploads\/valdeorrasdecerca_nton-Garcia-Goncalves_Saude_documental_2025_12_29-2-696x805.jpg.webp 696w\" srcset-img=\"https:\/\/www.valdeorrasdecerca.com\/wp-content\/uploads\/valdeorrasdecerca_nton-Garcia-Goncalves_Saude_documental_2025_12_29-2.jpg 700w, https:\/\/www.valdeorrasdecerca.com\/wp-content\/uploads\/valdeorrasdecerca_nton-Garcia-Goncalves_Saude_documental_2025_12_29-2-259x300.jpg 259w, https:\/\/www.valdeorrasdecerca.com\/wp-content\/uploads\/valdeorrasdecerca_nton-Garcia-Goncalves_Saude_documental_2025_12_29-2-363x420.jpg 363w, https:\/\/www.valdeorrasdecerca.com\/wp-content\/uploads\/valdeorrasdecerca_nton-Garcia-Goncalves_Saude_documental_2025_12_29-2-150x174.jpg 150w, https:\/\/www.valdeorrasdecerca.com\/wp-content\/uploads\/valdeorrasdecerca_nton-Garcia-Goncalves_Saude_documental_2025_12_29-2-696x805.jpg 696w\" data-eio=\"j\"\/><\/a><\/p>\n<p><strong>\u00abSa\u00fade\u00bb<\/strong> recoge <strong>testimonios<\/strong> sobre la sanidad de personas de distintas edades, ideas y profesiones (pol\u00edticos, profesionales sanitarios, periodistas etc.) de Valdeorras, Galicia y de Estados Unidos para realizar una comparaci\u00f3n y, al mismo tiempo, profundizar en el mundo de la sanidad. El objetivo es<strong> poner el foco en la realidad<\/strong>. \u00abNo es ficci\u00f3n\u00bb, subraya <strong>Ant\u00f3n Garc\u00eda Gon\u00e7alves<\/strong>.<\/p>\n<p><a href=\"https:\/\/www.valdeorrasdecerca.com\/wp-content\/uploads\/valdeorrasdecerca_nton-Garcia-Goncalves_Saude_documental_2025_12_29-3.jpg\" class=\"td-modal-image\" rel=\"nofollow noopener\" target=\"_blank\"><img decoding=\"async\" width=\"700\" height=\"868\" alt=\"\" class=\"wp-image-105096 ewww_webp\"   src-img=\"https:\/\/www.valdeorrasdecerca.com\/wp-content\/uploads\/valdeorrasdecerca_nton-Garcia-Goncalves_Saude_documental_2025_12_29-3.jpg\" src-webp=\"https:\/\/www.valdeorrasdecerca.com\/wp-content\/uploads\/valdeorrasdecerca_nton-Garcia-Goncalves_Saude_documental_2025_12_29-3.jpg.webp\" srcset-webp=\"https:\/\/www.valdeorrasdecerca.com\/wp-content\/uploads\/valdeorrasdecerca_nton-Garcia-Goncalves_Saude_documental_2025_12_29-3.jpg.webp 700w, https:\/\/www.valdeorrasdecerca.com\/wp-content\/uploads\/valdeorrasdecerca_nton-Garcia-Goncalves_Saude_documental_2025_12_29-3-242x300.jpg.webp 242w, https:\/\/www.valdeorrasdecerca.com\/wp-content\/uploads\/valdeorrasdecerca_nton-Garcia-Goncalves_Saude_documental_2025_12_29-3-339x420.jpg.webp 339w, https:\/\/www.valdeorrasdecerca.com\/wp-content\/uploads\/valdeorrasdecerca_nton-Garcia-Goncalves_Saude_documental_2025_12_29-3-150x186.jpg.webp 150w, https:\/\/www.valdeorrasdecerca.com\/wp-content\/uploads\/valdeorrasdecerca_nton-Garcia-Goncalves_Saude_documental_2025_12_29-3-696x863.jpg.webp 696w\" srcset-img=\"https:\/\/www.valdeorrasdecerca.com\/wp-content\/uploads\/valdeorrasdecerca_nton-Garcia-Goncalves_Saude_documental_2025_12_29-3.jpg 700w, https:\/\/www.valdeorrasdecerca.com\/wp-content\/uploads\/valdeorrasdecerca_nton-Garcia-Goncalves_Saude_documental_2025_12_29-3-242x300.jpg 242w, https:\/\/www.valdeorrasdecerca.com\/wp-content\/uploads\/valdeorrasdecerca_nton-Garcia-Goncalves_Saude_documental_2025_12_29-3-339x420.jpg 339w, https:\/\/www.valdeorrasdecerca.com\/wp-content\/uploads\/valdeorrasdecerca_nton-Garcia-Goncalves_Saude_documental_2025_12_29-3-150x186.jpg 150w, https:\/\/www.valdeorrasdecerca.com\/wp-content\/uploads\/valdeorrasdecerca_nton-Garcia-Goncalves_Saude_documental_2025_12_29-3-696x863.jpg 696w\" data-eio=\"j\"\/><\/a><\/p>\n<p>El documental es una llamada a la reflexi\u00f3n y, al mismo tiempo, \u00abuna forma de ense\u00f1ar y aprender c\u00f3mo es y est\u00e1 el sistema sanitario. Mi objetivo es que la gente vea la realidad. Se trata de informar de lo que est\u00e1 pasando: falta de m\u00e9dicos, de medios, abandono de hospitales comarcales, intentos de privatizaci\u00f3n, adjudicaciones de los servicios t\u00e9cnicos son empresas privadas etc\u00bb.<\/p>\n<p>Publicidad<br \/>\n<a href=\"https:\/\/coronavirus.sergas.gal\/\" rel=\"nofollow noopener\" target=\"_blank\"><img decoding=\"async\" src=\"https:\/\/www.europesays.com\/es\/wp-content\/uploads\/2025\/11\/Banner_300x600_ok.gif\" alt=\"\"\/> <\/a><a href=\"https:\/\/www.europesays.com\/es\/wp-content\/uploads\/2026\/01\/valdeorrasdecerca_nton-Garcia-Goncalves_Saude_documental_2025_12_29-4.jpg\" class=\"td-modal-image\"><img loading=\"lazy\" decoding=\"async\" width=\"700\" height=\"933\" src=\"https:\/\/www.europesays.com\/es\/wp-content\/uploads\/2026\/01\/valdeorrasdecerca_nton-Garcia-Goncalves_Saude_documental_2025_12_29-4.jpg\" alt=\"\" class=\"wp-image-105097\"  \/><\/a><\/p>\n<p>Para el rodaje viaj\u00f3 tambi\u00e9n a Estados Unidos donde realiz\u00f3 diversas entrevistas, un pa\u00eds en el que \u00abbajo mi punto de vista la sanidad es peor porque si no tienes un buen seguro, te quedas en la calle, tengas la enfermedad que tengas\u00bb.<\/p>\n<p>Su conclusi\u00f3n personal, despu\u00e9s de rodar el documental, es que <strong>\u00abobjetivamente la sanidad no es buena<\/strong>, en general, y que se tiende a una privatizaci\u00f3n pasiva del sistema\u00bb, dice el joven director.<\/p>\n<p>\u00abSa\u00fade\u00bb tambi\u00e9n hace una peque\u00f1a alusi\u00f3n <strong>al antes y despu\u00e9s del Hospital P\u00fablico de Valdeorras<\/strong>, \u00abun antes en el que fue un hospital de referencia, importante para la medicina porque aqu\u00ed tuvo lugar <strong>el primer reimplante de mano de Espa\u00f1a <\/strong>a ra\u00edz de un accidente en una cantera, que contrasta con lo que es hoy\u00bb.<\/p>\n<p>Ant\u00f3n Garc\u00eda Gon\u00e7alves anima a la ciudadan\u00eda de Valdeorras a acudir al estreno de \u00abSa\u00fade\u00bb de un joven al que le gustar\u00eda ser un buen director de cine y poder dedicarse a ello en cuerpo y alma. \u00abMi sue\u00f1o es dedicarme a hacer pel\u00edculas\u00bb, concluye.<\/p>\n","protected":false},"excerpt":{"rendered":"Publicidad Es un retrato de la sanidad en el que se recogen testimonios en Galicia y tambi\u00e9n Estados&hellip;\n","protected":false},"author":2,"featured_media":317135,"comment_status":"","ping_status":"","sticky":false,"template":"","format":"standard","meta":{"footnotes":""},"categories":[169],"tags":[74109,177,6084,146,147,25,24,176,175,63304,1811,74110,23],"class_list":{"0":"post-317134","1":"post","2":"type-post","3":"status-publish","4":"format-standard","5":"has-post-thumbnail","7":"category-cine","8":"tag-anton-garcia-goncalves","9":"tag-cine","10":"tag-documental","11":"tag-entertainment","12":"tag-entretenimiento","13":"tag-es","14":"tag-espana","15":"tag-film","16":"tag-movies","17":"tag-o-barco","18":"tag-sanidad","19":"tag-saude","20":"tag-spain"},"share_on_mastodon":{"url":"https:\/\/pubeurope.com\/@es\/115819378638330800","error":""},"_links":{"self":[{"href":"https:\/\/www.europesays.com\/es\/wp-json\/wp\/v2\/posts\/317134","targetHints":{"allow":["GET"]}}],"collection":[{"href":"https:\/\/www.europesays.com\/es\/wp-json\/wp\/v2\/posts"}],"about":[{"href":"https:\/\/www.europesays.com\/es\/wp-json\/wp\/v2\/types\/post"}],"author":[{"embeddable":true,"href":"https:\/\/www.europesays.com\/es\/wp-json\/wp\/v2\/users\/2"}],"replies":[{"embeddable":true,"href":"https:\/\/www.europesays.com\/es\/wp-json\/wp\/v2\/comments?post=317134"}],"version-history":[{"count":0,"href":"https:\/\/www.europesays.com\/es\/wp-json\/wp\/v2\/posts\/317134\/revisions"}],"wp:featuredmedia":[{"embeddable":true,"href":"https:\/\/www.europesays.com\/es\/wp-json\/wp\/v2\/media\/317135"}],"wp:attachment":[{"href":"https:\/\/www.europesays.com\/es\/wp-json\/wp\/v2\/media?parent=317134"}],"wp:term":[{"taxonomy":"category","embeddable":true,"href":"https:\/\/www.europesays.com\/es\/wp-json\/wp\/v2\/categories?post=317134"},{"taxonomy":"post_tag","embeddable":true,"href":"https:\/\/www.europesays.com\/es\/wp-json\/wp\/v2\/tags?post=317134"}],"curies":[{"name":"wp","href":"https:\/\/api.w.org\/{rel}","templated":true}]}}