{"id":317156,"date":"2026-01-01T10:51:12","date_gmt":"2026-01-01T10:51:12","guid":{"rendered":"https:\/\/www.europesays.com\/es\/317156\/"},"modified":"2026-01-01T10:51:12","modified_gmt":"2026-01-01T10:51:12","slug":"river-plate-acordo-la-compra-de-giuliano-galoppo-los-dos-jugadores-que-dio-a-cambio","status":"publish","type":"post","link":"https:\/\/www.europesays.com\/es\/317156\/","title":{"rendered":"River Plate acord\u00f3 la compra de Giuliano Galoppo: los dos jugadores que dio a cambio"},"content":{"rendered":"<p><img alt=\"Giuliano Galoppo continuar\u00e1 en River\" class=\"global-image\" decoding=\"async\" fetchpriority=\"high\" height=\"4095\" loading=\"eager\" src=\"https:\/\/www.europesays.com\/es\/wp-content\/uploads\/2026\/01\/NQXKKYS4H5B4ZBSU2CLDIRG6AA.jpg\" width=\"6159\"\/>Giuliano Galoppo continuar\u00e1 en River Plate tras un acuerdo con el San Pablo (REUTERS\/Cristina Vega)<\/p>\n<p class=\"paragraph\"><b>River Plate<\/b> se asegur\u00f3 la continuidad de uno de los jugadores de su plantel para la pr\u00f3xima temporada y en las \u00faltimas horas acord\u00f3 con el <b>San Pablo<\/b> de Brasil la <b>transferencia definitiva <\/b>de <b>Giuliano Galoppo<\/b>. La operaci\u00f3n incluy\u00f3 a otros<b> dos futbolistas<\/b> que continuar\u00e1n sus carreras en el cuadro tricolor. <\/p>\n<p class=\"paragraph\">El acuerdo entre los clubes sudamericanos, seg\u00fan preciso el sitio Globo Esporte, incluye el pase de <b>Galopppo <\/b>al cuadro de N\u00fa\u00f1ez y las fichas del lateral izquierdo <b>Enzo D\u00edaz<\/b> y el delantero chileno <b>Gonzalo Tapia <\/b>para la instituci\u00f3n brasile\u00f1a. En la informaci\u00f3n difundida por San Pablo, se agrega que el club paulista <b>retiene el 50% de los derechos econ\u00f3micos <\/b>del ex mediocampista de Banfield, lo cual podr\u00eda aportar dividendos en caso de una venta posterior.<\/p>\n<p class=\"paragraph\">Como parte de este entendimiento, <b>San Pablo<\/b> anunci\u00f3 que <b>Enzo D\u00edaz <\/b>firmar\u00e1 un contrato v\u00e1lido hasta el <b>31 de diciembre de 2028<\/b>, mientras que <b>Tapia <\/b>se vincular\u00e1 con la instituci\u00f3n hasta el <b>31 de diciembre de 2029<\/b>. Ambos jugadores pasar\u00e1n a tener el<b> 60% de sus derechos econ\u00f3micos<\/b> en manos del Tricolor, dejando abierta la posibilidad de que el club adquiera un <b>20% adicional<\/b> de los derechos del atacante chileno antes del 30 de junio de 2027, si lo considera conveniente.<\/p>\n<p><img alt=\"Enzo D\u00edaz continuar\u00e1 como jugador\" class=\"global-image\" decoding=\"async\" fetchpriority=\"low\" height=\"1684\" loading=\"lazy\" src=\"https:\/\/www.europesays.com\/es\/wp-content\/uploads\/2026\/01\/PQWXAO2MANBCHEAP24WRG2EZ2Y.jpg\" width=\"2474\"\/>Enzo D\u00edaz continuar\u00e1 como jugador del San Pablo FC (REUTERS\/Thiago Bernardes)<\/p>\n<p class=\"paragraph\">El art\u00edculo del medio brasile\u00f1o ampl\u00eda que la adquisici\u00f3n de ese 60% en los derechos de <b>Enzo D\u00edaz<\/b> y <b>Gonzalo<\/b> <b>Tapia <\/b>equivale al <b>50% de la venta de Galoppo<\/b> a <b>River Plate<\/b>, aunque, a solicitud del equipo argentino, las cifras involucradas permanecer\u00e1n confidenciales. El reparto de los derechos econ\u00f3micos del mediocampista de <b>26 a\u00f1os<\/b> quedar\u00e1 a <b>partes iguales<\/b> entre las dos instituciones, con vistas a capitalizar un eventual traspaso futuro.<\/p>\n<p class=\"paragraph\"><b>Giuliano Galoppo <\/b>y <b>Enzo D\u00edaz<\/b> hab\u00edan llegado previamente cedidos a sus respectivos destinos, condicionados por metas deportivas que activar\u00edan las opciones de compra. En el caso del defensor con pasado en Talleres de C\u00f3rdoba, las condiciones se cumplieron y su pase al <b>San Pablo<\/b> qued\u00f3 asegurado. Por el contrario, el surgido de Banfield no alcanz\u00f3 el objetivo establecido por <b>River Plate <\/b>(disput\u00f3 35 partidos, con 7 goles), pero los clubes pactaron que la negociaci\u00f3n ser\u00eda definitiva de igual modo, seg\u00fan confirmaron fuentes del club paulista a Globo Esporte.<\/p>\n<p><img alt=\"Gonzalo Tapia durante su presentaci\u00f3n\" class=\"global-image\" decoding=\"async\" fetchpriority=\"low\" height=\"608\" loading=\"lazy\" src=\"https:\/\/www.europesays.com\/es\/wp-content\/uploads\/2026\/01\/44FMI7GDAZFMFPPEPSHKALXXSE.jpg\" width=\"1080\"\/>Gonzalo Tapia durante su presentaci\u00f3n en River Plate en enero de 2025. Continuar\u00e1 en el San Pablo FC (Instagram @riverplate)<\/p>\n<p class=\"paragraph\">La negociaci\u00f3n incluy\u00f3 de forma destacada a <b>Gonzalo Tapia<\/b>, quien originalmente hab\u00eda llegado en calidad de pr\u00e9stamo por un a\u00f1o,<b> hasta el 30 de junio de 2026<\/b>, en una cesi\u00f3n que convenci\u00f3 al entrenador <b>Hern\u00e1n Crespo<\/b>. El buen desempe\u00f1o del atacante trasandino motiv\u00f3 su incorporaci\u00f3n a t\u00edtulo definitivo.<\/p>\n<p class=\"paragraph\">En cuanto al presente de <b>River Plate<\/b>, que se encuentra realizando la pretemporada en Buenos Aires bajo las \u00f3rdenes de <b>Marcelo Gallardo<\/b>, ya son tres los refuerzos contando a <b>Galoppo<\/b> y las recientes incorporaciones de <b>Fausto Vera<\/b> y <b>An\u00edbal Moreno<\/b>, ambos provenientes del f\u00fatbol brasile\u00f1o. El Millonario no se quedar\u00eda de brazos cruzados y <a href=\"https:\/\/www.infobae.com\/deportes\/2025\/12\/31\/sonrie-marcelo-gallardo-river-plate-quedo-a-un-paso-de-cerrar-a-un-jugador-de-seleccion-y-campeon-de-copa-libertadores\/\" target=\"_blank\" rel=\"noreferrer nofollow noopener\" title=\"https:\/\/www.infobae.com\/deportes\/2025\/12\/31\/sonrie-marcelo-gallardo-river-plate-quedo-a-un-paso-de-cerrar-a-un-jugador-de-seleccion-y-campeon-de-copa-libertadores\/\">tiene avanzadas las negociaciones para sumar al lateral izquierdo uruguayo <b>Mat\u00edas Vi\u00f1a<\/b><\/a>, actualmente en Flamengo. <\/p>\n<p class=\"paragraph\">La necesidad de sumar una alternativa en el lateral izquierdo surgi\u00f3 tras la decisi\u00f3n de <b>Gallardo <\/b>de no contar con <b>Milton Casco<\/b> para la pr\u00f3xima temporada, por lo que el entrenador insisti\u00f3 a la dirigencia para reforzar esa zona. El conjunto de N\u00fa\u00f1ez hab\u00eda intentado sin \u00e9xito incorporar a <b>Julio Soler<\/b> desde Bournemouth y a<b> Alexandro Bernabei <\/b>desde Inter, mientras que los sondeos por <b>Rom\u00e1n Vega <\/b>(Zenit), <b>\u00c1ngelo Martino<\/b> (CSKA Sofia) y <b>Elias B\u00e1ez<\/b> (San Lorenzo) tampoco prosperaron ni avanzaron a instancias formales.<\/p>\n<p><img alt=\"Mat\u00edas Vi\u00f1a, el lateral uruguayo\" class=\"global-image\" decoding=\"async\" fetchpriority=\"low\" height=\"1080\" loading=\"lazy\" src=\"https:\/\/www.europesays.com\/es\/wp-content\/uploads\/2026\/01\/XTSCM57P6RG7TDUOTOH4J3IO6U.jpg\" width=\"1920\"\/>Mat\u00edas Vi\u00f1a, el lateral uruguayo del Flamengo que busca River Plate (Ruano Carneiro\/Alamy Live News (Grosby)<\/p>\n<p class=\"paragraph\">La opci\u00f3n de <b>Vi\u00f1a <\/b>tom\u00f3 fuerza en los \u00faltimos d\u00edas, impulsada por el inter\u00e9s del futbolista en ser dirigido por <b>Gallardo <\/b>y por la voluntad de <b>Flamengo <\/b>de desprenderse de un futbolista que dej\u00f3 de ser prioridad. El club brasile\u00f1o aceptar\u00eda darlo a pr\u00e9stamo con cargo y una opci\u00f3n de compra, pese a que en su momento gast\u00f3 cerca de <b>8 millones de euros<\/b> para sacarlo de Roma. Adem\u00e1s, los cariocas lograr\u00edan liberar un cupo en su plantilla. <b>El jugador, por su parte, prioriza sumar minutos en el semestre previo al inicio de la Copa del Mundo de Estados Unidos, Canad\u00e1 y M\u00e9xico 2026<\/b>. El marcador de punta es un habitual convocado por <b>Marcelo Bielsa<\/b> en Uruguay.<\/p>\n","protected":false},"excerpt":{"rendered":"Giuliano Galoppo continuar\u00e1 en River Plate tras un acuerdo con el San Pablo (REUTERS\/Cristina Vega) River Plate se&hellip;\n","protected":false},"author":2,"featured_media":317157,"comment_status":"","ping_status":"","sticky":false,"template":"","format":"standard","meta":{"footnotes":""},"categories":[268],"tags":[168,25,24,280,282,56646,281,757,23,3020,167],"class_list":{"0":"post-317156","1":"post","2":"type-post","3":"status-publish","4":"format-standard","5":"has-post-thumbnail","7":"category-futbol","8":"tag-deportes","9":"tag-es","10":"tag-espana","11":"tag-football","12":"tag-futbol","13":"tag-quito","14":"tag-soccer","15":"tag-south-america-central-america","16":"tag-spain","17":"tag-sport","18":"tag-sports"},"share_on_mastodon":{"url":"https:\/\/pubeurope.com\/@es\/115819464982936666","error":""},"_links":{"self":[{"href":"https:\/\/www.europesays.com\/es\/wp-json\/wp\/v2\/posts\/317156","targetHints":{"allow":["GET"]}}],"collection":[{"href":"https:\/\/www.europesays.com\/es\/wp-json\/wp\/v2\/posts"}],"about":[{"href":"https:\/\/www.europesays.com\/es\/wp-json\/wp\/v2\/types\/post"}],"author":[{"embeddable":true,"href":"https:\/\/www.europesays.com\/es\/wp-json\/wp\/v2\/users\/2"}],"replies":[{"embeddable":true,"href":"https:\/\/www.europesays.com\/es\/wp-json\/wp\/v2\/comments?post=317156"}],"version-history":[{"count":0,"href":"https:\/\/www.europesays.com\/es\/wp-json\/wp\/v2\/posts\/317156\/revisions"}],"wp:featuredmedia":[{"embeddable":true,"href":"https:\/\/www.europesays.com\/es\/wp-json\/wp\/v2\/media\/317157"}],"wp:attachment":[{"href":"https:\/\/www.europesays.com\/es\/wp-json\/wp\/v2\/media?parent=317156"}],"wp:term":[{"taxonomy":"category","embeddable":true,"href":"https:\/\/www.europesays.com\/es\/wp-json\/wp\/v2\/categories?post=317156"},{"taxonomy":"post_tag","embeddable":true,"href":"https:\/\/www.europesays.com\/es\/wp-json\/wp\/v2\/tags?post=317156"}],"curies":[{"name":"wp","href":"https:\/\/api.w.org\/{rel}","templated":true}]}}