{"id":317158,"date":"2026-01-01T10:52:07","date_gmt":"2026-01-01T10:52:07","guid":{"rendered":"https:\/\/www.europesays.com\/es\/317158\/"},"modified":"2026-01-01T10:52:07","modified_gmt":"2026-01-01T10:52:07","slug":"la-discreta-relacion-de-winona-ryder-y-scott-mackinlay-hahn-al-margen-del-espectaculo","status":"publish","type":"post","link":"https:\/\/www.europesays.com\/es\/317158\/","title":{"rendered":"La discreta relaci\u00f3n de Winona Ryder y Scott Mackinlay Hahn al margen del espect\u00e1culo"},"content":{"rendered":"<p class=\"c-paragraph\">Con el estreno de la quinta y \u00faltima temporada de <a href=\"https:\/\/www.20minutos.es\/tags\/temas\/stranger-things.html\" rel=\"nofollow noopener\" target=\"_blank\">Stranger Things<\/a>, tanto la serie de <b>los hermanos Duffer <\/b>como los actores y actrices protagonistas, est\u00e1n acaparando todos los titulares. Una atenci\u00f3n medi\u00e1tica a la que, por ejemplo, <a href=\"https:\/\/www.20minutos.es\/tags\/temas\/winona-ryder.html\" rel=\"nofollow noopener\" target=\"_blank\">Winona Ryder<\/a> est\u00e1 acostumbrada despu\u00e9s de sus <b>casi 40 a\u00f1os de carrera profesional<\/b>. Sin embargo, al contrario que en su profesi\u00f3n, su vida privada se mantiene lejos de los focos.<\/p>\n<p class=\"c-paragraph\">Quien se ha metido de nuevo en la piel de <b>Joyce Byers<\/b> lleva una estable, pero discreta relaci\u00f3n con <b>Scott Mackinlay Hahn<\/b>. Para la industria de la moda, este nombre no es desconocido, el estadounidense es<b> fundador de Loomstate,<\/b> una compa\u00f1\u00eda de ropa sostenible. Lo curioso es que sus dos mundos, tan diferentes, llegaron a encontrarse.<\/p>\n<p class=\"c-paragraph\">Winona y Scott <b>se conocieron en la premier de Cisne negro<\/b> y, pese a que sus trayectorias profesionales eran muy distintas, ten\u00edan mucho en com\u00fan. Fue a partir de <b>2011<\/b> cuando los rumores de que estaban saliendo empezaron a coger carrerilla debido a su debut en la Tim Burton\u2019s Opening Party.<\/p>\n<p class=\"c-paragraph\">Aunque su posado oficial sobre una alfombra roja no se dio hasta octubre de 2015 en el preestreno de Experimenter: la historia de Stanley Milgram. Su noviazgo, siempre bajo la <b>m\u00e1xima discreci\u00f3n<\/b>, solo ha aparecido bajo el ojo p\u00fablico en las puntuales ocasiones en las que el empresario ha acompa\u00f1ado a la actriz a sus actos promocionales. De hecho,<b> no se ha perdido los eventos de Stranger Things.<\/b><\/p>\n<p>Cuando la discreci\u00f3n es un lujo<\/p>\n<p class=\"c-paragraph\">Con <b>una relaci\u00f3n tan secreta, pero a la vez tan c\u00f3mplice<\/b> por lo que transmiten cuando posan juntos, no es de extra\u00f1ar que cada vez que aparecen p\u00fablicamente, en redes sociales, generen hype entre los fans de la int\u00e9rprete. \u00abLa raz\u00f3n por la que creo en el amor son ellos\u00bb, \u00abSon ideales\u00bb, \u00abEstoy tan feliz de que se hayan encontrado\u00bb o <b>\u00abEst\u00e1n hechos el uno para el otro\u00bb<\/b>, son algunos de los comentarios que se puede leer sobre la pareja.<\/p>\n<p class=\"c-paragraph\">En 2022 una persona del entorno de la pareja habl\u00f3 en la revista Us sobre su futuro: <b>\u00abQuiz\u00e1s se casen eventualmente\u00bb<\/b>. Pero tambi\u00e9n asegur\u00f3 no era una prioridad para ellos, ya que se encontraban bien en la relaci\u00f3n. Han pasado 3 a\u00f1os desde entonces y no ha cambiado ni su preferencia por el matrimonio ni por ampliar la familia, la mejor prueba de que <b>son felices tal como est\u00e1n.<\/b><\/p>\n<p class=\"c-paragraph\">\u00ab\u00c9l es genial, tengo mucha suerte\u00bb, declar\u00f3 Winona Ryder para la revista Harper\u2019s Bazaar en 2024. \u00ab<b>En mis 30 tuve dos relaciones desastrosas<\/b> que no estaban mal, pero esto fue antes de que se te ocurriera buscar a alguien en Google\u00bb, dijo. \u00abCuando miro hacia atr\u00e1s, pienso: &#8216;\u00bfEn qu\u00e9 demonios estaba pensando?&#8217;. Sal\u00eda con el tipo de persona que solo te avisa despu\u00e9s de unas semanas de que est\u00e1 en una relaci\u00f3n con otra persona\u00bb.<\/p>\n<p class=\"c-paragraph\">Que <b>el pasado no define el presente <\/b>es algo que la propia actriz parece demostrar. Tras esas relaciones ca\u00f3ticas, su etapa junto a Scott es todo lo contrario. Una forma de amar calmada y estable, sin sobresaltos, lo que tambi\u00e9n le diferencia de su personaje, cuya vida sentimental ha estado marcada por la p\u00e9rdida y la incertidumbre. Y que el \u00e9xito de su relaci\u00f3n tambi\u00e9n reside en poder <b>construir sin tener que exponerlo todo.<\/b><\/p>\n","protected":false},"excerpt":{"rendered":"Con el estreno de la quinta y \u00faltima temporada de Stranger Things, tanto la serie de los hermanos&hellip;\n","protected":false},"author":2,"featured_media":317159,"comment_status":"","ping_status":"","sticky":false,"template":"","format":"standard","meta":{"footnotes":""},"categories":[174],"tags":[255,4702,146,147,25,24,256,5977,2229,9133,23,74113],"class_list":{"0":"post-317158","1":"post","2":"type-post","3":"status-publish","4":"format-standard","5":"has-post-thumbnail","7":"category-famosos","8":"tag-celebrities","9":"tag-discreta","10":"tag-entertainment","11":"tag-entretenimiento","12":"tag-es","13":"tag-espana","14":"tag-famosos","15":"tag-relacion","16":"tag-ryder","17":"tag-scott","18":"tag-spain","19":"tag-winona"},"share_on_mastodon":{"url":"https:\/\/pubeurope.com\/@es\/115819469171136110","error":""},"_links":{"self":[{"href":"https:\/\/www.europesays.com\/es\/wp-json\/wp\/v2\/posts\/317158","targetHints":{"allow":["GET"]}}],"collection":[{"href":"https:\/\/www.europesays.com\/es\/wp-json\/wp\/v2\/posts"}],"about":[{"href":"https:\/\/www.europesays.com\/es\/wp-json\/wp\/v2\/types\/post"}],"author":[{"embeddable":true,"href":"https:\/\/www.europesays.com\/es\/wp-json\/wp\/v2\/users\/2"}],"replies":[{"embeddable":true,"href":"https:\/\/www.europesays.com\/es\/wp-json\/wp\/v2\/comments?post=317158"}],"version-history":[{"count":0,"href":"https:\/\/www.europesays.com\/es\/wp-json\/wp\/v2\/posts\/317158\/revisions"}],"wp:featuredmedia":[{"embeddable":true,"href":"https:\/\/www.europesays.com\/es\/wp-json\/wp\/v2\/media\/317159"}],"wp:attachment":[{"href":"https:\/\/www.europesays.com\/es\/wp-json\/wp\/v2\/media?parent=317158"}],"wp:term":[{"taxonomy":"category","embeddable":true,"href":"https:\/\/www.europesays.com\/es\/wp-json\/wp\/v2\/categories?post=317158"},{"taxonomy":"post_tag","embeddable":true,"href":"https:\/\/www.europesays.com\/es\/wp-json\/wp\/v2\/tags?post=317158"}],"curies":[{"name":"wp","href":"https:\/\/api.w.org\/{rel}","templated":true}]}}