{"id":317177,"date":"2026-01-01T11:06:13","date_gmt":"2026-01-01T11:06:13","guid":{"rendered":"https:\/\/www.europesays.com\/es\/317177\/"},"modified":"2026-01-01T11:06:13","modified_gmt":"2026-01-01T11:06:13","slug":"atrapada-una-persona-que-hacia-raquetas-por-un-nuevo-alud-en-el-pirineo-aragones","status":"publish","type":"post","link":"https:\/\/www.europesays.com\/es\/317177\/","title":{"rendered":"Atrapada una persona que hac\u00eda raquetas por un nuevo alud en el Pirineo aragon\u00e9s"},"content":{"rendered":"<p>            Atrapada una persona que hac\u00eda raquetas por un nuevo alud en el Pirineo aragon\u00e9s                <\/p>\n<p>Atrapada una persona que hac\u00eda raquetas por un nuevo alud en el Pirineo aragon\u00e9s<\/p>\n<p class=\"epigraph\">Ha sido activado el Greim de la Guardia Civil, pero los socorristas ten\u00edan en torno a tres horas caminando hasta llegar al lugar de los hechos.<\/p>\n<p class=\"paragraph\">Una persona ha quedado atrapada por un nuevo alud este mi\u00e9rcoles en el Pirineo aragon\u00e9s <b>mientras practicaba raquetas<\/b>. Los hechos han ocurrido en la zona de Urdiceto, en el valle de Bielsa, bajo el collado de Punta Suelza, a casi 3.000 metros de altitud.<a href=\"https:\/\/www.heraldo.es\/noticias\/aragon\/huesca\/2025\/12\/31\/el-alud-mortal-de-panticosa-deslizo-muchos-metros-cubicos-de-nieve-a-gran-velocidad-en-segundos-1882367.html\" title=\"El alud mortal de Panticosa desliz\u00f3 &quot;muchos metros c\u00fabicos de nieve a gran velocidad en segundos&quot;\" rel=\"nofollow noopener\" target=\"_blank\"> Ha sido solo dos d\u00edas despu\u00e9s de la avalancha que mat\u00f3 a tres expertos esquiadores de traves\u00eda<\/a> cerca del balneario de Panticosa, los aragoneses Jorge Garc\u00eda-Dihinx (55 a\u00f1os) y Natalia Rom\u00e1n (36) y el vasco Eneko Arrastua (48).<\/p>\n<p>            Conforme a los criterios de<br \/>\n            <a class=\"trustproject_img\" id=\"trustproject_img\" href=\"https:\/\/thetrustproject.org\/\" target=\"_blank\" rel=\"nofollow noopener\" aria-label=\"Trust Project\"><img decoding=\"async\" loading=\"lazy\" src=\"https:\/\/www.heraldo.es\/images\/Trust-Logo-Horizontal.svg\" alt=\"Logo Trust Project\" width=\"200\" height=\"34\"\/><\/a><\/p>\n<p>                <img decoding=\"async\" loading=\"lazy\" src=\"https:\/\/www.europesays.com\/es\/wp-content\/uploads\/2025\/08\/maria-jose-villanueva.jpeg\" class=\"author-image\" width=\"120\" height=\"120\" alt=\"Mar\u00eda Jos\u00e9 Villanueva\"\/><\/p>\n<p>        <a href=\"https:\/\/www.henneo.com\/\" title=\"Grupo Henneo\" class=\"logo\" rel=\"nofollow noopener\" target=\"_blank\"><br \/>\n            <img decoding=\"async\" src=\"https:\/\/www.heraldo.es\/images\/logo_henneo_gris.svg\" alt=\"Logo Henneo\" width=\"559\" height=\"389\" loading=\"lazy\"\/><br \/>\n        <\/a><\/p>\n<p>\u00a9 HERALDO DE ARAGON EDITORA, S.L.U.<br \/>Tel\u00e9fono 976 765 000 \/ &#8211; P\u00ba. Independencia, 29, 50001 Zaragoza &#8211; CIF: B99288763 &#8211; Inscrita en el Registro Mercantil de Zaragoza al Tomo 3796, Libro 0, Folio 177, Secci\u00f3n 8, Hoja Z-50564<br \/>Queda prohibida toda reproducci\u00f3n sin permiso escrito de la empresa a los efectos del art\u00edculo 32.1, p\u00e1rrafo segundo, de la Ley de Propiedad Intelectual<\/p>\n<p>\n                P\u00ba Independencia, 29, 50001 Zaragoza<br \/> Tel\u00e9fono 976 765 000\n            <\/p>\n<p>                    Actualmente tu navegador no permite ejecutar JavaScript. Para poder disfrutar de nuestro contenido es necesario que lo permita.<br \/>\n                                        <img decoding=\"async\" loading=\"lazy\" alt=\"Heraldo logo\" src=\"https:\/\/dkumiip2e9ary.cloudfront.net\/xalok\/heraldo\/especiales\/hola-de-nuevo\/logo-heraldo.svg\" width=\"215\" height=\"43\"\/><\/p>\n","protected":false},"excerpt":{"rendered":"Atrapada una persona que hac\u00eda raquetas por un nuevo alud en el Pirineo aragon\u00e9s Atrapada una persona que&hellip;\n","protected":false},"author":2,"featured_media":317178,"comment_status":"","ping_status":"","sticky":false,"template":"","format":"standard","meta":{"footnotes":""},"categories":[5],"tags":[9069,15688,17,18,25,24,13,14,11,19,20,9,10,15,16,3638,24807,74114,23,12,21,22],"class_list":{"0":"post-317177","1":"post","2":"type-post","3":"status-publish","4":"format-standard","5":"has-post-thumbnail","7":"category-titulares","8":"tag-aragones","9":"tag-atrapada","10":"tag-breaking-news","11":"tag-breakingnews","12":"tag-es","13":"tag-espana","14":"tag-featured-news","15":"tag-featurednews","16":"tag-headlines","17":"tag-latest-news","18":"tag-latestnews","19":"tag-news","20":"tag-noticias","21":"tag-noticias-destacadas","22":"tag-noticiasdestacadas","23":"tag-persona","24":"tag-pirineo","25":"tag-raquetas","26":"tag-spain","27":"tag-titulares","28":"tag-ultimas-noticias","29":"tag-ultimasnoticias"},"share_on_mastodon":{"url":"https:\/\/pubeurope.com\/@es\/115819523859400416","error":""},"_links":{"self":[{"href":"https:\/\/www.europesays.com\/es\/wp-json\/wp\/v2\/posts\/317177","targetHints":{"allow":["GET"]}}],"collection":[{"href":"https:\/\/www.europesays.com\/es\/wp-json\/wp\/v2\/posts"}],"about":[{"href":"https:\/\/www.europesays.com\/es\/wp-json\/wp\/v2\/types\/post"}],"author":[{"embeddable":true,"href":"https:\/\/www.europesays.com\/es\/wp-json\/wp\/v2\/users\/2"}],"replies":[{"embeddable":true,"href":"https:\/\/www.europesays.com\/es\/wp-json\/wp\/v2\/comments?post=317177"}],"version-history":[{"count":0,"href":"https:\/\/www.europesays.com\/es\/wp-json\/wp\/v2\/posts\/317177\/revisions"}],"wp:featuredmedia":[{"embeddable":true,"href":"https:\/\/www.europesays.com\/es\/wp-json\/wp\/v2\/media\/317178"}],"wp:attachment":[{"href":"https:\/\/www.europesays.com\/es\/wp-json\/wp\/v2\/media?parent=317177"}],"wp:term":[{"taxonomy":"category","embeddable":true,"href":"https:\/\/www.europesays.com\/es\/wp-json\/wp\/v2\/categories?post=317177"},{"taxonomy":"post_tag","embeddable":true,"href":"https:\/\/www.europesays.com\/es\/wp-json\/wp\/v2\/tags?post=317177"}],"curies":[{"name":"wp","href":"https:\/\/api.w.org\/{rel}","templated":true}]}}