{"id":317186,"date":"2026-01-01T11:17:17","date_gmt":"2026-01-01T11:17:17","guid":{"rendered":"https:\/\/www.europesays.com\/es\/317186\/"},"modified":"2026-01-01T11:17:17","modified_gmt":"2026-01-01T11:17:17","slug":"las-impresionantes-fotografias-del-constructor-asturiano-que-viaja-por-el-mundo","status":"publish","type":"post","link":"https:\/\/www.europesays.com\/es\/317186\/","title":{"rendered":"las impresionantes fotograf\u00edas del constructor asturiano que viaja por el mundo"},"content":{"rendered":"<p class=\"ft-text ft-helper-closenews\">Hacer fotos es su \u00abtabaco\u00bb y viajar por medio mundo el veh\u00edculo para que su ojo vea y grabe los modos de vida y costumbres de \u00c1frica y Asia, sus dos escenarios preferidos tras haber estado en una treintena de pa\u00edses. Es Emilio Cueto, constructor ya jubilado que a sus 81 a\u00f1os tiene en mente proyectos de m\u00e1s viajes, libros y exposiciones, todo ello relacionado con su gran pasi\u00f3n, la fotograf\u00eda. Emilio Cueto empez\u00f3 a hacer fotos \u00abde jovenc\u00edn\u00bb con aquella c\u00e1mara Voigtl\u00e4nder Bessamatic, que llevaba a sus salidas con el Grupo de Monta\u00f1a Vetusta. \u00abLuego proyectaba las diapositivas los lunes y martes en la sede del grupo, que estaba en la avenida de Galicia de Oviedo\u00bb, recuerda Cueto. Eran paisajes de monta\u00f1a, afirma Cueto, que fue segundo de a bordo en la construcci\u00f3n del Palacio de los Deportes de Oviedo antes de fundar su propia constructora, con su cu\u00f1ado. \u00abLlevamos cuarenta a\u00f1os\u00bb, afirma.<\/p>\n<p class=\"ft-text\">Emilio Cueto empez\u00f3 a hacer fotos \u00abde jovenc\u00edn\u00bb con aquella c\u00e1mara Voigtl\u00e4nder Bessamatic, que llevaba a sus salidas con el Grupo de Monta\u00f1a Vetusta. \u00abLuego proyectaba las diapositivas los lunes y martes en la sede del grupo, que estaba en la avenida de Galicia de Oviedo\u00bb, recuerda Cueto. Eran paisajes de monta\u00f1a, afirma Cueto, que fue segundo de a bordo en la construcci\u00f3n del Palacio de los Deportes de Oviedo antes de fundar su propia constructora, con su cu\u00f1ado. \u00abLlevamos cuarenta a\u00f1os\u00bb, afirma.<\/p>\n<p><img decoding=\"async\" src=\"https:\/\/www.europesays.com\/es\/wp-content\/uploads\/2026\/01\/bed72189-20fb-4935-92f6-7cb885a29924_alta-libre-aspect-ratio_default_0.jpg\" width=\"1200\" height=\"1883\" alt=\"(1) Una leona bebe en una zona de paso de todoterrenos en Kenia.  (2) Unajoven de la tribu etiope Hamer con escarificaciones en su espalda. (3) Una estampa de la sabana keniata. (4) Rito del salto del toro en un poblado hamer. (5,6 y 7)) Un cocodrilo  a la orilla del Nilo, un picozapato y un gorila de espalda plateada en Uganda\" class=\"ft-helper-img-rd\" loading=\"lazy\"\/><\/p>\n<p class=\"ft-helper-fontColor-quaternary ft-helper-fontSize-body-S ft-helper-spacer-t-xxs\">Una mujer etiope, con el pelo rojizo por el \u00f3xido de hierro  \/ Emilio Cueto<\/p>\n<p class=\"ft-text\">Su gran afici\u00f3n, \u00abde toda la vida\u00bb, ha sido y es la fotograf\u00eda. \u00abDespu\u00e9s vinieron los viajes, primero por Europa, en coche, en tren, en avi\u00f3n y con mi mujer, Teresa Ferrero, que tambi\u00e9n es muy viajera. Fuimos por medio mundo con otras parejas\u00bb. Pero una enfermedad de la espalda de Teresa trunc\u00f3 las posibilidades de viajar del matrimonio y su mujer le abri\u00f3 los ojos: \u00abAhora que no puedo viajar yo, viajas t\u00fa y me ense\u00f1as lo que ves\u00bb. As\u00ed que Emilio Cueto se uni\u00f3 a un grupo de fot\u00f3grafos experimentados, Namaste Photo Tours, que organiza viajes sobre todo por diferentes pa\u00edses de \u00c1frica y que capitanea desde <a class=\"ft-link ft-link--decoration\" href=\"https:\/\/www.lne.es\/tags\/llanes\/\" rel=\"nofollow noopener\" target=\"_blank\">Llanes<\/a> Juan Ram\u00f3n Noriega. El \u00e1lbum del veterano constructor comenz\u00f3 a crecer con miles de fotos. Dispone de un archivo gr\u00e1fico con im\u00e1genes de una treintena de pa\u00edses, pero sobre todo se centra en cuatro de \u00c1frica, que son Etiop\u00eda, Namibia, Tanzania y Uganda, y en tres de Asia, India, Nepal y Myanmar.<\/p>\n<p><img decoding=\"async\" src=\"https:\/\/www.europesays.com\/es\/wp-content\/uploads\/2026\/01\/70d813f1-bbe9-4913-9cba-5e275431c7f2_alta-libre-aspect-ratio_default_0.jpg\" width=\"1200\" height=\"833\" alt=\"La c\u00e1mara de Emilio Cueto, en medio de la tribu\" class=\"ft-helper-img-rd\" loading=\"lazy\"\/><\/p>\n<p class=\"ft-helper-fontColor-quaternary ft-helper-fontSize-body-S ft-helper-spacer-t-xxs\">Dos ni\u00f1os et\u00edopes se protegen del sol con hojas  \/ Emilio Cueto<\/p>\n<p>Un archivo en expansi\u00f3n<\/p>\n<p class=\"ft-text\">Un material que no para de crecer. Solo este a\u00f1o ha realizado tres viajes. \u00abEstuve en Kenia, en un resort solo para fot\u00f3grafos, que es de un masai\u00bb despu\u00e9s en Namibia, un pa\u00eds con unos desiertos impresionantes, uno discurre de norte a sur, casi dos mil kil\u00f3metros pegados al mar en la Costa de los Esqueletos, es una maravilla, y el m\u00e1s reciente ha sido a Etiop\u00eda\u00bb, comenta.<\/p>\n<p class=\"ft-text\">El objetivo de su c\u00e1mara tiene una tendencia clara, los h\u00e1bitos y costumbres de las tribus africanas como los Himba y los Herero, ambas de Namibia. \u00abLas mujeres himba se ba\u00f1an cada cuatro meses, echan en todo el cuerpo una mezcla de polvos de \u00f3xido de hierro y mantequilla de leche de vaca de la que sale una costra que las protege de los mosquitos y el sol. Cada cuatro meses, aproximadamente, esa costra se rasca y se quita para que durante dos o tres d\u00edas la piel est\u00e9 en contacto directo con el aire y ya vuelven a repetir el mismo ciclo\u00bb, detalla Emilio Cueto.<\/p>\n<p><img decoding=\"async\" src=\"https:\/\/www.europesays.com\/es\/wp-content\/uploads\/2026\/01\/608236d9-e6a0-41fa-aa6e-23904f2b8d9c_alta-libre-aspect-ratio_default_0_x628y290.jpg\" width=\"1200\" height=\"952\" alt=\"La c\u00e1mara de Emilio Cueto, en medio de la tribu\" class=\"ft-helper-img-rd\" loading=\"lazy\"\/><\/p>\n<p class=\"ft-helper-fontColor-quaternary ft-helper-fontSize-body-S ft-helper-spacer-t-xxs\">Emilio Cueto con su amiga inseparable, la c\u00e1mara de fotos  \/ Miki L\u00f3pez<\/p>\n<p class=\"ft-text\">La continuidad hasta el siglo XXI de los Herero es una historia de supervivencia. \u00abCasi viven de milagro porque la colonizaci\u00f3n alemana casi acaba con ellos\u00bb, apunta Cueto, que tambi\u00e9n ha retratado en Namibia \u00abla mayor duna del mundo, que se llama la n\u00famero 45 porque est\u00e1 en ese kil\u00f3metro de una carretera\u00bb.<\/p>\n<p class=\"ft-text\">Otro de los lugares que forman parte del archivo gr\u00e1fico de Emilio Cueto es Kolmanskop, un paraje sin igual en el sur de Namibia. \u00abA principios del siglo XX encontraron en aquella zona pepitas de oro y piedras preciosas en el cauce de un antiguo r\u00edo, fueron para all\u00e1 los alemanes y montaron una ciudad, con hospitales, oficinas, llevaron all\u00ed hasta el ferrocarril, pero cuando se acab\u00f3 el oro lo abandonaron y ahora todo el pueblo es monumento nacional y Patrimonio de la Humanidad porque el desierto, la arena, lo est\u00e1 cubriendo todo\u00bb.<\/p>\n<p><img decoding=\"async\" src=\"https:\/\/www.europesays.com\/es\/wp-content\/uploads\/2026\/01\/ae5f8fe5-f75f-439c-bd9e-2aa880128c75_alta-libre-aspect-ratio_default_0.jpg\" width=\"1200\" height=\"2204\" alt=\"La c\u00e1mara de Emilio Cueto, en medio de la tribu\" class=\"ft-helper-img-rd\" loading=\"lazy\"\/><\/p>\n<p class=\"ft-helper-fontColor-quaternary ft-helper-fontSize-body-S ft-helper-spacer-t-xxs\">La c\u00e1mara de Emilio Cueto, en medio de la tribu  \/ Emilio Cueto<\/p>\n<p>Etiop\u00eda, uno de sus destinos fijos: \u00abEste pa\u00eds es la cuna de los poblados\u00bb<\/p>\n<p class=\"ft-text\">Etiop\u00eda es otro de los destinos fijos de la c\u00e1mara fotogr\u00e1fica de Emilio Cueto. \u00abEste pa\u00eds es la cuna de las tribus y los poblados. Hay una zona al sur, el Parque Nacional del r\u00edo Omo, que es l\u00edmite con la frontera de Sud\u00e1n del Sur y con Kenia, donde hay tribus espectaculares, est\u00e1n los Amhara, los Mursi, los Karo, los Hamer, los Surma, los Niagat\u00f3n\u00bb.<\/p>\n<p class=\"ft-text\">Una de las pr\u00e1cticas que ha fotografiado Emilio Cueto son los platos labiales de los Mursi. \u00abLos quitan para comer, como tambi\u00e9n hacen con la dentadura inferior, para poder ingerir mejor; tambi\u00e9n ponen platos en las orejas. Y las mujeres hamer hacen escarificaciones para atraer a los hombres. Les provocan una incisi\u00f3n en partes de su cuerpo, sobre todo en la espalada con varas finas y cuando est\u00e1n sangrando echan ceniza de un \u00e1rbol especial quemado previamente, luego esa herida se les infecta y quedan esas formas en relieve sobre su cuerpo\u00bb, detalla Emilio Cueto.<\/p>\n<p><img decoding=\"async\" src=\"https:\/\/www.europesays.com\/es\/wp-content\/uploads\/2026\/01\/6f05c3fb-1550-4474-90a7-11c2b788f54e_alta-libre-aspect-ratio_default_0.jpg\" width=\"1200\" height=\"852\" alt=\"La c\u00e1mara de Emilio Cueto, en medio de la tribu\" class=\"ft-helper-img-rd\" loading=\"lazy\"\/><\/p>\n<p class=\"ft-helper-fontColor-quaternary ft-helper-fontSize-body-S ft-helper-spacer-t-xxs\">Una estampa de la sabana keniata.  \/ Emilio Cueto<\/p>\n<p class=\"ft-text\">Ritos como el del salto del toro, que \u00absupone pasar de la pubertad a ser hombre, tras saltar tres veces encima de cinco o siete toros en paralelo\u00bb, o beber sangre directamente del cuello de una vaca \u00abpara ser m\u00e1s fuertes\u00bb, han quedado grabados en su retina y tambi\u00e9n en su disco duro. En la aproximaci\u00f3n con las tribus adquiere una importancia vital el trueque en el coraz\u00f3n del poblado. \u00abLlegamos a las tribus con gu\u00edas locales, que ya les conocen. Llevamos, por ejemplo, sacos de 20 o 30 kilos de arroz, harina , az\u00facar y entonces te dan v\u00eda libre para hacer todas las fotos que quieras y charlar con ellos, a trav\u00e9s de los gu\u00edas, claro, que son los que conocen y saben su lengua. Esta gente te acoge de una forma tremenda y se dejan retratar\u00bb.<\/p>\n<p><img decoding=\"async\" src=\"https:\/\/www.europesays.com\/es\/wp-content\/uploads\/2026\/01\/1ce71533-64ab-4673-b06f-80f63178baac_alta-libre-aspect-ratio_default_0.jpg\" width=\"1200\" height=\"559\" alt=\"La c\u00e1mara de Emilio Cueto, en medio de la tribu\" class=\"ft-helper-img-rd\" loading=\"lazy\"\/><\/p>\n<p class=\"ft-helper-fontColor-quaternary ft-helper-fontSize-body-S ft-helper-spacer-t-xxs\">Rito del salto del toro en un poblado hamer.  \/ Emilio Cueto<\/p>\n<p class=\"ft-text\">La fauna tambi\u00e9n ha encontrado su espacio, nada peque\u00f1o, en un \u00e1lbum personal donde hay gorilas de espalda plateada y p\u00e1jaros Picozapato \u00abde los que apenas quedan ocho parejas\u00bb, o leopardos en Uganda; leones en Namibia y Kenia y tigres de Bengala (India), entre otros muchos. \u00abAnte los gorilas de espalda plateada, en el Parque Nacional, hay que guardar una sumisi\u00f3n total, agachando la cabeza y sin mirarles a los ojos, para que te acepten y puedas luego fotografiarlos, cuando te lo indican los gu\u00edas. Adem\u00e1s hay que llevar una protecci\u00f3n bucal, para as\u00ed evitar transmitirles cualquier infecci\u00f3n humana\u00bb, describe Cueto, que fue portado, literalmente, \u00aben una parihuela para llegar a la zona, hab\u00eda que superar un desnivel de 400 metros\u00bb.<\/p>\n<p><img decoding=\"async\" src=\"https:\/\/www.europesays.com\/es\/wp-content\/uploads\/2026\/01\/87923871-fdcd-464f-a72f-0504b575df0d_alta-libre-aspect-ratio_default_0.jpg\" width=\"1200\" height=\"852\" alt=\"La c\u00e1mara de Emilio Cueto, en medio de la tribu\" class=\"ft-helper-img-rd\" loading=\"lazy\"\/><\/p>\n<p class=\"ft-helper-fontColor-quaternary ft-helper-fontSize-body-S ft-helper-spacer-t-xxs\">Un gorila de espalda plateada en Uganda  \/ Emilio Cueto<\/p>\n<p class=\"ft-text\">Tambi\u00e9n la ciudad santa et\u00edope de Lalibela, con las procesiones nocturnas de los cristianos coptos, \u00aby sus misas de dos y tres horas de duraci\u00f3n con c\u00e1nticos impresionantes\u00bb forman parte de la diversidad retratada por el constructor ovetense, que intensific\u00f3 su af\u00e1n viajero tras la jubilaci\u00f3n. \u00abEl rey Lalibela al ver que toda le gente se iba a Jerusal\u00e9n en peregrinaci\u00f3n decidi\u00f3 levantar all\u00ed una ciudad santa y esculpieron sus templos en roca, con b\u00f3vedas espectaculares. Cuando te encuentras con aquello, quedas alucinado\u00bb, confiesa.<\/p>\n<p><img decoding=\"async\" src=\"https:\/\/www.europesays.com\/es\/wp-content\/uploads\/2026\/01\/09521ec3-79df-4392-9cde-6586a04fabd5_alta-libre-aspect-ratio_default_0.jpg\" width=\"1200\" height=\"745\" alt=\"A la izquierda, tres hombres himba, ante el r\u00edo Omo. En el centro y de arriba abajo, una joven himba, con el cuelo cubierto de collares; dos ni\u00f1os et\u00edopes se protegen del sol con hojas; otro peque\u00f1o himba recoge en un cuenco sangre de una vaca para beberla en uno de sus ritos y una mujer etiope, con el pelo rojizo por el \u00f3xido de hierro. A la derecha, Emilio Cueto con su amiga inseparable, la c\u00e1mara de fotos y debajo la mayor duna del mundo, la 45, en Namibia. | emilio cueto\/Miki l\u00f3pez |  EMILIO CUETO\" class=\"ft-helper-img-rd\" loading=\"lazy\"\/><\/p>\n<p class=\"ft-helper-fontColor-quaternary ft-helper-fontSize-body-S ft-helper-spacer-t-xxs\">Tres hombres himba, ante el r\u00edo Omo.  \/ Emilio Cueto<\/p>\n<p class=\"ft-text\">La atracci\u00f3n que las tribus ejercen sobre el objetivo de Emilio Cueto ha encontrado en Bue\u00f1o una sala de exposiciones \u00fanica y singular al aire libre, en las callejuelas, entre casas y h\u00f3rreos, del pueblo de Ribera de Arriba. \u00abContact\u00e9 con el alcalde, Tom\u00e1s Fern\u00e1ndez, a trav\u00e9s de un amigo personal, un m\u00e9dico jubilado que est\u00e1 casado con Yayoi Kawamura, doctora en Historia del Arte y profesora de la Universidad que hizo una exposici\u00f3n fabulosa sobre Jap\u00f3n. Hemos hecho las reproducciones de las fotos en un soporte de paneles de alucobond y el resultado ha sido fant\u00e1stico. Las fotos se hicieron sobre un papel especial y se trataron con un barniz especial para el tratamiento de humedad y rayos UVA. Estoy encantado con el resultado\u00bb, afirma. Emilio Cueto ya tiene m\u00e1s proyectos en marcha, como una exposici\u00f3n en Grado o un nuevo libro, el segundo, tras \u00abUn n\u00f3mada ante la diversidad\u00bb, publicado en 2024, y un viaje ya agendado, \u00aba But\u00e1n, en el norte de Asia, el Pantanal en el Amazonas y lo que surja por ah\u00ed\u00bb.<\/p>\n<p data-close=\"closedContent\" class=\"subscribeHideForDisplay\">Suscr\u00edbete para seguir leyendo<\/p>\n","protected":false},"excerpt":{"rendered":"Hacer fotos es su \u00abtabaco\u00bb y viajar por medio mundo el veh\u00edculo para que su ojo vea y&hellip;\n","protected":false},"author":2,"featured_media":317187,"comment_status":"","ping_status":"","sticky":false,"template":"","format":"standard","meta":{"footnotes":""},"categories":[173],"tags":[229,233,231,230,3250,72620,232,234,13836,146,147,25,24,8472,697,20032,23,40468,226],"class_list":{"0":"post-317186","1":"post","2":"type-post","3":"status-publish","4":"format-standard","5":"has-post-thumbnail","7":"category-arte-y-diseno","8":"tag-arte","9":"tag-arte-y-diseno","10":"tag-arts","11":"tag-arts-and-design","12":"tag-camara","13":"tag-cueto","14":"tag-design","15":"tag-diseno","16":"tag-emilio","17":"tag-entertainment","18":"tag-entretenimiento","19":"tag-es","20":"tag-espana","21":"tag-kenia","22":"tag-medio","23":"tag-namibia","24":"tag-spain","25":"tag-tribu","26":"tag-viajes"},"share_on_mastodon":{"url":"https:\/\/pubeurope.com\/@es\/115819567204610996","error":""},"_links":{"self":[{"href":"https:\/\/www.europesays.com\/es\/wp-json\/wp\/v2\/posts\/317186","targetHints":{"allow":["GET"]}}],"collection":[{"href":"https:\/\/www.europesays.com\/es\/wp-json\/wp\/v2\/posts"}],"about":[{"href":"https:\/\/www.europesays.com\/es\/wp-json\/wp\/v2\/types\/post"}],"author":[{"embeddable":true,"href":"https:\/\/www.europesays.com\/es\/wp-json\/wp\/v2\/users\/2"}],"replies":[{"embeddable":true,"href":"https:\/\/www.europesays.com\/es\/wp-json\/wp\/v2\/comments?post=317186"}],"version-history":[{"count":0,"href":"https:\/\/www.europesays.com\/es\/wp-json\/wp\/v2\/posts\/317186\/revisions"}],"wp:featuredmedia":[{"embeddable":true,"href":"https:\/\/www.europesays.com\/es\/wp-json\/wp\/v2\/media\/317187"}],"wp:attachment":[{"href":"https:\/\/www.europesays.com\/es\/wp-json\/wp\/v2\/media?parent=317186"}],"wp:term":[{"taxonomy":"category","embeddable":true,"href":"https:\/\/www.europesays.com\/es\/wp-json\/wp\/v2\/categories?post=317186"},{"taxonomy":"post_tag","embeddable":true,"href":"https:\/\/www.europesays.com\/es\/wp-json\/wp\/v2\/tags?post=317186"}],"curies":[{"name":"wp","href":"https:\/\/api.w.org\/{rel}","templated":true}]}}