{"id":317188,"date":"2026-01-01T11:19:10","date_gmt":"2026-01-01T11:19:10","guid":{"rendered":"https:\/\/www.europesays.com\/es\/317188\/"},"modified":"2026-01-01T11:19:10","modified_gmt":"2026-01-01T11:19:10","slug":"el-secreto-de-pelayo-al-descubierto-en-el-avance-del-capitulo-469-de-viernes-2-de-enero-de-suenos-de-libertad-la-serie-diaria-de-antena-3","status":"publish","type":"post","link":"https:\/\/www.europesays.com\/es\/317188\/","title":{"rendered":"El secreto de Pelayo, al descubierto en el avance del cap\u00edtulo 469 de viernes 2 de enero de &#8216;Sue\u00f1os de libertad&#8217;, la serie diaria de Antena 3"},"content":{"rendered":"<p data-journey-content=\"true\" data-node-id=\"3\" class=\"css-6wxqfj emevuu60\">En los \u00faltimos cap\u00edtulos de &#8216;<a href=\"https:\/\/www.diezminutos.es\/suenos-de-libertad\/\" target=\"_blank\" data-vars-ga-outbound-link=\"https:\/\/www.diezminutos.es\/suenos-de-libertad\/\" data-vars-ga-ux-element=\"Hyperlink\" data-vars-ga-call-to-action=\"Sue\u00f1os de libertad\" data-node-id=\"3.1\" class=\"body-link css-177bzfx emevuu60\" rel=\"nofollow noopener\">Sue\u00f1os de libertad<\/a>&#8216;, Dami\u00e1n no puede ocultar su inquietud ante <a href=\"https:\/\/www.diezminutos.es\/telenovela\/espanolas\/a64620981\/suenos-de-libertad-capitulos-299-a-303-avance-semanal-del-5-al-9-de-mayo-antena-3\/\" target=\"_blank\" data-vars-ga-outbound-link=\"https:\/\/www.diezminutos.es\/telenovela\/espanolas\/a64620981\/suenos-de-libertad-capitulos-299-a-303-avance-semanal-del-5-al-9-de-mayo-antena-3\/\" data-vars-ga-ux-element=\"Hyperlink\" data-vars-ga-call-to-action=\"su \u00faltima conversaci\u00f3n con Digna.\" data-node-id=\"3.3\" class=\"body-link css-177bzfx emevuu60\" rel=\"nofollow noopener\">su \u00faltima conversaci\u00f3n con Digna.<\/a> Pelayo re\u00fane a Marta y a do\u00f1a Clara para comunicarles la decisi\u00f3n que ha tomado tras recibir una importante oferta laboral. Aunque intenta mostrarse sereno, su prioridad es clara: mantener a Marta al margen del conflicto que sigue creciendo alrededor de C\u00e1rdenas. Mientras tanto, <strong data-node-id=\"3.5\">Claudia se sincera con sus amigas <\/strong>y reconoce el error cometido con Maripaz, asumiendo las consecuencias que ese paso en falso ha desencadenado.<\/p>\n<p><img draggable=\"true\" alt=\"suenos de libertad\" title=\"suenos de libertad\" loading=\"lazy\" width=\"3500\" height=\"2333\" decoding=\"async\" data-nimg=\"1\" style=\"color:transparent;width:100%;height:auto;\"   src=\"https:\/\/www.europesays.com\/es\/wp-content\/uploads\/2025\/11\/alta-sdl-t03-e440-06-28-5-25-cmanuelfiestas-0646-6915d577e87b6.jpg\" class=\"css-0 e1g79fud0\"\/><\/p>\n<p>Manuel Fiestas Moreno<\/p>\n<p>Cristina hace una confesi\u00f3n en &#8216;Sue\u00f1os de libertad&#8217; <\/p>\n<p data-journey-content=\"true\" data-node-id=\"8\" class=\"css-6wxqfj emevuu60\">En otro frente, un incidente tensa a\u00fan m\u00e1s la convivencia y empuja a Claudia a tomar medidas directas contra Maripaz, convencida de que ha llegado el momento de poner l\u00edmites. Paralelamente, <strong data-node-id=\"8.1\">Dami\u00e1n descubre que Pedro est\u00e1 implicado en la filtraci\u00f3n<\/strong> que tanto da\u00f1o ha causado, una verdad que sale a la luz justo despu\u00e9s de que Pelayo haga p\u00fablica su decisi\u00f3n. Por su parte, Cristina re\u00fane el valor para confesarle un secreto a Luis y, consciente de lo que est\u00e1 en juego, pide a Cloe su apoyo para conseguir la oportunidad que tanto desea.<\/p>\n<p>Cloe quiere hacer negocios con Joaqu\u00edn en &#8216;Sue\u00f1os de libertad&#8217;<img draggable=\"true\" alt=\"cloe y luis en suenos de libertad\" title=\"Cloe y Luis en Suenos de libertad\" loading=\"lazy\" width=\"3500\" height=\"2333\" decoding=\"async\" data-nimg=\"1\" style=\"color:transparent;width:100%;height:auto;\"   src=\"https:\/\/www.europesays.com\/es\/wp-content\/uploads\/2025\/12\/alta-sdl-t03-e458-06-27-6-25-cmanuelfiestas-2100-6942707eee5ac.jpg\" class=\"css-0 e1g79fud0\"\/><\/p>\n<p>Manuel Fiestas Moreno<\/p>\n<p data-journey-content=\"true\" data-node-id=\"12\" class=\"css-6wxqfj emevuu60\">En el cap\u00edtulo de este viernes, en TVE, Digna finalmente se pone al d\u00eda sobre la situaci\u00f3n de Gabriel, y aunque todos intentan disimular para evitar preocupaciones, \u00e9l empieza a notar que algo no encaja. Cloe, por su parte, percibe que Marta contin\u00faa manteniendo las distancias y, en medio de esa tensi\u00f3n, responde a Cristina tras su petici\u00f3n de ayuda para encontrar trabajo. Mientras tanto, <strong data-node-id=\"12.1\">Gaspar decide escuchar los consejos de don Agust\u00edn<\/strong> y toma una determinaci\u00f3n que podr\u00eda marcar un antes y un despu\u00e9s en su vida.<\/p>\n<p data-journey-content=\"true\" data-node-id=\"16\" class=\"css-6wxqfj emevuu60\">Pelayo se abre con sinceridad ante Dar\u00edo y ambos salen juntos, sin imaginar que Mar\u00eda los ver\u00e1, a\u00f1adiendo un nuevo matiz a la situaci\u00f3n. En el terreno profesional, Cloe valora a Joaqu\u00edn como la mejor opci\u00f3n para encargarse del suministro de embalajes en Perfumer\u00edas Brossard-De la Reina. Y, en paralelo, <strong data-node-id=\"16.1\">Claudia informa a Clara de lo sucedido con Maripaz<\/strong>, recibiendo de ella un consejo claro: actuar con prudencia antes de dar cualquier paso.<\/p>\n<p><img src=\"https:\/\/www.europesays.com\/es\/wp-content\/uploads\/2026\/01\/43af9b8f-983e-4e74-8e74-9a7479b0966b_1681831601.file.png\" alt=\"Headshot of Pilar Mart\u00ednez\" title=\"Headshot of Pilar Mart\u00ednez\" width=\"100%\" height=\"100%\" decoding=\"async\" loading=\"lazy\" class=\"css-o0wq4v ev8dhu53\"\/><\/p>\n<p>Pilar Mart\u00ednez es periodista especializada en contenidos de televisi\u00f3n y cultura, se gradu\u00f3 en la carrera en Periodismo en la Facultad de Ciencias de la Informaci\u00f3n (Universidad Complutense de Madrid) en el a\u00f1o 2018. Desde entonces ha pasado por las redacciones de Ecoteuve (El Economista), donde realiz\u00f3 sus primeras pr\u00e1cticas durante el verano del 2016.<\/p>\n<p>Posteriormente, concretamente, en el a\u00f1o 2017 se pas\u00f3 al grupo Hearst Espa\u00f1a, donde comenz\u00f3 su andadura en las revistas de televisi\u00f3n: Supertele, Teleprograma, Telenovela. Ahora colabora con Diez Minutos, en su versi\u00f3n web, donde se encarga de realizar los avances semanales de las ficciones diarias de moda, as\u00ed como entrevistas y art\u00edculos sobre los melodramas o telenovelas que aterrizan en nuestro pa\u00eds y aquellos que est\u00e1n por venir.<\/p>\n<p>Toda una cazadora de exclusivas. A esto, se suma su puesto como redactora jefe de la secci\u00f3n de novela narrativa en la revista Culturamas, medio digital de alto impacto al que lleva unida desde el a\u00f1o 2013. \u00c1vida lectora, cin\u00e9fila y seri\u00e9fila de primer nivel, ha hecho de su vocaci\u00f3n su oficio. \u00a0<\/p>\n","protected":false},"excerpt":{"rendered":"En los \u00faltimos cap\u00edtulos de &#8216;Sue\u00f1os de libertad&#8216;, Dami\u00e1n no puede ocultar su inquietud ante su \u00faltima conversaci\u00f3n&hellip;\n","protected":false},"author":2,"featured_media":317189,"comment_status":"","ping_status":"","sticky":false,"template":"","format":"standard","meta":{"footnotes":""},"categories":[171],"tags":[253,146,147,25,24,23,214],"class_list":{"0":"post-317188","1":"post","2":"type-post","3":"status-publish","4":"format-standard","5":"has-post-thumbnail","7":"category-tv","8":"tag-discover","9":"tag-entertainment","10":"tag-entretenimiento","11":"tag-es","12":"tag-espana","13":"tag-spain","14":"tag-tv"},"share_on_mastodon":{"url":"https:\/\/pubeurope.com\/@es\/115819575040068890","error":""},"_links":{"self":[{"href":"https:\/\/www.europesays.com\/es\/wp-json\/wp\/v2\/posts\/317188","targetHints":{"allow":["GET"]}}],"collection":[{"href":"https:\/\/www.europesays.com\/es\/wp-json\/wp\/v2\/posts"}],"about":[{"href":"https:\/\/www.europesays.com\/es\/wp-json\/wp\/v2\/types\/post"}],"author":[{"embeddable":true,"href":"https:\/\/www.europesays.com\/es\/wp-json\/wp\/v2\/users\/2"}],"replies":[{"embeddable":true,"href":"https:\/\/www.europesays.com\/es\/wp-json\/wp\/v2\/comments?post=317188"}],"version-history":[{"count":0,"href":"https:\/\/www.europesays.com\/es\/wp-json\/wp\/v2\/posts\/317188\/revisions"}],"wp:featuredmedia":[{"embeddable":true,"href":"https:\/\/www.europesays.com\/es\/wp-json\/wp\/v2\/media\/317189"}],"wp:attachment":[{"href":"https:\/\/www.europesays.com\/es\/wp-json\/wp\/v2\/media?parent=317188"}],"wp:term":[{"taxonomy":"category","embeddable":true,"href":"https:\/\/www.europesays.com\/es\/wp-json\/wp\/v2\/categories?post=317188"},{"taxonomy":"post_tag","embeddable":true,"href":"https:\/\/www.europesays.com\/es\/wp-json\/wp\/v2\/tags?post=317188"}],"curies":[{"name":"wp","href":"https:\/\/api.w.org\/{rel}","templated":true}]}}