{"id":317216,"date":"2026-01-01T11:40:10","date_gmt":"2026-01-01T11:40:10","guid":{"rendered":"https:\/\/www.europesays.com\/es\/317216\/"},"modified":"2026-01-01T11:40:10","modified_gmt":"2026-01-01T11:40:10","slug":"calma-y-neutralidad-para-una-sociedad-al-limite","status":"publish","type":"post","link":"https:\/\/www.europesays.com\/es\/317216\/","title":{"rendered":"calma y neutralidad para una sociedad al l\u00edmite"},"content":{"rendered":"<p class=\"article-text\">\n        El color de 2026 es el <strong>blanco. <\/strong>As\u00ed lo ha decidido la famosa compa\u00f1\u00eda de color para las artes gr\u00e1ficas <strong>Pantone, <\/strong>que cada a\u00f1o toma esta decisi\u00f3n. El del a\u00f1o que acaba fue el <strong>Mocha Mousse,<\/strong> un marr\u00f3n c\u00e1lido, y el del 2024 un melocot\u00f3n vibrante que bautizaron como <strong>Peach Fuzz.<\/strong> Puede parecer irrelevante, hasta anecd\u00f3tico, pero la elecci\u00f3n de este a\u00f1o, bajo el nombre de Cloud Dancer, destaca por encima de los a\u00f1os anteriores, no por su innovaci\u00f3n o riesgo, sino por justo lo contrario. Es neutro, adaptable y parece funcionar casi como <strong>anestesia, <\/strong>seg\u00fan insin\u00faa la propia compa\u00f1\u00eda. \u201cPresentamos Cloud Dancer, un blanco sublime que sirve como s\u00edmbolo de influencia calmante en una sociedad que redescubre el valor de la reflexi\u00f3n calmada\u201d, <a href=\"https:\/\/www.pantone.com\/eu\/es\/color-of-the-year\/2026\" target=\"_blank\" class=\"link\" rel=\"nofollow noopener\">declaran en su web<\/a>.\n    <\/p>\n<p class=\"offer__name\">infoLibre premium<\/p>\n<p>\n                            8\u20ac\/mes<br \/>\n                            75\u20ac\/a\u00f1o\n                        <\/p>\n<p>\n                            Ahorra 21\u20ac\n                        <\/p>\n<p>                                        <a class=\"offer__suscription bh-btn\" href=\"https:\/\/usuarios.infolibre.es\/hazte_socio\/\" rel=\"nofollow noopener\" target=\"_self\" title=\"Suscr\u00edbete\" data-google-interstitial=\"false\" data-dl-subscription-params=\"{&quot;value&quot;:&quot;75&quot;,&quot;currency&quot;:&quot;EUR&quot;,&quot;im_type&quot;:&quot;infoLibre_premium&quot;,&quot;method&quot;:&quot;paywall&quot;,&quot;im_location&quot;:&quot;banner_paywall&quot;,&quot;im_section&quot;:&quot;pol\\u00edtica&quot;,&quot;items&quot;:[{&quot;item_name&quot;:&quot;infoLibre_premium&quot;,&quot;price&quot;:&quot;75&quot;,&quot;discount&quot;:&quot;21&quot;,&quot;quantity&quot;:&quot;1&quot;}]}\">Suscr\u00edbete<\/a><\/p>\n<ul class=\"offer__description\">\n<li>Lee art\u00edculos sin l\u00edmites<\/li>\n<li>Sin publicidad<\/li>\n<li>Recibe TintaLibre en tu casa<\/li>\n<\/ul>\n<p class=\"offer__name\">infoLibre total<\/p>\n<p>\n                            6\u20ac\/mes<br \/>\n                            55\u20ac\/a\u00f1o\n                        <\/p>\n<p>\n                            Ahorra 17\u20ac\n                        <\/p>\n<p>                                        <a class=\"offer__suscription bh-btn\" href=\"https:\/\/usuarios.infolibre.es\/hazte_socio\/\" rel=\"nofollow noopener\" target=\"_self\" title=\"Suscr\u00edbete\" data-google-interstitial=\"false\" data-dl-subscription-params=\"{&quot;value&quot;:&quot;55&quot;,&quot;currency&quot;:&quot;EUR&quot;,&quot;im_type&quot;:&quot;infoLibre_total&quot;,&quot;method&quot;:&quot;paywall&quot;,&quot;im_location&quot;:&quot;banner_paywall&quot;,&quot;im_section&quot;:&quot;pol\\u00edtica&quot;,&quot;items&quot;:[{&quot;item_name&quot;:&quot;infoLibre_total&quot;,&quot;price&quot;:&quot;55&quot;,&quot;discount&quot;:&quot;17&quot;,&quot;quantity&quot;:&quot;1&quot;}]}\">Suscr\u00edbete<\/a><\/p>\n<ul class=\"offer__description\">\n<li>Lee art\u00edculos sin l\u00edmites<\/li>\n<li>Sin publicidad<\/li>\n<\/ul>\n","protected":false},"excerpt":{"rendered":"El color de 2026 es el blanco. As\u00ed lo ha decidido la famosa compa\u00f1\u00eda de color para las&hellip;\n","protected":false},"author":2,"featured_media":317217,"comment_status":"","ping_status":"","sticky":false,"template":"","format":"standard","meta":{"footnotes":""},"categories":[173],"tags":[1611,229,233,231,230,8135,11692,74116,232,234,146,147,25,24,74115,492,23,23316],"class_list":{"0":"post-317216","1":"post","2":"type-post","3":"status-publish","4":"format-standard","5":"has-post-thumbnail","7":"category-arte-y-diseno","8":"tag-ano","9":"tag-arte","10":"tag-arte-y-diseno","11":"tag-arts","12":"tag-arts-and-design","13":"tag-blanco","14":"tag-color","15":"tag-conservadora","16":"tag-design","17":"tag-diseno","18":"tag-entertainment","19":"tag-entretenimiento","20":"tag-es","21":"tag-espana","22":"tag-sobresaturada","23":"tag-sociedad","24":"tag-spain","25":"tag-vivimos"},"share_on_mastodon":{"url":"https:\/\/pubeurope.com\/@es\/115819657443207762","error":""},"_links":{"self":[{"href":"https:\/\/www.europesays.com\/es\/wp-json\/wp\/v2\/posts\/317216","targetHints":{"allow":["GET"]}}],"collection":[{"href":"https:\/\/www.europesays.com\/es\/wp-json\/wp\/v2\/posts"}],"about":[{"href":"https:\/\/www.europesays.com\/es\/wp-json\/wp\/v2\/types\/post"}],"author":[{"embeddable":true,"href":"https:\/\/www.europesays.com\/es\/wp-json\/wp\/v2\/users\/2"}],"replies":[{"embeddable":true,"href":"https:\/\/www.europesays.com\/es\/wp-json\/wp\/v2\/comments?post=317216"}],"version-history":[{"count":0,"href":"https:\/\/www.europesays.com\/es\/wp-json\/wp\/v2\/posts\/317216\/revisions"}],"wp:featuredmedia":[{"embeddable":true,"href":"https:\/\/www.europesays.com\/es\/wp-json\/wp\/v2\/media\/317217"}],"wp:attachment":[{"href":"https:\/\/www.europesays.com\/es\/wp-json\/wp\/v2\/media?parent=317216"}],"wp:term":[{"taxonomy":"category","embeddable":true,"href":"https:\/\/www.europesays.com\/es\/wp-json\/wp\/v2\/categories?post=317216"},{"taxonomy":"post_tag","embeddable":true,"href":"https:\/\/www.europesays.com\/es\/wp-json\/wp\/v2\/tags?post=317216"}],"curies":[{"name":"wp","href":"https:\/\/api.w.org\/{rel}","templated":true}]}}