{"id":317220,"date":"2026-01-01T11:43:13","date_gmt":"2026-01-01T11:43:13","guid":{"rendered":"https:\/\/www.europesays.com\/es\/317220\/"},"modified":"2026-01-01T11:43:13","modified_gmt":"2026-01-01T11:43:13","slug":"mariah-carey-bate-su-propio-record-de-permanencia-en-el-numero-1-del-billboard-hot-100-con-su-tema-navideno","status":"publish","type":"post","link":"https:\/\/www.europesays.com\/es\/317220\/","title":{"rendered":"Mariah Carey bate su propio r\u00e9cord de permanencia en el n\u00famero 1 del Billboard Hot 100, con su tema navide\u00f1o"},"content":{"rendered":"<p><b>Mariah Carey<\/b> ampli\u00f3 su propio r\u00e9cord de permanencia en el primer puesto del Billboard Hot 100, al sumar 22 semanas en la cima con su cl\u00e1sico navide\u00f1o &#8216;All I Want for Christmas Is You&#8217;, que contin\u00faa dominando las listas estadounidenses durante la temporada festiva de fin de a\u00f1o.\u00a0<\/p>\n<p>De acuerdo con Luminate, citado por la revista Billboard, <b>el tema de Carey registr\u00f3 70,6 millones de reproducciones y 5.000 descargas vendidas en EE.UU. entre el 19 y el 25 de diciembre.<\/b><\/p>\n<p>La cantante hab\u00eda establecido el r\u00e9cord tres semanas antes, al superar el hito que compart\u00edan &#8216;A Bar Song (Tipsy)&#8217;, de Shaboozey, y &#8216;Old Town Road&#8217;, de Lil Nas X con Billy Ray Cyrus, con 19 semanas en la cima del Billboard Hot 100.<\/p>\n<p>Carey ha ocupado el primer puesto del Hot 100 en 22 a\u00f1os distintos, un r\u00e9cord sin precedentes, aunque ocho de esos a\u00f1os (2019\u20132026) corresponden al \u00e9xito recurrente de &#8216;All I Want for Christmas is You&#8217;, seg\u00fan detall\u00f3 la revista.<\/p>\n<p>Simult\u00e1neamente, <b>la popular canci\u00f3n de Carey lidera la lista Holiday 100 de Billboard <\/b>por 71 semanas, de las 79 semanas totales de la lista desde su creaci\u00f3n en 2011, consolid\u00e1ndose como el tema navide\u00f1o m\u00e1s dominante en la historia de esta encuesta.<\/p>\n<p>En noviembre de 2023, <b>Mariah Carey enfrent\u00f3 una demanda<\/b> en la cual se le acusa de haber cometido una grave infracci\u00f3n a los derechos de autor en esta famosa canci\u00f3n que se estren\u00f3 en 1994.<\/p>\n<p>La demanda fue presentada por Andy Stone y Troy Powers, quienes afirmaron que el tema navide\u00f1o de Mariah Carey copiaba elementos de su canci\u00f3n hom\u00f3nima publicada en 1989, por la banda Vince Vance &amp; the Valiants.<\/p>\n<p>El pasado 23 de diciembre de 2025, <b>un juez federal desestim\u00f3 la demanda que la acusaba de plagio por su cl\u00e1sico navide\u00f1o &#8216;All I Want for Christmas Is You&#8217;<\/b> y orden\u00f3 a los demandantes pagarle m\u00e1s de 92 mil d\u00f3lares en costos legales.<\/p>\n","protected":false},"excerpt":{"rendered":"Mariah Carey ampli\u00f3 su propio r\u00e9cord de permanencia en el primer puesto del Billboard Hot 100, al sumar&hellip;\n","protected":false},"author":2,"featured_media":317221,"comment_status":"","ping_status":"","sticky":false,"template":"","format":"standard","meta":{"footnotes":""},"categories":[170],"tags":[4721,18006,146,147,25,24,18005,184,185,8873,23,3271],"class_list":{"0":"post-317220","1":"post","2":"type-post","3":"status-publish","4":"format-standard","5":"has-post-thumbnail","7":"category-musica","8":"tag-bate","9":"tag-carey","10":"tag-entertainment","11":"tag-entretenimiento","12":"tag-es","13":"tag-espana","14":"tag-mariah","15":"tag-music","16":"tag-musica","17":"tag-propio","18":"tag-spain","19":"tag-su"},"share_on_mastodon":{"url":"https:\/\/pubeurope.com\/@es\/115819669291660064","error":""},"_links":{"self":[{"href":"https:\/\/www.europesays.com\/es\/wp-json\/wp\/v2\/posts\/317220","targetHints":{"allow":["GET"]}}],"collection":[{"href":"https:\/\/www.europesays.com\/es\/wp-json\/wp\/v2\/posts"}],"about":[{"href":"https:\/\/www.europesays.com\/es\/wp-json\/wp\/v2\/types\/post"}],"author":[{"embeddable":true,"href":"https:\/\/www.europesays.com\/es\/wp-json\/wp\/v2\/users\/2"}],"replies":[{"embeddable":true,"href":"https:\/\/www.europesays.com\/es\/wp-json\/wp\/v2\/comments?post=317220"}],"version-history":[{"count":0,"href":"https:\/\/www.europesays.com\/es\/wp-json\/wp\/v2\/posts\/317220\/revisions"}],"wp:featuredmedia":[{"embeddable":true,"href":"https:\/\/www.europesays.com\/es\/wp-json\/wp\/v2\/media\/317221"}],"wp:attachment":[{"href":"https:\/\/www.europesays.com\/es\/wp-json\/wp\/v2\/media?parent=317220"}],"wp:term":[{"taxonomy":"category","embeddable":true,"href":"https:\/\/www.europesays.com\/es\/wp-json\/wp\/v2\/categories?post=317220"},{"taxonomy":"post_tag","embeddable":true,"href":"https:\/\/www.europesays.com\/es\/wp-json\/wp\/v2\/tags?post=317220"}],"curies":[{"name":"wp","href":"https:\/\/api.w.org\/{rel}","templated":true}]}}