{"id":317235,"date":"2026-01-01T11:52:08","date_gmt":"2026-01-01T11:52:08","guid":{"rendered":"https:\/\/www.europesays.com\/es\/317235\/"},"modified":"2026-01-01T11:52:08","modified_gmt":"2026-01-01T11:52:08","slug":"el-calendario-judicial-de-2026-pone-contra-las-cuerdas-al-gobierno-y-al-pp","status":"publish","type":"post","link":"https:\/\/www.europesays.com\/es\/317235\/","title":{"rendered":"el calendario judicial de 2026 pone contra las cuerdas al Gobierno y al PP"},"content":{"rendered":"<p class=\"L6-news-detail__text\">Tras<b><a title=\" un 2025 repleto de esc\u00e1ndalos en el entorno del Gobierno\" href=\"https:\/\/www.lasexta.com\/noticias\/nacional\/tramas-corrupcion-crisis-gobierno-asi-acabo-mandato-presidentes-espana_20251214693ed4d7ea66eb735311c995.html\" target=\"_blank\" rel=\"nofollow noopener\"> un 2025 repleto de esc\u00e1ndalos en el entorno del Gobierno<\/a><\/b>, tanto Moncloa como el PSOE afrontan<b> un 2026 que estar\u00e1 marcado, de nuevo, por un gran desgaste judicial <\/b>debido a los distintos procesos en los que est\u00e1n envueltos <b><a title=\"varias de las personas de m\u00e1xima confianza de Pedro S\u00e1nchez \" href=\"https:\/\/www.lasexta.com\/noticias\/nacional\/sanchez-casos-judiciales-entorno-verdad-acabara-imponiendose-hermano-mujer-son-inocentes_2025092468d43b9d4a203001015ad1e6.html\" target=\"_blank\" rel=\"nofollow noopener\">varias de las personas de m\u00e1xima confianza de Pedro S\u00e1nchez <\/a><\/b>y de la c\u00fapula de Ferraz.<\/p>\n<p>Causa contra David S\u00e1nchez con Gallardo como imputado<\/p>\n<p class=\"L6-news-detail__text\">E<b>l primero de los juicios que afectar\u00e1n al entorno personal y familiar del presidente del Gobierno es el de su hermano David S\u00e1nchez<\/b>. En esta causa, \u00e9l y otras once personas est\u00e1n imputadas por la presunta creaci\u00f3n irregular de un puesto para contratarle en la Diputaci\u00f3n de Badajoz, concretamente, en la Oficina de Artes Esc\u00e9nicas, por lo que se enfrenta a una <b>petici\u00f3n de tres a\u00f1os de c\u00e1rcel por los presuntos delitos de prevaricaci\u00f3n y malversaci\u00f3n<\/b>.<\/p>\n<p class=\"L6-news-detail__text\">En esta causa tambi\u00e9n est\u00e1 imputado el que hasta el pasado lunes era secretario general del PSOE de Extremadura y candidato socialista a la presidencia de la Junta,<b><a title=\" Miguel \u00c1ngel Gallardo\" href=\"https:\/\/www.lasexta.com\/elecciones\/autonomicas\/miguel-angel-gallardo-dimite-debacle-clamorosa-psoe-extremadura_2025122269497bb5ea66eb73531c29f2.html\" target=\"_blank\" rel=\"nofollow noopener\"> Miguel \u00c1ngel Gallardo<\/a><\/b>. El comienzo del juicio est\u00e1 se\u00f1alado para el pr\u00f3ximo <b>28 de mayo<\/b>.<\/p>\n<p>Se dirimir\u00e1 el caso Koldo<\/p>\n<p class=\"L6-news-detail__text\"><b>Tambi\u00e9n se celebrar\u00e1 en 2026, previsiblemente en primavera, el juicio del caso Koldo<\/b>. En esta investigaci\u00f3n por el presunto ama\u00f1o de contratos de mascarillas durante la pandemia, se sentar\u00e1n en el banquillo el exministro de Transportes y ex secretario de Organizaci\u00f3n del PSOE, <b>Jos\u00e9 Luis \u00c1balos<\/b>; su exasesor<b> Koldo Garc\u00eda<\/b> y el empresario y comisionista <b>V\u00edctor de Aldama<\/b>.<\/p>\n<p class=\"L6-news-detail__text\"><b>La Fiscal\u00eda Anticorrupci\u00f3n pide 24 a\u00f1os de prisi\u00f3n para Jos\u00e9 Luis \u00c1balos y 19 a\u00f1os para Koldo Garc\u00eda<\/b>. Por su parte, la acusaci\u00f3n popular del PP solicita una pena de hasta 30 a\u00f1os para el exministro de Transportes.<\/p>\n<p>Bego\u00f1a G\u00f3mez, la trama Leire y otros frentes para el PSOE<\/p>\n<p class=\"L6-news-detail__text\">Pese a que esas dos causas ser\u00e1n juzgadas a lo largo de 2026, no son los \u00fanicos frentes a los que se enfrentan tanto el PSOE como el Gobierno. <b>El Tribunal Supremo seguir\u00e1 investigando la causa por el ama\u00f1o de obras en el Ministerio de Transportes, en la que est\u00e1n imputados Santos Cerd\u00e1n, Jos\u00e9 Luis \u00c1balos y Koldo Garc\u00eda<\/b>. Se espera que en el primer tramo del a\u00f1o salga a la luz un informe de la Unidad Central Operativa (UCO) de la Guardia Civil que ser\u00e1 clave para aportar luz sobre el patrimonio de Santos Cerd\u00e1n.<\/p>\n<p class=\"L6-news-detail__text\">En los Juzgados de Plaza de Castilla, <b><a title=\"el juez Juan Carlos Peinado continuar\u00e1 investigando por cinco delitos a Bego\u00f1a G\u00f3mez\" href=\"https:\/\/www.lasexta.com\/noticias\/nacional\/audiencia-madrid-anula-orden-peinado-analizar-correos-begona-gomez_202512226949691422f0db7daffb21b3.html\" target=\"_blank\" rel=\"nofollow noopener\">el juez Juan Carlos Peinado continuar\u00e1 investigando por cinco delitos a Bego\u00f1a G\u00f3mez<\/a><\/b>, esposa de Pedro S\u00e1nchez, por la presunta utilizaci\u00f3n fraudulenta de medios de la Presidencia del Gobierno en su actividad como titular de una C\u00e1tedra en la Universidad Complutense.<\/p>\n<p class=\"L6-news-detail__text\">En una pieza separada, el juez Ismael Moreno continuar\u00e1 en la Audiencia Nacional<b><a title=\" la investigaci\u00f3n los gastos en met\u00e1lico que el PSOE pag\u00f3 a todos sus dirigentes\" href=\"https:\/\/www.lasexta.com\/noticias\/nacional\/psoe-entrega-pen-drive-audiencia-nacional-donde-aparecen-todos-gastos-metalico-2017-2024_20251216694160b5af09df5010893ca5.html\" target=\"_blank\" rel=\"nofollow noopener\"> la investigaci\u00f3n los gastos en met\u00e1lico que el PSOE pag\u00f3 a todos sus dirigentes<\/a><\/b> entre 2017 y 2024.<\/p>\n<p class=\"L6-news-detail__text\">El juez de la Audiencia Nacional Santiago Pedraz investiga tambi\u00e9n el<b> ama\u00f1o de contratos en la SEPI, en el que est\u00e1 imputada la fontanera del PSOE, Leire D\u00edez<\/b>; y <b>el caso de los hidrocarburos<\/b>, donde tiene que decidir si eleva exposici\u00f3n razonada contra \u00c1balos al Supremo por haberse beneficiado presuntamente de mordidas que alcanzar\u00edan el mill\u00f3n de euros. Tambi\u00e9n est\u00e1 implicada Leire D\u00edez en la investigaci\u00f3n del caso de <b><a title=\"las cloacas del PSOE\" href=\"https:\/\/www.lasexta.com\/noticias\/nacional\/abogado-cloacas-leire-diez-formara-parte-defensa-santos-cerdan_202507026865757577c930725865e3b1.html\" target=\"_blank\" rel=\"nofollow noopener\">las cloacas del PSOE<\/a><\/b> junto al empresario Javier P\u00e9rez Dolset en una causa instruida por el magistrado Arturo Zamarriego.<\/p>\n<p>El PP se enfrenta a la Kitchen, el caso del novio de Ayuso, la DANA y el caso Montoro<\/p>\n<p class=\"L6-news-detail__text\">Pese a que el calendario judicial puede suponer un gran desgaste para el PSOE, e<b>l PP tambi\u00e9n se enfrenta a un 2026 en el que puede salir muy tocado de los tribunales<\/b>. La causa m\u00e1s importante que afecta a la formaci\u00f3n liderada por Alberto N\u00fa\u00f1ez Feij\u00f3o es la de<b><a title=\" la operaci\u00f3n Kitchen\" href=\"https:\/\/www.lasexta.com\/noticias\/nacional\/operacion-kitchen-resurge-salir-luz-audios-cospedal-excomisario-villarejo_202512106938b1f19261f37ec7430984.html\" target=\"_blank\" rel=\"nofollow noopener\"> la operaci\u00f3n Kitchen<\/a><\/b>, en la que el exministro del Interior <b>Jorge Fern\u00e1ndez D\u00edaz se enfrenta a 15 a\u00f1os de c\u00e1rcel por intentar boicotear la investigaci\u00f3n judicial sobre la caja B del PP<\/b>. El juicio comienza el d\u00eda 6 de abril.<\/p>\n<p class=\"L6-news-detail__text\">Tambi\u00e9n se espera que a lo largo del nuevo a\u00f1o se celebre<b><a title=\" el juicio por delitos fiscales y falsedad documental contra Alberto Gonz\u00e1lez Amador, novio de la presidenta de la Comunidad de Madrid, Isabel D\u00edaz Ayuso\" href=\"https:\/\/www.lasexta.com\/noticias\/nacional\/novio-ayuso-utilizaria-identidad-falsa-trabajar-grupo-quiron_20251211693af8f8ea66eb73530eb00a.html\" target=\"_blank\" rel=\"nofollow noopener\"> el juicio por delitos fiscales y falsedad documental contra Alberto Gonz\u00e1lez Amador, novio de la presidenta de la Comunidad de Madrid, Isabel D\u00edaz Ayuso<\/a><\/b>. En otra pieza separada,<b> tambi\u00e9n se le investiga por un posible delito de corrupci\u00f3n en los negocios<\/b> por su papel en el Grupo Quir\u00f3n.<\/p>\n<p class=\"L6-news-detail__text\">Del mismo modo, se hablar\u00e1, y mucho, del<b><a title=\" juicio de la DANA\" href=\"https:\/\/www.lasexta.com\/noticias\/nacional\/feijoo-asegura-que-entregara-sus-mensajes-mazon-dia-dana-jueza-pide-borrado_202512296952760022f0db7daf004c6a.html\" target=\"_blank\" rel=\"nofollow noopener\"> juicio de la DANA<\/a><\/b>. En esta causa, en la que la jueza Nuria Ruiz Tobarra investiga en Catarroja la negligente gesti\u00f3n que la Generalitat Valenciana hizo del temporal, <b><a title=\"tendr\u00e1 que declarar el pr\u00f3ximo 9 de enero el l\u00edder del PP, Alberto N\u00fa\u00f1ez Feij\u00f3o\" href=\"https:\/\/www.lasexta.com\/noticias\/nacional\/jueza-ofrece-feijoo-que-aporte-sus-mensajes-mazon-voluntariamente-permite-declarar-telematicamente_2025122969527c0baf09df50109645c6.html\" target=\"_blank\" rel=\"nofollow noopener\">tendr\u00e1 que declarar el pr\u00f3ximo 9 de enero el l\u00edder del PP, Alberto N\u00fa\u00f1ez Feij\u00f3o<\/a><\/b>. Adem\u00e1s, est\u00e1n imputados la exconsellera de Justicia e Interior del Gobierno de Carlos Maz\u00f3n,<b><a title=\" Salom\u00e9 Pradas\" href=\"https:\/\/www.lasexta.com\/noticias\/nacional\/jueza-catarroja-autoriza-careo-salome-pradas-jose-manuel-cuenca_2025121669415d6dea66eb7353141466.html\" target=\"_blank\" rel=\"nofollow noopener\"> Salom\u00e9 Pradas<\/a><\/b>, y su n\u00famero dos, <b>Emilio Arg\u00fceso<\/b>, acusados ambos de homicidios y lesiones imprudentes.<\/p>\n<p class=\"L6-news-detail__text\">Por \u00faltimo, <b><a title=\"el juez Rub\u00e9n Rus continuar\u00e1 en Tarragona la investigaci\u00f3n contra Crist\u00f3bal Montoro\" href=\"https:\/\/www.lasexta.com\/noticias\/nacional\/argumentos-anticorrupcion-mantener-investigacion-montoro-presunto-fraude-cohecho-correo-clave_202512036930b72d55584d48fb68a4d1.html\" target=\"_blank\" rel=\"nofollow noopener\">el juez Rub\u00e9n Rus continuar\u00e1 en Tarragona la investigaci\u00f3n contra Crist\u00f3bal Montoro<\/a><\/b>, exministro de Hacienda en los dos gobiernos de Mariano Rajoy, por la aplicaci\u00f3n de cambios legislativos a la carta para las empresas que efectuaban pagos al despacho de abogados del que era copropietario.<\/p>\n<p>Puigdemont y Garc\u00eda Ortiz, en manos del TC<\/p>\n<p class=\"L6-news-detail__text\">Por su parte,<b> el Tribunal Constitucional tendr\u00e1 que decidir en 2026 si permite el regreso de Carles Puigdemont<\/b> a Espa\u00f1a al revisar la decisi\u00f3n del Tribunal Supremo de <b>no aplicarle la amnist\u00eda a su condena por malversaci\u00f3n<\/b>.<\/p>\n<p class=\"L6-news-detail__text\">Tambi\u00e9n analizar\u00e1 <b>el recurso de inconstitucionalidad que el ex fiscal general del Estado, \u00c1lvaro Garc\u00eda Ortiz, podr\u00eda presentar<\/b> contra<b><a title=\" la condena de dos a\u00f1os de inhabilitaci\u00f3n que le impuso el Supremo\" href=\"https:\/\/www.lasexta.com\/noticias\/nacional\/alvaro-garcia-ortiz-reaparece-publico-condena-que-inhabilita-como-fiscal-general-estado_20251211693aac09ea66eb73530e4ecc.html\" target=\"_blank\" rel=\"nofollow noopener\"> la condena de dos a\u00f1os de inhabilitaci\u00f3n que le impuso el Supremo<\/a><\/b> por la filtraci\u00f3n de informaci\u00f3n relacionada con los delitos fiscales cometidos por el novio de Isabel D\u00edaz Ayuso.<\/p>\n<p class=\"L6-news-detail__text\"><b><a title=\"*Sigue a laSexta en Google. Toda la actualidad y el mejor contenido aqu\u00ed.\" href=\"https:\/\/profile.google.com\/cp\/CgkvbS8wZG5xejA\" target=\"_blank\" rel=\"nofollow noopener\">*Sigue a laSexta en Google. Toda la actualidad y el mejor contenido aqu\u00ed.<\/a><\/b><\/p>\n<p class=\"L6-support-news-video__title\">Los buenos <\/p>\n<p>            <a href=\"https:\/\/www.lasexta.com\/noticias\/internacional\/2025-nos-deja-grandes-lecciones-vida-resiliencia-gisele-pelicot-dignidad-pepe-mujica_2025123169555131ea66eb73532335a4.html\" class=\"L6-news__link\" rel=\"nofollow noopener\" target=\"_blank\"><br \/>\n                2025 nos deja grandes lecciones de vida: de la resiliencia de Gis\u00e8le Pelicot a la dignidad de Pepe Mujica<\/p>\n<p class=\"recirculation-video-desc\">\u00bfPor qu\u00e9 es importante? Este 2025 no lo ha puesto f\u00e1cil, pero gracias a personas como Gis\u00e8le Pelicot, Caroline, Narges Mohammadi, Precious Matsoso, Fiona Gilbert y Pepe Mujica vemos que la valent\u00eda, la solidaridad y la decencia todav\u00eda existen y pueden inspirar cambios reales.<\/p>\n<p>            <\/a><\/p>\n","protected":false},"excerpt":{"rendered":"Tras un 2025 repleto de esc\u00e1ndalos en el entorno del Gobierno, tanto Moncloa como el PSOE afrontan un&hellip;\n","protected":false},"author":2,"featured_media":317236,"comment_status":"","ping_status":"","sticky":false,"template":"","format":"standard","meta":{"footnotes":""},"categories":[5],"tags":[17,18,25,24,13,14,11,19,20,9,10,15,16,23,12,21,22],"class_list":{"0":"post-317235","1":"post","2":"type-post","3":"status-publish","4":"format-standard","5":"has-post-thumbnail","7":"category-titulares","8":"tag-breaking-news","9":"tag-breakingnews","10":"tag-es","11":"tag-espana","12":"tag-featured-news","13":"tag-featurednews","14":"tag-headlines","15":"tag-latest-news","16":"tag-latestnews","17":"tag-news","18":"tag-noticias","19":"tag-noticias-destacadas","20":"tag-noticiasdestacadas","21":"tag-spain","22":"tag-titulares","23":"tag-ultimas-noticias","24":"tag-ultimasnoticias"},"share_on_mastodon":{"url":"https:\/\/pubeurope.com\/@es\/115819704673661985","error":""},"_links":{"self":[{"href":"https:\/\/www.europesays.com\/es\/wp-json\/wp\/v2\/posts\/317235","targetHints":{"allow":["GET"]}}],"collection":[{"href":"https:\/\/www.europesays.com\/es\/wp-json\/wp\/v2\/posts"}],"about":[{"href":"https:\/\/www.europesays.com\/es\/wp-json\/wp\/v2\/types\/post"}],"author":[{"embeddable":true,"href":"https:\/\/www.europesays.com\/es\/wp-json\/wp\/v2\/users\/2"}],"replies":[{"embeddable":true,"href":"https:\/\/www.europesays.com\/es\/wp-json\/wp\/v2\/comments?post=317235"}],"version-history":[{"count":0,"href":"https:\/\/www.europesays.com\/es\/wp-json\/wp\/v2\/posts\/317235\/revisions"}],"wp:featuredmedia":[{"embeddable":true,"href":"https:\/\/www.europesays.com\/es\/wp-json\/wp\/v2\/media\/317236"}],"wp:attachment":[{"href":"https:\/\/www.europesays.com\/es\/wp-json\/wp\/v2\/media?parent=317235"}],"wp:term":[{"taxonomy":"category","embeddable":true,"href":"https:\/\/www.europesays.com\/es\/wp-json\/wp\/v2\/categories?post=317235"},{"taxonomy":"post_tag","embeddable":true,"href":"https:\/\/www.europesays.com\/es\/wp-json\/wp\/v2\/tags?post=317235"}],"curies":[{"name":"wp","href":"https:\/\/api.w.org\/{rel}","templated":true}]}}