{"id":317273,"date":"2026-01-01T12:26:08","date_gmt":"2026-01-01T12:26:08","guid":{"rendered":"https:\/\/www.europesays.com\/es\/317273\/"},"modified":"2026-01-01T12:26:08","modified_gmt":"2026-01-01T12:26:08","slug":"asi-es-la-nueva-cancion-de-la-oreja-de-van-gogh-que-se-estreno-en-exclusiva-en-la-nochevieja-de-la-1","status":"publish","type":"post","link":"https:\/\/www.europesays.com\/es\/317273\/","title":{"rendered":"as\u00ed es la nueva canci\u00f3n de La Oreja de Van Gogh que se estren\u00f3 en exclusiva en la Nochevieja de La 1"},"content":{"rendered":"<p class=\"paragraph\">El especial de <b>Nochevieja<\/b> de<b> La 1<\/b> contaba con una baza \u00fanica para competir con los programas del resto de cadenas antes de las Campanadas y lo supo aprovechar. Poco antes de conectar con la Puerta del Sol, donde esperaban Chenoa y Estopa,\u00a0<b>La Oreja de Van Gogh\u00a0present\u00f3 en exclusiva mundial <\/b>en la cadena p\u00fablica<b> su primer sencillo<\/b> despu\u00e9s del pol\u00e9mico<b>\u00a0regreso de Amaia Montero<\/b>\u00a0a la banda donostiarra: <b>&#8216;Yo creo en Dios&#8217;.<\/b><\/p>\n<p class=\"paragraph\">Lo hicieron con una actuaci\u00f3n desde el <b>Palacio de Miramar de San Sebasti\u00e1n<\/b>, dentro del programa especial\u00a0La casa de la m\u00fasica, en el que tambi\u00e9n participaron <a href=\"https:\/\/www.diariodenavarra.es\/noticias\/magazine\/television\/2026\/01\/01\/asi-actuacion-amaia-romero-monasterio-irache-especial-nochevieja-1-805230-107.html\" title=\"As\u00ed fue la actuaci\u00f3n de Amaia Romero desde el monasterio de Irache en el especial de Nochevieja de La 1\" rel=\"nofollow noopener\" target=\"_blank\">la cantante navarra Amaia Romero, interpretando su canci\u00f3n &#8216;Aralar&#8217; desde el Monasterio de Irache<\/a>, Ana Torroja interpretando el cl\u00e1sico de Mecano\u00a0Un a\u00f1o m\u00e1s\u00a0desde el Museo del Prado, Shakira desde Miami y Rosario Flores cantando desde el Pirul\u00ed, entre otros artistas m\u00e1s.<\/p>\n<blockquote class=\"twitter-tweet\" data-media-max-width=\"560\">\n<p lang=\"es\" dir=\"ltr\">El espectacular Palacio Miramar de San Sebasti\u00e1n es el escenario del reencuentro de Amaia Montero con La Oreja de Van Gogh (<a href=\"https:\/\/twitter.com\/laorejadevgogh?ref_src=twsrc%5Etfw\" rel=\"nofollow noopener\" target=\"_blank\">@laorejadevgogh<\/a>).<\/p>\n<p>\u00a1Impresionante cierre del especial de <a href=\"https:\/\/twitter.com\/hashtag\/LaCasaDeLaM%C3%BAsicaRTVE?src=hash&amp;ref_src=twsrc%5Etfw\" rel=\"nofollow noopener\" target=\"_blank\">#LaCasaDeLaM\u00fasicaRTVE<\/a>! \ud83c\udf86<a href=\"https:\/\/twitter.com\/hashtag\/RTVELaQueQuieres?src=hash&amp;ref_src=twsrc%5Etfw\" rel=\"nofollow noopener\" target=\"_blank\">#RTVELaQueQuieres<\/a><a href=\"https:\/\/t.co\/7x4KyIpbsf\" rel=\"nofollow\">pic.twitter.com\/7x4KyIpbsf<\/a><\/p>\n<p>\u2014 RTVE (@rtve) <a href=\"https:\/\/twitter.com\/rtve\/status\/2006493736252186866?ref_src=twsrc%5Etfw\" rel=\"nofollow noopener\" target=\"_blank\">December 31, 2025<\/a><\/p><\/blockquote>\n<p class=\"paragraph\">\u00abAll\u00ed donde muere el orgullo, nace la fe. Yo creo en Dios a mi manera, hay m\u00e1s preguntas que respuestas en la aurora boreal. Somos los dos, polvo de estrellas, misterio, luz, roque, candela, algo sobrenatural\u00bb, dice el estribillo de la nueva canci\u00f3n de La Oreja de Van Gogh, que parece que se une a Rosal\u00eda en un giro inesperado hacia la religiosidad, tema que hasta ahora nunca hab\u00eda abordado el grupo.<\/p>\n<p class=\"paragraph\">Este es el\u00a0primer tema de la nueva etapa de La Oreja de Van Gogh, con el regreso de Amaia y la discreta y pactada salida de Pablo Benegas. Pero ya han vendido m\u00e1s de medio mill\u00f3n de entradas para una <b>gira por Espa\u00f1a que comenzar\u00e1 el 9 de mayo en Bilbao<\/b> y que har\u00e1 paradas en otras <b>18 ciudades <\/b>de la geograf\u00eda espa\u00f1ola. En algunas de ellas, como Madrid, Pamplona o San Sebasti\u00e1n, se tuvieron que ampliar las fechas iniciales porque las entradas se vendieron en cuesti\u00f3n de minutos.<\/p>\n<p>Te puede interesar<img decoding=\"async\" loading=\"lazy\" alt=\"La Oreja de Van Gogh\" width=\"396\" height=\"252\" src=\"https:\/\/www.europesays.com\/es\/wp-content\/uploads\/2026\/01\/68ef9b3bb1e32.r_d.638-303-2063.jpeg\"\/><script async src=\"https:\/\/platform.twitter.com\/widgets.js\" charset=\"utf-8\"><\/script><\/p>\n","protected":false},"excerpt":{"rendered":"El especial de Nochevieja de La 1 contaba con una baza \u00fanica para competir con los programas del&hellip;\n","protected":false},"author":2,"featured_media":317274,"comment_status":"","ping_status":"","sticky":false,"template":"","format":"standard","meta":{"footnotes":""},"categories":[174],"tags":[8722,15350,255,10345,5093,146,147,25,24,256,795,23],"class_list":{"0":"post-317273","1":"post","2":"type-post","3":"status-publish","4":"format-standard","5":"has-post-thumbnail","7":"category-famosos","8":"tag-asi","9":"tag-cancion","10":"tag-celebrities","11":"tag-creo","12":"tag-dios","13":"tag-entertainment","14":"tag-entretenimiento","15":"tag-es","16":"tag-espana","17":"tag-famosos","18":"tag-nueva","19":"tag-spain"},"share_on_mastodon":{"url":"https:\/\/pubeurope.com\/@es\/115819838338384563","error":""},"_links":{"self":[{"href":"https:\/\/www.europesays.com\/es\/wp-json\/wp\/v2\/posts\/317273","targetHints":{"allow":["GET"]}}],"collection":[{"href":"https:\/\/www.europesays.com\/es\/wp-json\/wp\/v2\/posts"}],"about":[{"href":"https:\/\/www.europesays.com\/es\/wp-json\/wp\/v2\/types\/post"}],"author":[{"embeddable":true,"href":"https:\/\/www.europesays.com\/es\/wp-json\/wp\/v2\/users\/2"}],"replies":[{"embeddable":true,"href":"https:\/\/www.europesays.com\/es\/wp-json\/wp\/v2\/comments?post=317273"}],"version-history":[{"count":0,"href":"https:\/\/www.europesays.com\/es\/wp-json\/wp\/v2\/posts\/317273\/revisions"}],"wp:featuredmedia":[{"embeddable":true,"href":"https:\/\/www.europesays.com\/es\/wp-json\/wp\/v2\/media\/317274"}],"wp:attachment":[{"href":"https:\/\/www.europesays.com\/es\/wp-json\/wp\/v2\/media?parent=317273"}],"wp:term":[{"taxonomy":"category","embeddable":true,"href":"https:\/\/www.europesays.com\/es\/wp-json\/wp\/v2\/categories?post=317273"},{"taxonomy":"post_tag","embeddable":true,"href":"https:\/\/www.europesays.com\/es\/wp-json\/wp\/v2\/tags?post=317273"}],"curies":[{"name":"wp","href":"https:\/\/api.w.org\/{rel}","templated":true}]}}