{"id":317292,"date":"2026-01-01T12:39:08","date_gmt":"2026-01-01T12:39:08","guid":{"rendered":"https:\/\/www.europesays.com\/es\/317292\/"},"modified":"2026-01-01T12:39:08","modified_gmt":"2026-01-01T12:39:08","slug":"localizan-sin-vida-al-montanero-atrapado-por-un-alud-cuando-iba-de-excursion-con-raquetas-por-el-valle-de-bielsa-huesca","status":"publish","type":"post","link":"https:\/\/www.europesays.com\/es\/317292\/","title":{"rendered":"Localizan sin vida al monta\u00f1ero atrapado por un alud cuando iba de excursi\u00f3n con raquetas por el valle de Bielsa (Huesca)"},"content":{"rendered":"<p class=\"article-text\">\n        Nueva tragedia en el Pirineo aragon\u00e9s, y de nuevo relacionada con un alud. La Guardia Civil ha localizado el cuerpo sin vida del monta\u00f1ero que permanec\u00eda desaparecido al quedar atrapado por un alud que cay\u00f3 en la Punta Suelza, en el valle de Bielsa (Huesca), cuando iba de excursi\u00f3n con raquetas de nieve.\n    <\/p>\n<p class=\"article-text\">\n        Seg\u00fan informa &#8216;Heraldo de Arag\u00f3n&#8217;, la v\u00edctima tendr\u00eda 55 a\u00f1os y era natural de Madrid, aunque era vecino de Zaragoza. Su compa\u00f1ero, de 47, reside en la capital madrile\u00f1a.\n    <\/p>\n<p class=\"article-text\">\n        El suceso se produce apenas tres d\u00edas despu\u00e9s de que tres personas fallecieran por otra gran lengua de nieve, en este caso en Panticosa.\n    <\/p>\n<p>            <img decoding=\"async\" class=\"lazy\" loading=\"lazy\" data-src=\"https:\/\/static.eldiario.es\/clip\/a0f6c892-90eb-496d-bd89-0cc88987fd20_16-9-discover-aspect-ratio_default_0.jpg\" src=\"data:image\/svg+xml,%3Csvg xmlns=\" http:=\"\" viewbox=\"0 0 1200 675\" alt=\"Mapa sobre la Punta Suelza, donde se ha producido el suceso, y el refugio de Urdiceto, desde donde el acompa\u00f1ante lanz\u00f3 el aviso de la desaparici\u00f3n.\"\/><\/p>\n<p class=\"article-text\">\n        El aviso al 112 Arag\u00f3n lleg\u00f3 el mi\u00e9rcoles sobre las 20:00 horas desde el refugio de Urdiceto, precisamente de la persona que acompa\u00f1aba al monta\u00f1ero atrapado.\n    <\/p>\n<p class=\"article-text\">\n        El GREIM de la Guardia Civil fue activado para llevar a cabo el rescate, aunque tuvo que hacerlo a pie debido a que el helic\u00f3ptero no pudo despegar al ser ya de noche. A la hora de la llamada el operativo a\u00fan los agentes de la Guardia Civil a\u00fan ten\u00edan por delante tres horas caminando para llegar hasta el punto de la desaparici\u00f3n. En el dispositivo han participado perros especializados para buscar desaparecidos bajo la nieve.\n    <\/p>\n<p>    Inestabilidad<\/p>\n<p class=\"article-text\">\n        Seg\u00fan ha informado este jueves el Gobierno de Arag\u00f3n, las condiciones meteorol\u00f3gicas del inicio del invierno han generado unas condiciones del manto nivoso en cotas altas que son poco habituales en los Pirineos, y que generan inestabilidad por la presencia de capas de nieve de baja cohesi\u00f3n cerca de su base.\n    <\/p>\n<p class=\"article-text\">\n        As\u00ed lo advierte el jefe de Servicio de Seguridad y Protecci\u00f3n Civil del Ejecutivo auton\u00f3mico, Jorge Crespo. \u201cLa presencia de estas capas puede persistir en el manto de nieve durante periodos muy largos, no es perceptible a simple vista y puede dar lugar a avalanchas cuando la sobrecarga de una persona provoca la desestabilizaci\u00f3n del manto\u201d, se\u00f1ala Crespo.\n    <\/p>\n<p>    <a href=\"https:\/\/www.eldiario.es\/aragon\/huesca\/tres-fallecidos-alud-atrapa-personas-inmediaciones-balneario-panticosa-huesca_1_12875438.html\" data-mrf-recirculation=\"saber-mas-abajo\" data-dl-event=\"saber-mas-abajo\" rel=\"nofollow noopener\" target=\"_blank\"><\/p>\n<p class=\"know-more__title\">Tres personas fallecidas tras un alud en las inmediaciones del Balneario de Panticosa, Huesca<\/p>\n<p>            <img decoding=\"async\" class=\"lazy\" loading=\"lazy\" data-src=\"https:\/\/static.eldiario.es\/clip\/2cd1b684-10d7-4cce-9a65-968e6c8b4aa6_16-9-aspect-ratio_default_0.jpg\" src=\"data:image\/svg+xml,%3Csvg xmlns=\" http:=\"\" viewbox=\"0 0 880 495\" alt=\"Tres personas fallecidas tras un alud en las inmediaciones del Balneario de Panticosa, Huesca\"\/><\/p>\n<p>                        <\/a><\/p>\n<p class=\"article-text\">\n        El nivel actual de peligro de aludes, nivel 3 en cotas superiores a 2.200 metros, indica una situaci\u00f3n muy delicada para determinadas exposiciones y pendientes que no debe ser subestimada. En esta situaci\u00f3n, son fundamentales la elecci\u00f3n prudente del itinerario y el respeto a los consejos del bolet\u00edn de aludes.\u00a0\u00a0\n    <\/p>\n","protected":false},"excerpt":{"rendered":"Nueva tragedia en el Pirineo aragon\u00e9s, y de nuevo relacionada con un alud. La Guardia Civil ha localizado&hellip;\n","protected":false},"author":2,"featured_media":317293,"comment_status":"","ping_status":"","sticky":false,"template":"","format":"standard","meta":{"footnotes":""},"categories":[5],"tags":[517,4499,17,18,13616,13612,13613,25,24,13,14,13617,11,1265,19,20,13615,9,10,15,16,13614,952,492,23,12731,12,21,22,491],"class_list":{"0":"post-317292","1":"post","2":"type-post","3":"status-publish","4":"format-standard","5":"has-post-thumbnail","7":"category-titulares","8":"tag-actualidad","9":"tag-aragon","10":"tag-breaking-news","11":"tag-breakingnews","12":"tag-celia-soria","13":"tag-eldiario","14":"tag-elprismatico","15":"tag-es","16":"tag-espana","17":"tag-featured-news","18":"tag-featurednews","19":"tag-fernando-garcia-mongay","20":"tag-headlines","21":"tag-huesca","22":"tag-latest-news","23":"tag-latestnews","24":"tag-marimar-cabrera","25":"tag-news","26":"tag-noticias","27":"tag-noticias-destacadas","28":"tag-noticiasdestacadas","29":"tag-oscar-f-civieta","30":"tag-politica","31":"tag-sociedad","32":"tag-spain","33":"tag-teruel","34":"tag-titulares","35":"tag-ultimas-noticias","36":"tag-ultimasnoticias","37":"tag-zaragoza"},"share_on_mastodon":{"url":"","error":"Validation failed: Text character limit of 500 exceeded"},"_links":{"self":[{"href":"https:\/\/www.europesays.com\/es\/wp-json\/wp\/v2\/posts\/317292","targetHints":{"allow":["GET"]}}],"collection":[{"href":"https:\/\/www.europesays.com\/es\/wp-json\/wp\/v2\/posts"}],"about":[{"href":"https:\/\/www.europesays.com\/es\/wp-json\/wp\/v2\/types\/post"}],"author":[{"embeddable":true,"href":"https:\/\/www.europesays.com\/es\/wp-json\/wp\/v2\/users\/2"}],"replies":[{"embeddable":true,"href":"https:\/\/www.europesays.com\/es\/wp-json\/wp\/v2\/comments?post=317292"}],"version-history":[{"count":0,"href":"https:\/\/www.europesays.com\/es\/wp-json\/wp\/v2\/posts\/317292\/revisions"}],"wp:featuredmedia":[{"embeddable":true,"href":"https:\/\/www.europesays.com\/es\/wp-json\/wp\/v2\/media\/317293"}],"wp:attachment":[{"href":"https:\/\/www.europesays.com\/es\/wp-json\/wp\/v2\/media?parent=317292"}],"wp:term":[{"taxonomy":"category","embeddable":true,"href":"https:\/\/www.europesays.com\/es\/wp-json\/wp\/v2\/categories?post=317292"},{"taxonomy":"post_tag","embeddable":true,"href":"https:\/\/www.europesays.com\/es\/wp-json\/wp\/v2\/tags?post=317292"}],"curies":[{"name":"wp","href":"https:\/\/api.w.org\/{rel}","templated":true}]}}