{"id":317300,"date":"2026-01-01T12:48:09","date_gmt":"2026-01-01T12:48:09","guid":{"rendered":"https:\/\/www.europesays.com\/es\/317300\/"},"modified":"2026-01-01T12:48:09","modified_gmt":"2026-01-01T12:48:09","slug":"el-comienzo-de-2026-el-posible-fichaje-de-evan-ferguson-por-el-real-betis-la-lesion-de-mbappe-asi-vienen-las-portadas","status":"publish","type":"post","link":"https:\/\/www.europesays.com\/es\/317300\/","title":{"rendered":"El comienzo de 2026, el posible fichaje de Evan Ferguson por el Real Betis, la lesi\u00f3n de Mbapp\u00e9&#8230;as\u00ed vienen las portadas"},"content":{"rendered":"<p>El a\u00f1o nuevo, la planificaci\u00f3n de la plantilla y los objetivos del conjunto de Manuel Pellegrini en el mercado, adem\u00e1s del duro palo con la baja del delantero del Real Madrid para las pr\u00f3ximas semanas ocupan las principales portadas deportivas<\/p>\n<p class=\"parrafo\"><strong>El 2026<\/strong> ya est\u00e1 <strong>aqu\u00ed <\/strong>y con ello,<strong> noticias de importante calibre<\/strong> en el mundo del f\u00fatbol. De esta manera, el <strong>Real Betis<\/strong> sigue perfilando su plantilla y mirando al mercado de <strong>fichajes <\/strong>con el objetivo de mejorar el equipo de <strong>Manuel <\/strong><strong>Pellegrini<\/strong>, con<strong><a href=\"https:\/\/www.estadiodeportivo.com\/futbol\/betis\/evan-ferguson-una-oportunidad-mercado-nuevo-tiro-20251231-525312.html\" target=\"_blank\" class=\"intext-link\" rel=\"nofollow noopener\"> el nombre de Evan Ferguson como una oportunidad de mercado.<\/a> <\/strong>No obstante, otro de los temas que es portada a nivel nacional es la<strong> lesi\u00f3n de Mbapp\u00e9<\/strong>, que ha sufrido un <strong>esguince en su rodilla izquierda<\/strong> y que lo tendr\u00e1 <strong>apartado <\/strong>para las pr\u00f3ximas semana, pese a que algunos medios <strong>no <\/strong>lo <strong>descartan <\/strong>para la <strong>Supercopa<\/strong>.<\/p>\n<p><a class=\"elementos-rel-t2\" href=\"https:\/\/www.estadiodeportivo.com\/futbol\/betis\/evan-ferguson-una-oportunidad-mercado-nuevo-tiro-20251231-525312.html\" title=\"Evan Ferguson, una oportunidad de mercado de nuevo a tiro\" rel=\"nofollow noopener\" target=\"_blank\"><\/p>\n<p class=\"titular titulo-4\">Evan Ferguson, una oportunidad de mercado de nuevo a tiro<\/p>\n<p><img decoding=\"async\" src=\"https:\/\/www.europesays.com\/es\/wp-content\/uploads\/2026\/01\/380d28b0-af92-460d-b648-706149122ef3_320x180.jpeg\" alt=\"Evan Ferguson, una oportunidad de mercado de nuevo a tiro\"\/><\/a><a class=\"elementos-rel-t2\" href=\"https:\/\/www.estadiodeportivo.com\/futbol\/real-madrid\/mbappe-tres-semanas-por-una-lesion-rodilla-perdera-encuentro-ante-betis-supercopa-20251231-525326.html\" title=\"Mbapp\u00e9, tres semanas K.O. por una lesi\u00f3n en la rodilla: se perder\u00e1 el encuentro ante el Real Betis y la Supercopa\" rel=\"nofollow noopener\" target=\"_blank\"><\/p>\n<p class=\"titular titulo-4\">Mbapp\u00e9, tres semanas K.O. por una lesi\u00f3n en la rodilla: se perder\u00e1 el encuentro ante el Real Betis y la Supercopa<\/p>\n<p><img decoding=\"async\" src=\"https:\/\/www.europesays.com\/es\/wp-content\/uploads\/2026\/01\/0cfd9f9c-f7ec-4155-b6ac-768cf4760e82_320x180.jpeg\" alt=\"Mbapp\u00e9, tres semanas K.O. por una lesi\u00f3n en la rodilla: se perder\u00e1 el encuentro ante el Real Betis y la Supercopa\"\/><\/a>Evan Ferguson, nueva opci\u00f3n en el mercado del Real Betis<\/p>\n<p class=\"parrafo\">El<strong> Real Betis<\/strong> sigue moviendo ficha en el mercado de <strong>fichajes <\/strong>de cara a las siguientes ventana donde pueda reforzar la plantilla de <strong>Manuel Pellegrini, al que su afici\u00f3n le puso un sobresaliente por el 2025 que firmaron. <\/strong>Por ello, el equipo verdiblanco se ha fijado en<strong> Evan Ferguson,<\/strong> futbolista de 21 a\u00f1os del Brighton cedido en la Roma. En lo que llevamos de temporada, el jugador <strong>ha disputado un total de 18 partidos, entre la Serie A y la UEFA Europa League, firmando dos goles y dos asistencias.<\/strong> De esta manera, el delantero podr\u00eda realizar su llegada a Espa\u00f1a y a LaLiga EA Sports por primera vez en su carrera, <strong><a href=\"https:\/\/www.estadiodeportivo.com\/futbol\/betis\/getafe-chimy-avila-con-mejores-ojos-argentina-rifan-las-cifras-operacion-20251230-525232.html\" target=\"_blank\" class=\"intext-link\" rel=\"nofollow noopener\">a un club que podr\u00eda dar salida al Chimy \u00c1vila en esta ventana de traspasos<\/a>.<\/strong><\/p>\n<p>Mbapp\u00e9 comienza de la peor manera el 2026<strong\/><\/p>\n<p class=\"parrafo\"><strong>Kylian Mbapp\u00e9<\/strong> recibi\u00f3 <strong>muy malas noticias<\/strong> en el d\u00eda de ayer. El jugador fue sometido a pruebas m\u00e9dica que <strong><a href=\"https:\/\/www.estadiodeportivo.com\/futbol\/real-madrid\/mbappe-tres-semanas-por-una-lesion-rodilla-perdera-encuentro-ante-betis-supercopa-20251231-525326.html\" target=\"_blank\" class=\"intext-link\" rel=\"nofollow noopener\">le diagnosticaron un esguince en su rodilla izquierda.<\/a> <\/strong>De esta manera, el <strong>Real Madrid <\/strong>pierde a su principal goleador, de momento, para el encuentro de este domingo contra el<strong> Real Betis, <\/strong>correspondiente a la jornada 18 de LaLiga EA Sports.<strong> Xabi Alonso<\/strong> no podr\u00e1 contar con uno de sus mejores jugadores para el partido inaugural en el Santiago Bernab\u00e9u, por lo que se abre la puerta a la <strong>opci\u00f3n <\/strong>de <strong>Gonzalo Garc\u00eda <\/strong>en el <strong>once inicial,<\/strong> a la espera de lo que decida el t\u00e9cnico tolosarra. Adem\u00e1s, el internacional con <strong>Francia <\/strong>podr\u00eda <strong>estar de baja tres semanas, <\/strong>por lo que no podr\u00eda disputar la <strong>Supercopa de Espa\u00f1a <\/strong>de la semana que viene, en la que el conjunto blanco se ver\u00e1 las caras con el <strong>Atl\u00e9tico de Madrid en semifinales.<\/strong><\/p>\n<p>Laporta desvela sus deseos para el presente a\u00f1o<\/p>\n<p class=\"parrafo\">Por \u00faltimo,<strong> Joan Laporta, presidente del Barcelona, <\/strong>habl\u00f3 en el Diario Sport para desvelar <strong>sus deseos de cara al 2026,<\/strong> tanto en el \u00e1mbito deportivo como institucional en la entidad azulgrana: \u00abAl nuevo a\u00f1o le pido que durante esta temporada sigamos jugando bien y <strong>ganemos m\u00e1s t\u00edtulos <\/strong>para que los cul\u00e9s de todo el mundo sean felices.<strong> Espero que las elecciones a la presidencia del FC Barcelona sean una fiesta de la democracia <\/strong>con una gran participaci\u00f3n de los socios y las socias del Bar\u00e7a. Paz y solidaridad en todo el mundo y salud para todo el mundo\u00bb.<\/p>\n","protected":false},"excerpt":{"rendered":"El a\u00f1o nuevo, la planificaci\u00f3n de la plantilla y los objetivos del conjunto de Manuel Pellegrini en el&hellip;\n","protected":false},"author":2,"featured_media":317301,"comment_status":"","ping_status":"","sticky":false,"template":"","format":"standard","meta":{"footnotes":""},"categories":[268],"tags":[168,25,24,284,280,282,23120,286,3048,281,23,167],"class_list":{"0":"post-317300","1":"post","2":"type-post","3":"status-publish","4":"format-standard","5":"has-post-thumbnail","7":"category-futbol","8":"tag-deportes","9":"tag-es","10":"tag-espana","11":"tag-estadio-deportivo","12":"tag-football","13":"tag-futbol","14":"tag-portada-ed","15":"tag-real-betis-balompie","16":"tag-real-madrid","17":"tag-soccer","18":"tag-spain","19":"tag-sports"},"share_on_mastodon":{"url":"https:\/\/pubeurope.com\/@es\/115819925365135838","error":""},"_links":{"self":[{"href":"https:\/\/www.europesays.com\/es\/wp-json\/wp\/v2\/posts\/317300","targetHints":{"allow":["GET"]}}],"collection":[{"href":"https:\/\/www.europesays.com\/es\/wp-json\/wp\/v2\/posts"}],"about":[{"href":"https:\/\/www.europesays.com\/es\/wp-json\/wp\/v2\/types\/post"}],"author":[{"embeddable":true,"href":"https:\/\/www.europesays.com\/es\/wp-json\/wp\/v2\/users\/2"}],"replies":[{"embeddable":true,"href":"https:\/\/www.europesays.com\/es\/wp-json\/wp\/v2\/comments?post=317300"}],"version-history":[{"count":0,"href":"https:\/\/www.europesays.com\/es\/wp-json\/wp\/v2\/posts\/317300\/revisions"}],"wp:featuredmedia":[{"embeddable":true,"href":"https:\/\/www.europesays.com\/es\/wp-json\/wp\/v2\/media\/317301"}],"wp:attachment":[{"href":"https:\/\/www.europesays.com\/es\/wp-json\/wp\/v2\/media?parent=317300"}],"wp:term":[{"taxonomy":"category","embeddable":true,"href":"https:\/\/www.europesays.com\/es\/wp-json\/wp\/v2\/categories?post=317300"},{"taxonomy":"post_tag","embeddable":true,"href":"https:\/\/www.europesays.com\/es\/wp-json\/wp\/v2\/tags?post=317300"}],"curies":[{"name":"wp","href":"https:\/\/api.w.org\/{rel}","templated":true}]}}