{"id":317334,"date":"2026-01-01T13:13:09","date_gmt":"2026-01-01T13:13:09","guid":{"rendered":"https:\/\/www.europesays.com\/es\/317334\/"},"modified":"2026-01-01T13:13:09","modified_gmt":"2026-01-01T13:13:09","slug":"museo-del-prado-recibio-casi-35-millones-de-visitas","status":"publish","type":"post","link":"https:\/\/www.europesays.com\/es\/317334\/","title":{"rendered":"Museo del Prado recibi\u00f3 casi 3,5 millones de visitas"},"content":{"rendered":"<p> El Museo del Prado super\u00f3 por tercer a\u00f1o consecutivo su r\u00e9cord hist\u00f3rico de visitantes, seg\u00fan difundi\u00f3 la instituci\u00f3n.<\/p>\n<p>El Museo del Prado, una de las m\u00e1s importantes pinacotecas de Espa\u00f1a, super\u00f3 por tercer a\u00f1o consecutivo su r\u00e9cord hist\u00f3rico de visitantes. Esto al registrar 3.479.838 visitas desde que comenz\u00f3 2025 hasta este domingo, 28 de diciembre. As\u00ed lo difundi\u00f3 este lunes la instituci\u00f3n en un comunicado.<\/p>\n<p>La cifra registrada a tres d\u00edas de acabar 2025 supone superar en 22.781 visitas el m\u00e1ximo hist\u00f3rico anual del Prado, puesto que a lo largo de los 366 d\u00edas de 2024, a\u00f1o bisiesto, el c\u00e9ntrico museo ubicado en la capital espa\u00f1ola recibi\u00f3 3.457.057 visitantes, dato hist\u00f3rico hasta entonces.<\/p>\n<p>Un 45,35 % de las 3.479.838 personas que visitaron el Museo del Prado entre el 1 de enero y el 28 de diciembre accedieron de manera gratuita (la entrada no tiene coste en varios supuestos, como ser menor de 18 a\u00f1os, estudiante, ser una persona con discapacidad o en situaci\u00f3n de desempleo, y, adem\u00e1s, tambi\u00e9n es gratis entrar a la colecci\u00f3n permanente del Prado dos horas antes del cierre del museo, por ejemplo).<\/p>\n<p>Asimismo, el 67,30 % de los visitantes fueron extranjeros y un 32,70 % nacionales, abund\u00f3 el Museo del Prado en el comunicado.<\/p>\n<p>Mayo fue el mes con m\u00e1s afluencia<\/p>\n<p>El mes de 2025 que m\u00e1s personas visitaron el Prado fue mayo, con m\u00e1s de 339.062 visitas. El d\u00eda 3 de ese mes fue la fecha de mayor afluencia de p\u00fablico con 17.484 visitantes, seg\u00fan datos provisionales hasta que finalice 2025.<\/p>\n<p>El Museo del Prado, un organismo p\u00fablico adscrito al Ministerio de Cultura y Deporte de Espa\u00f1a, fue inaugurado en 1819 y, actualmente, en sus fondos hay m\u00e1s de 30.000 obras de arte de destacados artistas y escuelas.<\/p>\n<p>El \u201cTr\u00edptico del Jard\u00edn de las Delicias\u201d, de El Bosco; \u201cEl Cardenal\u201d, atribuido a Rafael; \u201cEl caballero de la mano en el pecho\u201d,\u00a0 de El Greco; \u201cLas tres gracias\u201d, de Rubens , o \u201cLas meninas\u201d, de Vel\u00e1zquez, son algunas de las obras maestras de la pinacoteca creada para aglutinar las colecciones de arte de los reyes espa\u00f1oles a lo largo de la historia.<\/p>\n<p>Ten la informaci\u00f3n al instante en tu celular. \u00danete al\u00a0canal\u00a0de Diario Primicia en WhatsApp a trav\u00e9s del siguiente link:\u00a0<a href=\"https:\/\/whatsapp.com\/channel\/0029VagwIcc4o7qP30kE1D0\" rel=\"nofollow noopener\" target=\"_blank\">https:\/\/whatsapp.com\/channel\/0029VagwIcc4o7qP30kE1D0<\/a> <\/p>\n<p>Tambi\u00e9n estamos en Telegram como @DiarioPrimicia, \u00fanete aqu\u00ed:\u00a0<a href=\"https:\/\/t.me\/diarioprimicia\" rel=\"nofollow\">https:\/\/t.me\/diarioprimicia<\/a> <\/p>\n","protected":false},"excerpt":{"rendered":"El Museo del Prado super\u00f3 por tercer a\u00f1o consecutivo su r\u00e9cord hist\u00f3rico de visitantes, seg\u00fan difundi\u00f3 la instituci\u00f3n.&hellip;\n","protected":false},"author":2,"featured_media":317335,"comment_status":"","ping_status":"","sticky":false,"template":"","format":"standard","meta":{"footnotes":""},"categories":[173],"tags":[229,233,231,230,232,234,146,147,25,24,9192,3013,18792,41596,23,4664,19329],"class_list":{"0":"post-317334","1":"post","2":"type-post","3":"status-publish","4":"format-standard","5":"has-post-thumbnail","7":"category-arte-y-diseno","8":"tag-arte","9":"tag-arte-y-diseno","10":"tag-arts","11":"tag-arts-and-design","12":"tag-design","13":"tag-diseno","14":"tag-entertainment","15":"tag-entretenimiento","16":"tag-es","17":"tag-espana","18":"tag-galeria","19":"tag-mundo","20":"tag-museo-del-prado","21":"tag-obras-de-arte","22":"tag-spain","23":"tag-turismo","24":"tag-visitantes"},"share_on_mastodon":{"url":"https:\/\/pubeurope.com\/@es\/115820023170664510","error":""},"_links":{"self":[{"href":"https:\/\/www.europesays.com\/es\/wp-json\/wp\/v2\/posts\/317334","targetHints":{"allow":["GET"]}}],"collection":[{"href":"https:\/\/www.europesays.com\/es\/wp-json\/wp\/v2\/posts"}],"about":[{"href":"https:\/\/www.europesays.com\/es\/wp-json\/wp\/v2\/types\/post"}],"author":[{"embeddable":true,"href":"https:\/\/www.europesays.com\/es\/wp-json\/wp\/v2\/users\/2"}],"replies":[{"embeddable":true,"href":"https:\/\/www.europesays.com\/es\/wp-json\/wp\/v2\/comments?post=317334"}],"version-history":[{"count":0,"href":"https:\/\/www.europesays.com\/es\/wp-json\/wp\/v2\/posts\/317334\/revisions"}],"wp:featuredmedia":[{"embeddable":true,"href":"https:\/\/www.europesays.com\/es\/wp-json\/wp\/v2\/media\/317335"}],"wp:attachment":[{"href":"https:\/\/www.europesays.com\/es\/wp-json\/wp\/v2\/media?parent=317334"}],"wp:term":[{"taxonomy":"category","embeddable":true,"href":"https:\/\/www.europesays.com\/es\/wp-json\/wp\/v2\/categories?post=317334"},{"taxonomy":"post_tag","embeddable":true,"href":"https:\/\/www.europesays.com\/es\/wp-json\/wp\/v2\/tags?post=317334"}],"curies":[{"name":"wp","href":"https:\/\/api.w.org\/{rel}","templated":true}]}}