{"id":317350,"date":"2026-01-01T13:23:13","date_gmt":"2026-01-01T13:23:13","guid":{"rendered":"https:\/\/www.europesays.com\/es\/317350\/"},"modified":"2026-01-01T13:23:13","modified_gmt":"2026-01-01T13:23:13","slug":"la-tragedia-del-tren-interoceanico-en-imagenes-el-pais","status":"publish","type":"post","link":"https:\/\/www.europesays.com\/es\/317350\/","title":{"rendered":"La tragedia del Tren Interoce\u00e1nico, en im\u00e1genes &#8211; EL PA\u00cdS"},"content":{"rendered":"<ol>\n<li><a href=\"https:\/\/news.google.com\/rss\/articles\/CBMikgFBVV95cUxQZEMzOGVwa3EzUTRfa1ZhZG9vUHdYdTYxSFMzQnNpdVVYNFVIN2FEOFh6VWlRTjZERVhXbW8xeTRTS0s5QkZzNEluejk4VGE0ZWR6bnlLUTFHYjFDT3EyMVlNZ0x2WjNOVk5QdmhPZ3RBZFQ3Q0RpbE45YlNtWVVDLWdtckxBbUJNN1pZTXc3bjhOUQ?oc=5\" target=\"_blank\" rel=\"nofollow noopener\">La tragedia del Tren Interoce\u00e1nico, en im\u00e1genes<\/a>&nbsp;&nbsp;EL PA\u00cdS<\/li>\n<li><a href=\"https:\/\/news.google.com\/rss\/articles\/CBMiiwJBVV95cUxNejRfM0dLa2FlWnpwVHB6WHp1cXB4NXhnRUxQeFI4MUMxYUMxV2RIajFzZDI2QWh2RWY1S0RrNi1IdVhIUEpmSzN5MDg4cmZmSnFSMW9NZTJ2cERqR2lpa0x0NTFRRjhlVFdYRnpuN1VCMWxsTXNmcDZNZ2d0RXYyeFhMNFNSMkZUT3BOdUhDbkp2dHFfTlhlU3c3UGx0N1pJR0p0VzRxTmNfcXFzblZPSElCT1kzQjhzaGliNnpVWERUdnMtTkg0eE9GT3J1NU5Xa01neEdEajZHaUlkUEgtRGJCdGtJcmJ5LVREWEFGWXdBcGNMOG01WVpXa1lreXdKMWd5UkJ6OVZ6UUk?oc=5\" target=\"_blank\" rel=\"nofollow noopener\">El relato de una sobreviviente del accidente del Tren Interoce\u00e1nico: \u201cVen\u00eda tirando las maletas. Ten\u00edamos miedo por la velocidad en la curva\u201d<\/a>&nbsp;&nbsp;EL PA\u00cdS<\/li>\n<li><a href=\"https:\/\/news.google.com\/rss\/articles\/CBMitgFBVV95cUxPTUxFejF5TGhZaFg1TVlZWE5pSnZoZmR3ZVlXQ3l5WnRNTGpCbUFXSjdnRWxxVXpnQXdSNm43VkpkVXBrYnhQZFl4cW55dk5ieGVENDdxV3VMQWFUdUlDQ3FmU3pfbGhFM1ZISUc3SDBDdWlLWDhibjIzdzNjTkprTXFIVVpIcW5teFBobUYxSEVZS0VZbU5na2FQM2x0ZHRnUjFNcGlGb2JLXzJ5bzdwRHBjNkNhZw?oc=5\" target=\"_blank\" rel=\"nofollow noopener\">Sheinbaum garantiza \u00abreparaci\u00f3n integral\u00bb a v\u00edctimas y familiares tras accidente de tren<\/a>&nbsp;&nbsp;ABC<\/li>\n<li><a href=\"https:\/\/news.google.com\/rss\/articles\/CBMimAFBVV95cUxORi14b1FWRTRDSlIwVENtd2ctVWRVWm9RcTI5dW1XS1ZlYkNPeldaa1A1TnNyWTJTLXkzZjJDLXpYdFRzbTRNQ2s5RmFlRlk3YjlYZWVBYnYzeTZjX3l2bnV5UGRKVl85X2UxR1ZDXzhGazNZZHpQbEtURmFGXzVEUFVSY19pdUIzZl9NYjJ4Zi1NWGxKcHdCRw?oc=5\" target=\"_blank\" rel=\"nofollow noopener\">Israel quer\u00eda revivir la experiencia de viajar en tren pero perdi\u00f3 la vida en el intento<\/a>&nbsp;&nbsp;Yahoo<\/li>\n<li><a href=\"https:\/\/news.google.com\/rss\/articles\/CBMivAFBVV95cUxQSmszSHRId1lWZW81NVVTUnZXQmduUUstREFSV0I1UnVlX2VjR1RNRzRCR3oydmtJR3RFS0l0M25iODhuSnB0LUtlVm5jamdWb2RCVlR6MGN3WmpGU24zQVFoV1hrcGM4Rloyek5TTFZmb3NxWkthbWtlU2dia0E5RF9WeU9HRExHRWxiZUVhLWQzYnFvTUF0Z2Q2X1p1RVV0dkxPSTdrQ2VwSnJpbkhVbkVLRDRGWnZNZzIxYw?oc=5\" target=\"_blank\" rel=\"nofollow noopener\">Empresa que hizo obras en tramo siniestrado del Tren es ligada a abusos y corrupci\u00f3n<\/a>&nbsp;&nbsp;SinEmbargo<\/li>\n<\/ol>\n","protected":false},"excerpt":{"rendered":"La tragedia del Tren Interoce\u00e1nico, en im\u00e1genes&nbsp;&nbsp;EL PA\u00cdS El relato de una sobreviviente del accidente del Tren Interoce\u00e1nico:&hellip;\n","protected":false},"author":2,"featured_media":317351,"comment_status":"","ping_status":"","sticky":false,"template":"","format":"standard","meta":{"footnotes":""},"categories":[42],"tags":[17,18,13,14,11,61,62,63,64,19,20,9,10,15,16,12,21,22,65,66,67],"class_list":{"0":"post-317350","1":"post","2":"type-post","3":"status-publish","4":"format-standard","5":"has-post-thumbnail","7":"category-internacional","8":"tag-breaking-news","9":"tag-breakingnews","10":"tag-featured-news","11":"tag-featurednews","12":"tag-headlines","13":"tag-internacional","14":"tag-international","15":"tag-international-news","16":"tag-internationalnews","17":"tag-latest-news","18":"tag-latestnews","19":"tag-news","20":"tag-noticias","21":"tag-noticias-destacadas","22":"tag-noticiasdestacadas","23":"tag-titulares","24":"tag-ultimas-noticias","25":"tag-ultimasnoticias","26":"tag-world","27":"tag-world-news","28":"tag-worldnews"},"share_on_mastodon":{"url":"https:\/\/pubeurope.com\/@es\/115820062962168342","error":""},"_links":{"self":[{"href":"https:\/\/www.europesays.com\/es\/wp-json\/wp\/v2\/posts\/317350","targetHints":{"allow":["GET"]}}],"collection":[{"href":"https:\/\/www.europesays.com\/es\/wp-json\/wp\/v2\/posts"}],"about":[{"href":"https:\/\/www.europesays.com\/es\/wp-json\/wp\/v2\/types\/post"}],"author":[{"embeddable":true,"href":"https:\/\/www.europesays.com\/es\/wp-json\/wp\/v2\/users\/2"}],"replies":[{"embeddable":true,"href":"https:\/\/www.europesays.com\/es\/wp-json\/wp\/v2\/comments?post=317350"}],"version-history":[{"count":0,"href":"https:\/\/www.europesays.com\/es\/wp-json\/wp\/v2\/posts\/317350\/revisions"}],"wp:featuredmedia":[{"embeddable":true,"href":"https:\/\/www.europesays.com\/es\/wp-json\/wp\/v2\/media\/317351"}],"wp:attachment":[{"href":"https:\/\/www.europesays.com\/es\/wp-json\/wp\/v2\/media?parent=317350"}],"wp:term":[{"taxonomy":"category","embeddable":true,"href":"https:\/\/www.europesays.com\/es\/wp-json\/wp\/v2\/categories?post=317350"},{"taxonomy":"post_tag","embeddable":true,"href":"https:\/\/www.europesays.com\/es\/wp-json\/wp\/v2\/tags?post=317350"}],"curies":[{"name":"wp","href":"https:\/\/api.w.org\/{rel}","templated":true}]}}