{"id":317354,"date":"2026-01-01T13:25:08","date_gmt":"2026-01-01T13:25:08","guid":{"rendered":"https:\/\/www.europesays.com\/es\/317354\/"},"modified":"2026-01-01T13:25:08","modified_gmt":"2026-01-01T13:25:08","slug":"varias-decenas-de-muertos-y-un-centenar-de-heridos-en-un-incendio-en-un-bar-de-la-estacion-suiza-de-esqui-de-crans-montana","status":"publish","type":"post","link":"https:\/\/www.europesays.com\/es\/317354\/","title":{"rendered":"Varias decenas de muertos y un centenar de heridos en un incendio en un bar de la estaci\u00f3n suiza de esqu\u00ed de Crans-Montana"},"content":{"rendered":"<p class=\"article-text\">\n        Varias decenas de muertos y un centenar de heridos, la mayor\u00eda de ellos graves, por un incendio en un bar de la estaci\u00f3n de esqu\u00ed suiza de Crans-Montana, en el cant\u00f3n de Valais (en el sur del pa\u00eds). El incendio se ha producido aproximadamete a las 01:30 horas de la ma\u00f1ana en la fiesta de fin de a\u00f1o que se celebraba en &#8216;Le Constellation&#8217;, un local muy popular entre los j\u00f3venes en esta localidad. Hab\u00eda m\u00e1s de 100 personas en el establecimiento.\n    <\/p>\n<p class=\"article-text\">\n        En una rueda de prensa, las autoridades del cant\u00f3n han informado de que el incendio ha sido \u201cgrave\u201d y que los servicios de emergencias siguen trabajando en la zona. El presidente del Consejo de Estado, Matthias Reynard, ha expresado su \u201csolidaridad con las familias en duelo\u201d y ha enviado un mensaje de apoyo a los heridos y a los servicios de emergencias. \u201cLo que deb\u00eda ser una velada festiva se convirti\u00f3 en una pesadilla\u201d, ha asegurado.\n    <\/p>\n<p class=\"article-text\">\n        Tras recibir el aviso de incendio, un gran n\u00famero de efectivos policiales, bomberos y servicios de emergencias se desplazaron directamente al lugar para socorrer a las v\u00edctimas. Aunque el origen sigue siendo desconocido, las autoridades descartan que se trate de un acto terrorista y se inclinan por un accidente, probablemente producido por pirotecnia.\n    <\/p>\n<p class=\"article-text\">\n        Las autoridades hab\u00edan cancelado los fuegos artificiales previstos en la Nochevieja debido a la situaci\u00f3n de sequ\u00eda que vive la zona. La localidad usualmente se encuentra habitualmente cubierta por un manto de nieve en este periodo del a\u00f1o, pero en esta ocasi\u00f3n carece de nieve por la ausencia de precipitaciones y las altas temperaturas para esta \u00e9poca del a\u00f1o.\n    <\/p>\n<blockquote class=\"twitter-tweet\" data-lang=\"es\"><p><a href=\"https:\/\/twitter.com\/X\/status\/2006602511046599012?ref_src=twsrc%5Etfw\" rel=\"nofollow noopener\" target=\"_blank\"><\/p><\/blockquote>\n<p class=\"article-text\">\n        En un primer momento, un portavoz de la polic\u00eda cantonal hab\u00eda hablado de \u201cuna explosi\u00f3n de origen desconocido\u201d. Las autoridades descartan ya que el origen haya sido una explosi\u00f3n, sino que fue el incendio lo que produjo varias explosiones en el local. \u201cHay varios heridos y varios muertos\u201d, a\u00f1adi\u00f3.\n    <\/p>\n<p class=\"article-text\">\n        Seg\u00fan la Polic\u00eda, m\u00e1s de 100 personas se encontraban en el establecimiento en el momento del incidente. Varios testigos han asegurado a BFMTV que tambi\u00e9n hab\u00eda gente menor de edad.\n    <\/p>\n<p class=\"article-text\">\n        Las autoridades han indicado igualmente que es muy probable que entre las numerosas v\u00edctimas haya varios extranjeros, ya que Crans-Montana es una estaci\u00f3n muy visitada por los esquiadores en el periodo de fin de a\u00f1o. De momento, entre los heridos, habr\u00eda dos ciudadanos de nacionalidad francesa, seg\u00fan ha informado el Ministerio de Exteriores\u00a0galo en un comunicado.\n    <\/p>\n<p class=\"article-text\">\n        Por su parte, el embajador italiano en Berna, Gian Lorenzo Cornado, ha afirmado que las pesquisas son todav\u00eda \u201cmuy preliminares\u201d pero ha apuntado que \u201chay italianos de quienes sus familiares no tienen noticias\u201d. Adem\u00e1s, tambi\u00e9n ha detallado que la identificaci\u00f3n de las v\u00edctimas llevar\u00e1 tiempo.\n    <\/p>\n<p>            <img decoding=\"async\" class=\"lazy\" loading=\"lazy\" data-src=\"https:\/\/static.eldiario.es\/clip\/e49021be-837f-4f74-9c3e-ad8eb73b74b3_16-9-discover-aspect-ratio_default_0.jpg\" src=\"data:image\/svg+xml,%3Csvg xmlns=\" http:=\"\" viewbox=\"0 0 1200 675\" alt=\"Trabajos de las autoridades en el exterior del frecuentado bar de la localidad de Crans-Montana.\"\/><\/p>\n<p class=\"article-text\">\n        La televisi\u00f3n suiza <a href=\"https:\/\/www.rts.ch\/info\/regions\/valais\/2026\/minute-par-minute\/29104815.html\" target=\"_blank\" data-mrf-recirculation=\"links-noticia\" class=\"link\" rel=\"nofollow noopener\">RTS<\/a> detalla que los hospitales de la parte franc\u00f3fona de Suiza est\u00e1n desbordados por las v\u00edctimas. Los heridos est\u00e1n siendo repartidos por unidades de quemados de centros de todo el pa\u00eds, y varios han sido trasladados ya hasta Z\u00farich, a 200 kil\u00f3metros del incidente.\n    <\/p>\n<p class=\"article-text\">\n        El ministro de Exteriores de la vecina Italia, Antonio Tajani, ha ofrecido la colaboraci\u00f3n de la Protecci\u00f3n Civil de las regiones norte\u00f1as de Val de Aosta y Lombard\u00eda, colindantes con las fronteras helv\u00e9ticas. Adem\u00e1s, ya se ha preparado el hospital de grandes quemados de Niguarda, en Mil\u00e1n (norte), para recibir en helic\u00f3ptero eventuales heridos.\n    <\/p>\n<p class=\"article-text\">\n        El presidente de Suiza, Guy Parmelin, ha pospuesto su discurso de a\u00f1o nuevo, previsto para este jueves al mediod\u00eda. \u201cLo que deber\u00eda haber sido un momento de alegr\u00eda se convirti\u00f3 en un d\u00eda de luto en Crans-Montana, una tragedia que ha afectado a todo el pa\u00eds\u201d, ha escrito en su cuenta de X.\n    <\/p>\n<blockquote class=\"twitter-tweet\" data-lang=\"es\"><p><a href=\"https:\/\/twitter.com\/X\/status\/2006672731467841611?ref_src=twsrc%5Etfw\" rel=\"nofollow noopener\" target=\"_blank\"><\/p><\/blockquote>\n<p>                                    <script async src=\"https:\/\/platform.twitter.com\/widgets.js\" charset=\"utf-8\"><\/script><\/p>\n","protected":false},"excerpt":{"rendered":"Varias decenas de muertos y un centenar de heridos, la mayor\u00eda de ellos graves, por un incendio en&hellip;\n","protected":false},"author":2,"featured_media":317355,"comment_status":"","ping_status":"","sticky":false,"template":"","format":"standard","meta":{"footnotes":""},"categories":[5],"tags":[6172,17,18,74137,25,24,15583,22957,13,14,11,11225,48,19,20,5329,5161,9,10,15,16,23,6679,12,21,22],"class_list":{"0":"post-317354","1":"post","2":"type-post","3":"status-publish","4":"format-standard","5":"has-post-thumbnail","7":"category-titulares","8":"tag-bar","9":"tag-breaking-news","10":"tag-breakingnews","11":"tag-crans","12":"tag-es","13":"tag-espana","14":"tag-esqui","15":"tag-estacion","16":"tag-featured-news","17":"tag-featurednews","18":"tag-headlines","19":"tag-heridos","20":"tag-incendio","21":"tag-latest-news","22":"tag-latestnews","23":"tag-montana","24":"tag-muertos","25":"tag-news","26":"tag-noticias","27":"tag-noticias-destacadas","28":"tag-noticiasdestacadas","29":"tag-spain","30":"tag-suiza","31":"tag-titulares","32":"tag-ultimas-noticias","33":"tag-ultimasnoticias"},"share_on_mastodon":{"url":"","error":""},"_links":{"self":[{"href":"https:\/\/www.europesays.com\/es\/wp-json\/wp\/v2\/posts\/317354","targetHints":{"allow":["GET"]}}],"collection":[{"href":"https:\/\/www.europesays.com\/es\/wp-json\/wp\/v2\/posts"}],"about":[{"href":"https:\/\/www.europesays.com\/es\/wp-json\/wp\/v2\/types\/post"}],"author":[{"embeddable":true,"href":"https:\/\/www.europesays.com\/es\/wp-json\/wp\/v2\/users\/2"}],"replies":[{"embeddable":true,"href":"https:\/\/www.europesays.com\/es\/wp-json\/wp\/v2\/comments?post=317354"}],"version-history":[{"count":0,"href":"https:\/\/www.europesays.com\/es\/wp-json\/wp\/v2\/posts\/317354\/revisions"}],"wp:featuredmedia":[{"embeddable":true,"href":"https:\/\/www.europesays.com\/es\/wp-json\/wp\/v2\/media\/317355"}],"wp:attachment":[{"href":"https:\/\/www.europesays.com\/es\/wp-json\/wp\/v2\/media?parent=317354"}],"wp:term":[{"taxonomy":"category","embeddable":true,"href":"https:\/\/www.europesays.com\/es\/wp-json\/wp\/v2\/categories?post=317354"},{"taxonomy":"post_tag","embeddable":true,"href":"https:\/\/www.europesays.com\/es\/wp-json\/wp\/v2\/tags?post=317354"}],"curies":[{"name":"wp","href":"https:\/\/api.w.org\/{rel}","templated":true}]}}