{"id":317370,"date":"2026-01-01T13:39:09","date_gmt":"2026-01-01T13:39:09","guid":{"rendered":"https:\/\/www.europesays.com\/es\/317370\/"},"modified":"2026-01-01T13:39:09","modified_gmt":"2026-01-01T13:39:09","slug":"jim-carrey-nombra-las-2-canciones-de-rock-favoritas-de-su-vida","status":"publish","type":"post","link":"https:\/\/www.europesays.com\/es\/317370\/","title":{"rendered":"Jim Carrey nombra las 2 canciones de rock favoritas de su vida"},"content":{"rendered":"<p><strong>Jim Carrey<\/strong> es un gran amante de la m\u00fasica y est\u00e1 muy vinculado con ella. El actor protagoniz\u00f3 el videoclip de \u00abLeave Me Alone\u00bb, de Jerry Cantrell, y adem\u00e1s mostr\u00f3 su faceta de cantante cuando grab\u00f3 una divertida versi\u00f3n de \u00abI Am the Walrus\u00bb, de <a href=\"https:\/\/indiehoy.com\/historias\/los-3-peores-discos-de-the-beatles-segun-indie-hoy\/\" target=\"_blank\" rel=\"noreferrer noopener nofollow\">The Beatles<\/a>, que apareci\u00f3 en el \u00e1lbum compilatorio In My Life (1998), producido por George Martin.<\/p>\n<p>M\u00e1s all\u00e1 de su relaci\u00f3n con la m\u00fasica \u2014que incluye el hecho de que su padre, Percy Carrey, se dedicaba a este arte\u2014, el actor habl\u00f3 de sus gustos como oyente. En una entrevista con Parade <strong>nombr\u00f3 sus canciones favoritas de rock: la que lo ten\u00eda obsesionado en ese momento y la que lo hab\u00eda marcado a lo largo de su vida<\/strong>. <\/p>\n<p><img loading=\"lazy\" decoding=\"async\" width=\"1200\" height=\"800\" src=\"https:\/\/www.europesays.com\/es\/wp-content\/uploads\/2026\/01\/jim-carrey.jpg\" alt=\"Jim Carrey.\" class=\"wp-image-387284\"  \/>Jim Carrey.<\/p>\n<p>\u201c<strong>Ahora mismo es &#8216;Hard to Handle&#8217;, de The Black Crowes. Pero antes era &#8216;Whole Lotta Rosie&#8217;, de <a href=\"https:\/\/indiehoy.com\/historias\/cancion-de-ac-dc-que-mas-le-cuesta-tocar-a-angus-young-tiene-una-complejidad-implacable\/\" target=\"_blank\" rel=\"noreferrer noopener nofollow\">AC\/DC<\/a>. Pero tienes que escuchar la versi\u00f3n original, con Bon Scott<\/strong>\u201d. Ambas canciones elegidas por <a href=\"https:\/\/indiehoy.com\/cine\/las-5-mejores-peliculas-de-jim-carrey\/\" target=\"_blank\" rel=\"noreferrer noopener nofollow\">Carrey<\/a> son versiones. \u00abHard to Handle\u00bb pertenece a Otis Redding y fue publicada originalmente en 1968. Gracias a la versi\u00f3n de The Black Crowes, el tema alcanz\u00f3 el puesto 21 del Billboard Hot 100.<\/p>\n<p>En otras entrevistas, el actor tambi\u00e9n habl\u00f3 de <a href=\"https:\/\/indiehoy.com\/cine\/jim-carrey-y-la-cancion-que-escucha-si-necesita-volverse-loco\/\" target=\"_blank\" rel=\"noreferrer noopener nofollow\">su predilecci\u00f3n por \u00abBreed\u00bb, de Nirvana<\/a>. \u201cEs uno de mis himnos. Dale play e imagina que est\u00e1s golpeando la cara de tu enemigo hasta convertirla en una sopa de sangre\u201d. Adem\u00e1s, asegur\u00f3: \u00abSi necesito ponerme en cierto estado de \u00e1nimo, si necesito volverme ca\u00f3tico o loco a veces, elijo algo como &#8216;Breed&#8217; de Nirvana\u00bb. <\/p>\n","protected":false},"excerpt":{"rendered":"Jim Carrey es un gran amante de la m\u00fasica y est\u00e1 muy vinculado con ella. El actor protagoniz\u00f3&hellip;\n","protected":false},"author":2,"featured_media":317371,"comment_status":"","ping_status":"","sticky":false,"template":"","format":"standard","meta":{"footnotes":""},"categories":[170],"tags":[146,147,25,24,49159,184,185,23],"class_list":{"0":"post-317370","1":"post","2":"type-post","3":"status-publish","4":"format-standard","5":"has-post-thumbnail","7":"category-musica","8":"tag-entertainment","9":"tag-entretenimiento","10":"tag-es","11":"tag-espana","12":"tag-jim-carrey","13":"tag-music","14":"tag-musica","15":"tag-spain"},"share_on_mastodon":{"url":"https:\/\/pubeurope.com\/@es\/115820125592578636","error":""},"_links":{"self":[{"href":"https:\/\/www.europesays.com\/es\/wp-json\/wp\/v2\/posts\/317370","targetHints":{"allow":["GET"]}}],"collection":[{"href":"https:\/\/www.europesays.com\/es\/wp-json\/wp\/v2\/posts"}],"about":[{"href":"https:\/\/www.europesays.com\/es\/wp-json\/wp\/v2\/types\/post"}],"author":[{"embeddable":true,"href":"https:\/\/www.europesays.com\/es\/wp-json\/wp\/v2\/users\/2"}],"replies":[{"embeddable":true,"href":"https:\/\/www.europesays.com\/es\/wp-json\/wp\/v2\/comments?post=317370"}],"version-history":[{"count":0,"href":"https:\/\/www.europesays.com\/es\/wp-json\/wp\/v2\/posts\/317370\/revisions"}],"wp:featuredmedia":[{"embeddable":true,"href":"https:\/\/www.europesays.com\/es\/wp-json\/wp\/v2\/media\/317371"}],"wp:attachment":[{"href":"https:\/\/www.europesays.com\/es\/wp-json\/wp\/v2\/media?parent=317370"}],"wp:term":[{"taxonomy":"category","embeddable":true,"href":"https:\/\/www.europesays.com\/es\/wp-json\/wp\/v2\/categories?post=317370"},{"taxonomy":"post_tag","embeddable":true,"href":"https:\/\/www.europesays.com\/es\/wp-json\/wp\/v2\/tags?post=317370"}],"curies":[{"name":"wp","href":"https:\/\/api.w.org\/{rel}","templated":true}]}}