{"id":317379,"date":"2026-01-01T13:44:08","date_gmt":"2026-01-01T13:44:08","guid":{"rendered":"https:\/\/www.europesays.com\/es\/317379\/"},"modified":"2026-01-01T13:44:08","modified_gmt":"2026-01-01T13:44:08","slug":"asi-fue-la-nochevieja-malaguista","status":"publish","type":"post","link":"https:\/\/www.europesays.com\/es\/317379\/","title":{"rendered":"\u00a1As\u00ed fue la Nochevieja malaguista!"},"content":{"rendered":"<p>\t\tCompartir esta publicaci\u00f3n\t\t\t\t\t<\/p>\n<p data-start=\"0\" data-end=\"474\">Los jugadores del <a href=\"http:\/\/malagacf.com\" target=\"_blank\" rel=\"noopener nofollow\">M\u00e1laga CF<\/a> dieron la bienvenida al nuevo a\u00f1o lejos del c\u00e9sped, pero muy cerca del buen rollo y las celebraciones. Tras un <strong>2025 intenso<\/strong>, la plantilla blanquiazul aprovech\u00f3 la <strong>Nochevieja<\/strong> para desconectar, rodearse de familia y amigos y recargar pilas antes de volver al trabajo. Cenas especiales, brindis y alguna que otra tradici\u00f3n para arrancar el a\u00f1o con buen pie marcaron una noche en la que el bal\u00f3n qued\u00f3 aparcado\u2026 al menos por unas horas.<\/p>\n<p data-start=\"0\" data-end=\"474\">Ojo, cabe recordar que hoy jueves <a href=\"https:\/\/www.merchanendirecto.es\/dani-lorenzo-se-cae-entrenamiento-2025\/\" target=\"_blank\" rel=\"noopener nofollow\">la plantilla est\u00e1 citada despu\u00e9s de comer<\/a> para llevar a cabo el <strong>cuarto entrenamiento de la semana<\/strong>, ya con el <strong>Sporting de Gij\u00f3n<\/strong> en la mirilla el pr\u00f3ximo domingo a las 14:00 horas. Por lo tanto, celebraci\u00f3n pero sin desfases.<\/p>\n<p data-start=\"476\" data-end=\"964\" data-is-last-node=\"\" data-is-only-node=\"\">Como no pod\u00eda ser de otra manera, las <strong>redes sociales<\/strong> se llenaron de momentos festivos, sonrisas y looks de gala que reflejan el gran ambiente que se respira dentro del vestuario malaguista. Desde celebraciones m\u00e1s tranquilas hasta instant\u00e1neas de risas y m\u00fasica, los jugadores del M\u00e1laga CF despidieron el a\u00f1o a su manera, demostrando que tambi\u00e9n saben disfrutar fuera del campo. A continuaci\u00f3n, te dejamos algunas im\u00e1genes que resumen c\u00f3mo vivieron los nuestros la \u00faltima noche del a\u00f1o.<\/p>\n<p><strong>Un repaso a la Nochevieja de los futbolistas del M\u00e1laga CF<\/strong><\/p>\n","protected":false},"excerpt":{"rendered":"Compartir esta publicaci\u00f3n Los jugadores del M\u00e1laga CF dieron la bienvenida al nuevo a\u00f1o lejos del c\u00e9sped, pero&hellip;\n","protected":false},"author":2,"featured_media":317380,"comment_status":"","ping_status":"","sticky":false,"template":"","format":"standard","meta":{"footnotes":""},"categories":[81],"tags":[119,123,124,25,24,117,121,122,23,118,120],"class_list":{"0":"post-317379","1":"post","2":"type-post","3":"status-publish","4":"format-standard","5":"has-post-thumbnail","7":"category-ciencia-y-tecnologia","8":"tag-ciencia","9":"tag-ciencia-y-tecnologia","10":"tag-cienciaytecnologia","11":"tag-es","12":"tag-espana","13":"tag-science","14":"tag-science-and-technology","15":"tag-scienceandtechnology","16":"tag-spain","17":"tag-technology","18":"tag-tecnologia"},"share_on_mastodon":{"url":"https:\/\/pubeurope.com\/@es\/115820145588228510","error":""},"_links":{"self":[{"href":"https:\/\/www.europesays.com\/es\/wp-json\/wp\/v2\/posts\/317379","targetHints":{"allow":["GET"]}}],"collection":[{"href":"https:\/\/www.europesays.com\/es\/wp-json\/wp\/v2\/posts"}],"about":[{"href":"https:\/\/www.europesays.com\/es\/wp-json\/wp\/v2\/types\/post"}],"author":[{"embeddable":true,"href":"https:\/\/www.europesays.com\/es\/wp-json\/wp\/v2\/users\/2"}],"replies":[{"embeddable":true,"href":"https:\/\/www.europesays.com\/es\/wp-json\/wp\/v2\/comments?post=317379"}],"version-history":[{"count":0,"href":"https:\/\/www.europesays.com\/es\/wp-json\/wp\/v2\/posts\/317379\/revisions"}],"wp:featuredmedia":[{"embeddable":true,"href":"https:\/\/www.europesays.com\/es\/wp-json\/wp\/v2\/media\/317380"}],"wp:attachment":[{"href":"https:\/\/www.europesays.com\/es\/wp-json\/wp\/v2\/media?parent=317379"}],"wp:term":[{"taxonomy":"category","embeddable":true,"href":"https:\/\/www.europesays.com\/es\/wp-json\/wp\/v2\/categories?post=317379"},{"taxonomy":"post_tag","embeddable":true,"href":"https:\/\/www.europesays.com\/es\/wp-json\/wp\/v2\/tags?post=317379"}],"curies":[{"name":"wp","href":"https:\/\/api.w.org\/{rel}","templated":true}]}}