{"id":317385,"date":"2026-01-01T13:47:11","date_gmt":"2026-01-01T13:47:11","guid":{"rendered":"https:\/\/www.europesays.com\/es\/317385\/"},"modified":"2026-01-01T13:47:11","modified_gmt":"2026-01-01T13:47:11","slug":"santa-cruz-arranca-el-ano-2026-con-una-agenda-diversa-de-cultura-y-ocio","status":"publish","type":"post","link":"https:\/\/www.europesays.com\/es\/317385\/","title":{"rendered":"Santa Cruz arranca el a\u00f1o 2026 con una agenda diversa de cultura y ocio"},"content":{"rendered":"<p>La capital combina propuestas familiares con cine, conciertos, danza contempor\u00e1nea y actividades juveniles en distintos espacios de los cinco distritos, en el marco de las celebraciones navide\u00f1as y la antesala de la llegada de Sus Majestades los Reyes Magos.<\/p>\n<p>Santa Cruz de Tenerife afronta los primeros d\u00edas del nuevo a\u00f1o 2026 con una programaci\u00f3n variada de actividades culturales y de ocio pensadas para todos los p\u00fablicos, con especial atenci\u00f3n a las familias y al p\u00fablico infantil, en el marco de las celebraciones navide\u00f1as y la antesala de la llegada de Sus Majestades los Reyes Magos.<\/p>\n<p>Este jueves 1 de enero, a las 19:30 horas, el Auditorio de Tenerife Ad\u00e1n Mart\u00edn ser\u00e1 escenario del Concierto de A\u00f1o Nuevo 2026 de la Joven Orquesta de Canarias (JOCAN). Bajo la direcci\u00f3n de V\u00edctor Pablo P\u00e9rez, la formaci\u00f3n ofrecer\u00e1 un programa que combina creaci\u00f3n canaria y repertorio sinf\u00f3nico internacional, con la participaci\u00f3n del pianista Mart\u00edn Garc\u00eda Garc\u00eda, en una propuesta cultural pensada para dar la bienvenida al nuevo a\u00f1o en un ambiente solemne y accesible al p\u00fablico general.<\/p>\n<p>El museo TEA Tenerife Espacio de las Artes inicia su programaci\u00f3n estable de cine de 2026 con la proyecci\u00f3n de \u201cAriel\u201d, un filme de Lois Pati\u00f1o que adapta \u201cLa tempestad\u201d, de Shakespeare, y con el que el cineasta ofrece una reflexi\u00f3n po\u00e9tica sobre la libertad y el destino. <\/p>\n<p>Esta pel\u00edcula, protagonizada por Agustina Mu\u00f1oz, Irene Escolar, Hugo Torres y Jos\u00e9 D\u00edaz, Marta Pazos, gira sobre la idea de libertad tambi\u00e9n desde la perspectiva del miedo y ofrece una invitaci\u00f3n a la aventura de vivir. Ariel, donde los juegos metanarrativos entre realidad y ficci\u00f3n se van trenzando en m\u00faltiples duplicidades, se proyecta desde el viernes 2 hasta el domingo 4, a las 19:00 horas en versi\u00f3n original en espa\u00f1ol, gallego y portugu\u00e9s con subt\u00edtulos en espa\u00f1ol.<\/p>\n<p>El viernes 2 de enero, el Auditorio de Tenerife acoge dos funciones, a las 12:30 y a las 17:00 horas, del espect\u00e1culo infantil \u201cCantaJuego: Mega Hits\u201d. Esta propuesta, dirigida al p\u00fablico familiar, invita a ni\u00f1os y ni\u00f1as a cantar, bailar y disfrutar junto a personajes tan conocidos como Coco, Pepe o Buby, recuperando las canciones m\u00e1s populares del proyecto CantaJuego en un formato participativo y festivo, especialmente pensado para el disfrute compartido en fechas navide\u00f1as.<\/p>\n<p>Durante el s\u00e1bado 3 y el domingo 4 de enero, a partir de las 11:00 horas, la Plaza de La Candelaria se convierte en uno de los principales espacios de la programaci\u00f3n \u201cZona Centro en Navidad\u201d, con la instalaci\u00f3n de la Oficina Postal de los Reyes Magos. Ni\u00f1os y ni\u00f1as podr\u00e1n entregar o redactar sus cartas a Sus Majestades, adem\u00e1s de participar en talleres infantiles, en una actividad que refuerza la ilusi\u00f3n y la participaci\u00f3n del p\u00fablico infantil en el coraz\u00f3n de la ciudad.<\/p>\n<p>El Distrito Centro-Ifara desarrolla tambi\u00e9n una programaci\u00f3n espec\u00edfica con motivo de la Navidad. El s\u00e1bado 3 de enero, de 11:00 a 14:00 horas, la Plaza de La Llavita acoge una Fiesta Infantil Navide\u00f1a con castillos hinchables y talleres, que contar\u00e1 con la visita del paje real. Ese mismo d\u00eda, y tambi\u00e9n el domingo 4 de enero, se habilitan puntos de empaquetado solidario, de 11:00 a 20:00 horas, en distintas ubicaciones del centro de Santa Cruz, fomentando valores de solidaridad y participaci\u00f3n ciudadana.<\/p>\n<p>La oferta cultural se completa el s\u00e1bado 3 de enero, a las 19:00 horas, en el Espacio Cultural CajaCanarias de Santa Cruz, con el espect\u00e1culo \u201cVersos de Navidad\u201d, protagonizado por la actriz Petra Mart\u00ednez junto al bar\u00edtono Luis Santana y el pianista V\u00edctor Carbajo. La propuesta combina poes\u00eda, m\u00fasica y villancicos tradicionales en un recital \u00edntimo y emotivo, pensado para el p\u00fablico adulto y familiar, dentro de la programaci\u00f3n navide\u00f1a de la Fundaci\u00f3n CajaCanarias.<\/p>\n<p>Ese mismo s\u00e1bado, a las 12:00 horas, el Espacio Cultural CajaCanarias proyecta la pel\u00edcula \u201cKung Fu Panda\u201d dentro de su ciclo de Cine de Navidad, una iniciativa dirigida especialmente al p\u00fablico infantil y familiar que acerca el cine de animaci\u00f3n a los m\u00e1s peque\u00f1os durante las vacaciones escolares.<\/p>\n<p>La agenda incluye tambi\u00e9n propuestas de ocio juvenil y musical, como la sesi\u00f3n \u201cManel El Especialista\u201d, que tendr\u00e1 lugar el s\u00e1bado 3 de enero, a las 19:00 horas, en el espacio Crudo, ubicado en la calle Clavel, 9. La actividad ofrece una selecci\u00f3n musical en formato vinilo centrada en funk, grooves y m\u00fasicas del mundo, ampliando la diversidad de la oferta cultural de la ciudad.<\/p>\n<p>La Asociaci\u00f3n Cultural Equipo Para programa el s\u00e1bado 3 de enero, a las 20:30 horas, la proyecci\u00f3n de los cortometrajes \u201cLarva\u201d y \u201cLas amigas de Dora\u201d, dos obras del joven director canario Juli\u00e1n Santaella que invitan a una mirada \u00edntima y sensorial sobre los procesos internos, la identidad y las relaciones humanas. La sesi\u00f3n propone un recorrido cinematogr\u00e1fico que combina danza contempor\u00e1nea, cuerpo y emoci\u00f3n en \u201cLarva\u201d, donde una bailarina afronta un conflicto f\u00edsico y emocional en el umbral de un momento decisivo de su carrera,<\/p>\n<p>Por su parte \u201cLas amigas de Dora\u201d es un relato sobre el regreso al lugar de origen y los v\u00ednculos que sostienen los procesos de transici\u00f3n vital.\u00a0 A trav\u00e9s de una puesta en escena austera y un cuidado uso de la m\u00fasica y la imagen, Santaella construye un cine de contrastes y atm\u00f3sferas, en el que lo sensorial y lo po\u00e9tico se convierten en herramientas narrativas. La proyecci\u00f3n se enmarca en la l\u00ednea de programaci\u00f3n de Equipo Para, orientada a acercar al p\u00fablico propuestas audiovisuales contempor\u00e1neas y a generar espacios de reflexi\u00f3n y di\u00e1logo en torno a la creaci\u00f3n emergente.<\/p>\n<p>Por \u00faltimo, el Parque de Navidad de Ofra\u2013Costa Sur ofrece, desde el domingo 4 hasta el martes 6 de enero, una programaci\u00f3n continuada en el aparcamiento junto al centro comercial Los Pr\u00edncipes. El espacio contar\u00e1 con pista de patinaje, actividades infantiles y dinamizaci\u00f3n musical, en horario de 17:00 a 20:00 horas los d\u00edas 4 y 5 de enero, y de 10:00 a 13:00 y de 17:00 a 20:00 horas el d\u00eda 6, consolid\u00e1ndose como un punto de encuentro familiar en los d\u00edas previos y posteriores a la llegada de los Reyes Magos.<\/p>\n","protected":false},"excerpt":{"rendered":"La capital combina propuestas familiares con cine, conciertos, danza contempor\u00e1nea y actividades juveniles en distintos espacios de los&hellip;\n","protected":false},"author":2,"featured_media":317386,"comment_status":"","ping_status":"","sticky":false,"template":"","format":"standard","meta":{"footnotes":""},"categories":[8],"tags":[17,18,25,24,13,14,11,19,20,9,10,15,16,23,12,21,22],"class_list":{"0":"post-317385","1":"post","2":"type-post","3":"status-publish","4":"format-standard","5":"has-post-thumbnail","7":"category-espana","8":"tag-breaking-news","9":"tag-breakingnews","10":"tag-es","11":"tag-espana","12":"tag-featured-news","13":"tag-featurednews","14":"tag-headlines","15":"tag-latest-news","16":"tag-latestnews","17":"tag-news","18":"tag-noticias","19":"tag-noticias-destacadas","20":"tag-noticiasdestacadas","21":"tag-spain","22":"tag-titulares","23":"tag-ultimas-noticias","24":"tag-ultimasnoticias"},"share_on_mastodon":{"url":"https:\/\/pubeurope.com\/@es\/115820157247886326","error":""},"_links":{"self":[{"href":"https:\/\/www.europesays.com\/es\/wp-json\/wp\/v2\/posts\/317385","targetHints":{"allow":["GET"]}}],"collection":[{"href":"https:\/\/www.europesays.com\/es\/wp-json\/wp\/v2\/posts"}],"about":[{"href":"https:\/\/www.europesays.com\/es\/wp-json\/wp\/v2\/types\/post"}],"author":[{"embeddable":true,"href":"https:\/\/www.europesays.com\/es\/wp-json\/wp\/v2\/users\/2"}],"replies":[{"embeddable":true,"href":"https:\/\/www.europesays.com\/es\/wp-json\/wp\/v2\/comments?post=317385"}],"version-history":[{"count":0,"href":"https:\/\/www.europesays.com\/es\/wp-json\/wp\/v2\/posts\/317385\/revisions"}],"wp:featuredmedia":[{"embeddable":true,"href":"https:\/\/www.europesays.com\/es\/wp-json\/wp\/v2\/media\/317386"}],"wp:attachment":[{"href":"https:\/\/www.europesays.com\/es\/wp-json\/wp\/v2\/media?parent=317385"}],"wp:term":[{"taxonomy":"category","embeddable":true,"href":"https:\/\/www.europesays.com\/es\/wp-json\/wp\/v2\/categories?post=317385"},{"taxonomy":"post_tag","embeddable":true,"href":"https:\/\/www.europesays.com\/es\/wp-json\/wp\/v2\/tags?post=317385"}],"curies":[{"name":"wp","href":"https:\/\/api.w.org\/{rel}","templated":true}]}}