{"id":317434,"date":"2026-01-01T14:28:07","date_gmt":"2026-01-01T14:28:07","guid":{"rendered":"https:\/\/www.europesays.com\/es\/317434\/"},"modified":"2026-01-01T14:28:07","modified_gmt":"2026-01-01T14:28:07","slug":"descubren-un-tipo-poco-frecuente-de-diabetes-que-aparece-en-los-primeros-meses-de-vida","status":"publish","type":"post","link":"https:\/\/www.europesays.com\/es\/317434\/","title":{"rendered":"Descubren un tipo poco frecuente de diabetes que aparece en los primeros meses de vida"},"content":{"rendered":"<p class=\"paragraph font__body-regular\">Un grupo internacional de cient\u00edficos identific\u00f3 un nuevo tipo poco frecuente de <a href=\"https:\/\/tn.com.ar\/salud\/noticias\/2024\/11\/14\/diabetes-en-la-argentina-un-problema-creciente-vinculado-al-estilo-de-vida\/\" target=\"_blank\" rel=\"nofollow noopener\" title=\"https:\/\/tn.com.ar\/salud\/noticias\/2024\/11\/14\/diabetes-en-la-argentina-un-problema-creciente-vinculado-al-estilo-de-vida\/\">diabetes<\/a> que afecta a beb\u00e9s durante los primeros meses de vida. El hallazgo permite comprender mejor por qu\u00e9 algunos reci\u00e9n nacidos desarrollan la enfermedad tan temprano y abre la puerta a diagn\u00f3sticos m\u00e1s precisos.<\/p>\n<p class=\"paragraph font__body-regular\">La investigaci\u00f3n fue liderada por especialistas de la Universidad de Exeter, junto a colegas de la Universidad Libre de Bruselas y otros centros internacionales. Los cient\u00edficos descubrieron que alteraciones en un gen espec\u00edfico, llamado <b>TMEM167A<\/b>, impiden que el p\u00e1ncreas produzca insulina de manera adecuada desde el nacimiento.<\/p>\n<p>Qu\u00e9 es la diabetes neonatal<\/p>\n<p class=\"paragraph font__body-regular\">La <b>diabetes neonatal<\/b> es una forma muy poco frecuente de la enfermedad que aparece antes de los seis meses de vida. A diferencia de la diabetes m\u00e1s com\u00fan, en estos casos la causa suele ser gen\u00e9tica. De hecho, m\u00e1s del 85 % de los beb\u00e9s diagnosticados en esta etapa presentan una alteraci\u00f3n heredada en alguno de sus genes.<\/p>\n<p class=\"paragraph font__body-regular\">En este estudio, los investigadores analizaron a seis ni\u00f1os que, adem\u00e1s de diabetes, presentaban otros problemas neurol\u00f3gicos como epilepsia o un desarrollo cerebral menor al esperado. Todos compart\u00edan cambios en el mismo gen, lo que permiti\u00f3 identificarlo como el origen del trastorno.<\/p>\n<p>Por qu\u00e9 este gen es tan importante<\/p>\n<p class=\"paragraph font__body-regular\">Para entender qu\u00e9 ocurre en el organismo, los cient\u00edficos trabajaron con c\u00e9lulas madre en laboratorio y lograron transformarlas en c\u00e9lulas del p\u00e1ncreas encargadas de producir insulina. Al modificar el gen TMEM167A, observaron que estas c\u00e9lulas no funcionaban correctamente, se estresaban y finalmente mor\u00edan.<\/p>\n<p><img decoding=\"async\" loading=\"lazy\" fetchpriority=\"low\" data-testid=\"loading-testid\" class=\"image content-image image_placeholder\" alt=\"Un gen poco conocido resulta vital para la producci\u00f3n de insulina . (Foto: Adobe Stock)\" width=\"767\" height=\"430\" src=\"https:\/\/www.europesays.com\/es\/wp-content\/uploads\/2026\/01\/un-gen-poco-conocido-resulta-vital-para-la-produccion-de-insulina-foto-adobe-stock-T4OVPGX3YVBBNLECW.jpeg\"\/><\/p>\n<p>Un gen poco conocido resulta vital para la producci\u00f3n de insulina . (Foto: Adobe Stock)<\/p>\n<p class=\"paragraph font__body-regular\">Esto explica por qu\u00e9 los beb\u00e9s con esta alteraci\u00f3n gen\u00e9tica no logran regular el az\u00facar en sangre desde el inicio de la vida.<\/p>\n<p class=\"paragraph font__body-regular\">\u201cEste tipo de hallazgos nos permite identificar genes clave para la producci\u00f3n de insulina y entender mejor por qu\u00e9 falla ese proceso en algunos beb\u00e9s\u201d, explicaron los investigadores.<\/p>\n<p>Un paso clave para el diagn\u00f3stico temprano<\/p>\n<p class=\"paragraph font__body-regular\">El descubrimiento no solo ayuda a comprender una forma rara de diabetes infantil, sino que tambi\u00e9n aporta informaci\u00f3n valiosa para estudiar <b>otras variantes de la enfermedad<\/b>. Hoy, la diabetes afecta a cientos de millones de personas en todo el mundo, y conocer mejor sus mecanismos es fundamental para avanzar en tratamientos y prevenci\u00f3n.<\/p>\n<p class=\"paragraph font__body-regular\"><b>Le\u00e9 tambi\u00e9n<\/b>: <a href=\"https:\/\/tn.com.ar\/tecno\/aplicaciones\/2023\/08\/20\/herramientas-enganosas-una-aplicacion-para-el-celular-puede-medir-la-presion-arterial-o-la-fiebre\/\" rel=\"nofollow noopener\" target=\"_blank\"><b>Herramientas enga\u00f1osas: \u00bfuna aplicaci\u00f3n para el celular puede medir la presi\u00f3n arterial o la fiebre?<\/b><\/a><\/p>\n<p class=\"paragraph font__body-regular\">Los especialistas destacan que este tipo de estudios permite mejorar el diagn\u00f3stico temprano en reci\u00e9n nacidos, algo clave para iniciar el tratamiento adecuado lo antes posible y evitar complicaciones.<\/p>\n<p>Qu\u00e9 hay que tener en cuenta<\/p>\n<p class=\"paragraph font__body-regular\">Los expertos aclaran que se trata de una condici\u00f3n poco frecuente y que este hallazgo no cambia las recomendaciones habituales para la poblaci\u00f3n general. Sin embargo, remarcan la importancia de consultar de inmediato ante s\u00edntomas de diabetes en beb\u00e9s, como dificultad para aumentar de peso, deshidrataci\u00f3n o niveles elevados de glucosa en sangre.<\/p>\n<p class=\"paragraph font__body-regular\">Este avance cient\u00edfico refuerza una idea central: <b>no todas las diabetes son iguales<\/b>, y comprender sus distintas causas es clave para cuidar mejor la salud desde el comienzo de la vida.<\/p>\n","protected":false},"excerpt":{"rendered":"Un grupo internacional de cient\u00edficos identific\u00f3 un nuevo tipo poco frecuente de diabetes que afecta a beb\u00e9s durante&hellip;\n","protected":false},"author":2,"featured_media":317435,"comment_status":"","ping_status":"","sticky":false,"template":"","format":"standard","meta":{"footnotes":""},"categories":[92],"tags":[3473,4807,25,24,165,9948,166,23],"class_list":{"0":"post-317434","1":"post","2":"type-post","3":"status-publish","4":"format-standard","5":"has-post-thumbnail","7":"category-salud","8":"tag-bebes","9":"tag-diabetes","10":"tag-es","11":"tag-espana","12":"tag-health","13":"tag-insulina","14":"tag-salud","15":"tag-spain"},"share_on_mastodon":{"url":"https:\/\/pubeurope.com\/@es\/115820318345987146","error":""},"_links":{"self":[{"href":"https:\/\/www.europesays.com\/es\/wp-json\/wp\/v2\/posts\/317434","targetHints":{"allow":["GET"]}}],"collection":[{"href":"https:\/\/www.europesays.com\/es\/wp-json\/wp\/v2\/posts"}],"about":[{"href":"https:\/\/www.europesays.com\/es\/wp-json\/wp\/v2\/types\/post"}],"author":[{"embeddable":true,"href":"https:\/\/www.europesays.com\/es\/wp-json\/wp\/v2\/users\/2"}],"replies":[{"embeddable":true,"href":"https:\/\/www.europesays.com\/es\/wp-json\/wp\/v2\/comments?post=317434"}],"version-history":[{"count":0,"href":"https:\/\/www.europesays.com\/es\/wp-json\/wp\/v2\/posts\/317434\/revisions"}],"wp:featuredmedia":[{"embeddable":true,"href":"https:\/\/www.europesays.com\/es\/wp-json\/wp\/v2\/media\/317435"}],"wp:attachment":[{"href":"https:\/\/www.europesays.com\/es\/wp-json\/wp\/v2\/media?parent=317434"}],"wp:term":[{"taxonomy":"category","embeddable":true,"href":"https:\/\/www.europesays.com\/es\/wp-json\/wp\/v2\/categories?post=317434"},{"taxonomy":"post_tag","embeddable":true,"href":"https:\/\/www.europesays.com\/es\/wp-json\/wp\/v2\/tags?post=317434"}],"curies":[{"name":"wp","href":"https:\/\/api.w.org\/{rel}","templated":true}]}}