{"id":317454,"date":"2026-01-01T14:47:07","date_gmt":"2026-01-01T14:47:07","guid":{"rendered":"https:\/\/www.europesays.com\/es\/317454\/"},"modified":"2026-01-01T14:47:07","modified_gmt":"2026-01-01T14:47:07","slug":"rtve-abrio-la-casa-de-la-musica-con-7-actuaciones-de-altura-y-estreno-su-himno-cantado-por-sus-presentadores","status":"publish","type":"post","link":"https:\/\/www.europesays.com\/es\/317454\/","title":{"rendered":"RTVE abri\u00f3 La casa de la m\u00fasica con 7 actuaciones de altura y estren\u00f3 su himno cantado por sus presentadores"},"content":{"rendered":"<p class=\"article-text\">\n        <strong>RTVE<\/strong> abri\u00f3 en plena Nochevieja <strong>La casa de la m\u00fasica<\/strong>, que as\u00ed es como se quiere eregir la radiotelevisi\u00f3n p\u00fablica en 2026. Es decir, en un espacio que recupere la m\u00fasica en directo en televisi\u00f3n. Una ventana muy solicitada por artistas y p\u00fablico y que, a priori, la Corporaci\u00f3n quiere poner a disposici\u00f3n de ambas partes a lo largo del presente a\u00f1o. De momento, este mi\u00e9rcoles dio buena cuenta de ello al emitir, justo antes de las Campanadas, siete actuaciones musicales bajo un ambicioso despliegue t\u00e9cnico y humano dirigido desde RTVE por <strong>Mar\u00eda Eizaguirre<\/strong> y <strong>Ana Mar\u00eda Bordas<\/strong>, con producci\u00f3n ejecutiva de <strong>Carmen Mar\u00edn<\/strong> y con <strong>Miriam Garc\u00eda Corrales<\/strong>, directora de Entretenimiento de RTVE, que adem\u00e1s cont\u00f3 con la colaboraci\u00f3n de Cellnex.\n    <\/p>\n<p>    <a href=\"https:\/\/www.eldiario.es\/vertele\/noticias\/video-actuacion-la-oreja-de-van-gogh-amaia-montero-rtve-nuevo-single_1_12879044.html\" data-mrf-recirculation=\"saber-mas\" data-dl-event=\"saber-mas\" rel=\"nofollow noopener\" target=\"_blank\"><\/p>\n<p class=\"know-more__title\">As\u00ed ha sido la actuaci\u00f3n de La Oreja de Van Gogh con Amaia Montero en RTVE para presentar su nueva canci\u00f3n<\/p>\n<p>            <img decoding=\"async\" class=\"lazy\" loading=\"lazy\" data-src=\"https:\/\/static.eldiario.es\/clip\/98db0afb-c167-4e1e-a9f5-adbddadf6055_16-9-aspect-ratio_default_0.jpg\" src=\"data:image\/svg+xml,%3Csvg xmlns=\" http:=\"\" viewbox=\"0 0 880 495\" alt=\"As\u00ed ha sido la actuaci\u00f3n de La Oreja de Van Gogh con Amaia Montero en RTVE para presentar su nueva canci\u00f3n\"\/><\/p>\n<p>                        <\/a><\/p>\n<p class=\"article-text\">\n        La ambici\u00f3n tambi\u00e9n se pudo ver entre la selecci\u00f3n de artistas invitados, pues entre el conjunto de actuaciones estuvo una de las m\u00e1s esperadas que pod\u00eda producirse en nuestro pa\u00eds: la <a href=\"https:\/\/www.eldiario.es\/vertele\/noticias\/video-actuacion-la-oreja-de-van-gogh-amaia-montero-rtve-nuevo-single_1_12879044.html\" target=\"_blank\" data-mrf-recirculation=\"links-noticia\" class=\"link\" rel=\"nofollow noopener\">primera de Amaia Montero con La Oreja de Van Gogh<\/a> desde que ambas partes decidieran  unir de nuevos sus caminos tras llevar 18 a\u00f1os separados. La banda donostiarra aprovech\u00f3 esta cita especial para presentar <strong>Todos estamos bailando la misma canci\u00f3n<\/strong>, su nuevo single, desde el\u00a0<strong>Palacio Miramar<\/strong>\u00a0de San Sebasti\u00e1n, frente a la espectacular bah\u00eda de La Concha. La actuaci\u00f3n culmin\u00f3 con un\u00a0espect\u00e1culo pirot\u00e9cnico impactante. El rodaje nocturno con dron permiti\u00f3 capturar la belleza del entorno de San Sebasti\u00e1n, integrando paisaje, arquitectura y m\u00fasica en una experiencia audiovisual de gran impacto en cuya grabaci\u00f3n participaron 71 personas.\n    <\/p>\n<p class=\"article-text\">\n        La dise\u00f1adora donostiarra\u00a0<strong>Isabel Zapardiez<\/strong>\u00a0se encarg\u00f3 del vestuario de Amaia Montero para su reaparici\u00f3n. Una estructura envolvente, construida a partir de\u00a0<strong>56 metros de tejido<\/strong>, donde el neopreno blanco permiti\u00f3 controlar el volumen y definir una silueta s\u00f3lida y protectora. El chaleco con capucha y cola introdujeron una dimensi\u00f3n casi ritual, vinculada a la idea de recogimiento y presencia. El interior amarillo fluorescente, visible \u00fanicamente en el movimiento, representaba una energ\u00eda \u00edntima y personal. Un vestuario dise\u00f1ado para hablar de la de convicci\u00f3n interior, la protecci\u00f3n y la fuerza silenciosa, expresadas a trav\u00e9s de la forma y la materia, explican desde RTVE.\n    <\/p>\n<p>    Nicki Nicole, en el Castillo de Pedraza<\/p>\n<p class=\"article-text\">\n        El Castillo de Pedraza se transform\u00f3 en un escenario de gran impacto visual y emocional para la actuaci\u00f3n \u00edntima y m\u00e1gica de <strong>Nicki Nicole<\/strong>. La argentina interpret\u00f3 \u2018<strong>Plegarias\u2019\u00a0<\/strong>acompa\u00f1ada por una\u00a0<strong>orquesta de 47 m\u00fasicos<\/strong>, en una propuesta que fusion\u00f3 su universo musical con una dimensi\u00f3n sinf\u00f3nica y cinematogr\u00e1fica. La iluminaci\u00f3n del espacio se construy\u00f3 a partir de\u00a0<strong>4.500 velas<\/strong>\u00a0que envolvieron el palacio en una atm\u00f3sfera \u00edntima y ceremonial, reforzada por un globo de helio iluminado que aportaba una luz envolvente y homog\u00e9nea. El rodaje nocturno con dron complet\u00f3 una puesta en escena de gran belleza y escala visual en la que participaron 87 profesionales.\n    <\/p>\n<p>    Lola \u00cdndigo, en la Alhambra<\/p>\n<p class=\"article-text\">\n        En otro enclave espectacular, el\u00a0<strong>Palacio de Carlos V,\u00a0<\/strong>en el coraz\u00f3n del conjunto monumental de la <strong>Alhambra<\/strong>, se pudo ver a la granadina<strong>\u00a0Lola \u00cdndigo<\/strong>\u00a0interpretando \u2018<strong>VERDE\u2019.<\/strong>\u00a0La artista homenajea y transforma el poema de <strong>Federico Garc\u00eda Lorca <\/strong>en una versi\u00f3n moderna y coreogr\u00e1fica inspirada en su propia energ\u00eda. Una actuaci\u00f3n nocturna concebida como un di\u00e1logo entre tradici\u00f3n y contemporaneidad.\n    <\/p>\n<p class=\"article-text\">\n        La artista present\u00f3 una propuesta apoyada en la ra\u00edz flamenca, acompa\u00f1ada por un grupo de flamenco compuesto por\u00a0<strong>14 m\u00fasicos<\/strong>, incluidos coros, que aportaron fuerza, profundidad y emoci\u00f3n a la puesta en escena. La actuaci\u00f3n se complet\u00f3 con un rodaje nocturno con dron que permiti\u00f3 capturar la monumentalidad del espacio desde una perspectiva in\u00e9dita, reforzando el v\u00ednculo entre m\u00fasica, arquitectura e historia. El dispositivo t\u00e9cnico y art\u00edstico cont\u00f3 con 73 personas, reflejo de la magnitud y complejidad de la producci\u00f3n.\n    <\/p>\n<p>    Amaia, en el Monasterio de Iratxe<\/p>\n<p class=\"article-text\">\n        El Monasterio de Iratxe, en Navarra, fue el escenario de una de las producciones m\u00e1s ambiciosas del especial, con la actuaci\u00f3n de\u00a0<strong>Amaia<\/strong>\u00a0y su canci\u00f3n \u2018<strong>Aralar\u2019<\/strong>. Simulando el vuelo de un p\u00e1jaro, la actuaci\u00f3n se adentr\u00f3 en los bosques encantados de Navarra y los alrededores de Monasterio junto a Amaia, alquimista que nos traslad\u00f3 a su universo imaginario del folk con una performance visual que combin\u00f3 lo ritual con lo contempor\u00e1neo. La artista se present\u00f3 acompa\u00f1ada por una\u00a0<strong>orquesta de 40 m\u00fasicos<\/strong>, en una propuesta de gran formato que combin\u00f3 solemnidad, emoci\u00f3n y potencia musical.\n    <\/p>\n<p class=\"article-text\">\n        La iluminaci\u00f3n se apoy\u00f3 en cuatro SkyPanel dise\u00f1ados para realzar la arquitectura del Monasterio y crear una atm\u00f3sfera contempor\u00e1nea respetuosa con el espacio hist\u00f3rico. El rodaje nocturno con dron amplific\u00f3 la dimensi\u00f3n \u00e9pica de la actuaci\u00f3n y del enclave. El despliegue t\u00e9cnico y humano para esta grabaci\u00f3n alcanz\u00f3 las 98 personas, convirti\u00e9ndola en una de las producciones audiovisuales m\u00e1s complejas realizadas en este espacio.\n    <\/p>\n<blockquote class=\"twitter-tweet\" data-lang=\"es\"><p><a href=\"https:\/\/twitter.com\/X\/status\/2006488154816299148?ref_src=twsrc%5Etfw\" rel=\"nofollow noopener\" target=\"_blank\"><\/p><\/blockquote>\n<p>    Ana Torroja, en el Museo Reina Sof\u00eda<\/p>\n<p class=\"article-text\">\n        <strong>Ana Torroja<\/strong>\u00a0brind\u00f3 una actuaci\u00f3n muy especial desde el\u00a0<strong>Museo Reina Sof\u00eda<\/strong>\u00a0de Madrid con el inolvidable \u2018<strong>Un a\u00f1o m\u00e1s\u2019<\/strong>\u00a0de Mecano. La artista ofreci\u00f3 una versi\u00f3n c\u00e1lida, \u00edntima y exclusiva de lo que ya es un himno generacional con el que todos despedimos el a\u00f1o. Una actuaci\u00f3n sobria, llena de belleza y profundamente emotiva. La artista interpret\u00f3 su repertorio en un formato \u00edntimo, acompa\u00f1ada \u00fanicamente por un piano de cola y un violinista, poniendo el foco en la voz, la emoci\u00f3n y la interpretaci\u00f3n.\n    <\/p>\n<p class=\"article-text\">\n        La propuesta visual se ampli\u00f3 tambi\u00e9n con un rodaje nocturno con dron sobre el museo y su entorno urbano, integrando m\u00fasica, arquitectura contempor\u00e1nea y ciudad en una misma narrativa. Para esta grabaci\u00f3n se cont\u00f3 con un equipo de 56 personas entre profesionales t\u00e9cnicos, art\u00edsticos y de producci\u00f3n.\n    <\/p>\n<p>    Shakira salud\u00f3 a Espa\u00f1a desde un concierto en Florida<\/p>\n<p class=\"article-text\">\n        <strong>Shakira<\/strong>\u00a0cant\u00f3 \u2018<strong>Soltera\u2019 en el teatro Hard Rock Live de Miami<\/strong>, en una actuaci\u00f3n exclusiva para RTVE que dedic\u00f3 a todos sus fans espa\u00f1oles. \u201cHola mi gente de Espa\u00f1a, estoy superfeliz de estar con ustedes\u201d, dijo sobre el escenario, justo antes de pasar a interpretar su canci\u00f3n.\n    <\/p>\n<p class=\"article-text\">\n        La artista colombiana posee un palmar\u00e9s de cientos de galardones internacionales, que incluyen 15 Premios Grammy Latinos y cuatro Premios Grammy. En 2025 ha pulverizado todos los r\u00e9cords con su gira \u2018Las mujeres ya no lloran World Tour\u2019 y se ha consagrado como la artista latina con la gira m\u00e1s exitosa de la historia. El impacto digital de su m\u00fasica es tambi\u00e9n de r\u00e9cord. Ejemplo de ello es su colaboraci\u00f3n con Bizarrap, que alcanz\u00f3 m\u00e1ximo de visualizaciones en YouTube y obtuvo 14 r\u00e9cords mundiales Guinness.\n    <\/p>\n<p>    Rosario Flores, su hijo y los Carmona, en lo alto del Pirul\u00ed<\/p>\n<p class=\"article-text\">\n        Shakira puso el cierre a siete actuaciones de altura. Y no, no es un decir, pues lo de \u201cde altura\u201d fue, por momentos, literal. Lo decimos por la actuaci\u00f3n que abri\u00f3 la noche, protagonizada por <strong>Rosario Flores<\/strong>\u00a0y su hijo\u00a0<strong>Pedro Antonio Lazaga<\/strong>, acompa\u00f1ados de\u00a0<strong>Antonio y Josemi Carmona<\/strong>\u00a0de Ketama, que se subieron a lo alto del m\u00edtico Pirul\u00ed, emblema de Televisi\u00f3n Espa\u00f1ola, para interpretar <strong>&#8216;De ley&#8217;<\/strong>. Fue su manera de homenajear a La 1 de RTVE por su 70 aniversario, que cumplir\u00e1 en 2026.\n    <\/p>\n<p>    &#8216;Imparables&#8217;, el himno de RTVE cantado por sus presentadores<\/p>\n<p class=\"article-text\">\n        De hecho, con motivo de sus 70 a\u00f1os de emisiones, la cadena p\u00fablica tambi\u00e9n lanz\u00f3 en Nochevieja<strong>\u00a0<\/strong><strong>Imparables<\/strong>, himno conmemorativo interpretado por m\u00e1s m\u00e1s de medio centenar de profesionales vinculados a la televisi\u00f3n y radio p\u00fablicas.\n    <\/p>\n<p>    <a href=\"https:\/\/www.eldiario.es\/vertele\/noticias\/cachitos-nochevieja-dio-rotulos-rtve-feijoo-sanchez-bertin-luto-ana-rosa-auge-intxaurrondo_1_12879837.html\" data-mrf-recirculation=\"saber-mas-abajo\" data-dl-event=\"saber-mas-abajo\" rel=\"nofollow noopener\" target=\"_blank\"><\/p>\n<p class=\"know-more__title\">El &#8216;Cachitos&#8217; de Nochevieja dio r\u00f3tulos en RTVE a Feij\u00f3o, S\u00e1nchez, Bert\u00edn y el \u201cluto\u201d de Ana Rosa por el auge de Intxaurrondo\n<\/p>\n<p>            <img decoding=\"async\" class=\"lazy\" loading=\"lazy\" data-src=\"https:\/\/static.eldiario.es\/clip\/ac0fe067-b30f-4672-b4b8-1028f67e71c2_16-9-aspect-ratio_default_0.jpg\" src=\"data:image\/svg+xml,%3Csvg xmlns=\" http:=\"\" viewbox=\"0 0 880 495\" alt=\"El 'Cachitos' de Nochevieja dio r\u00f3tulos en RTVE a Feij\u00f3o, S\u00e1nchez, Bert\u00edn y el &quot;luto&quot; de Ana Rosa por el auge de Intxaurrondo\"\/><\/p>\n<p>                        <\/a><\/p>\n<p class=\"article-text\">\n        Entre los rostros que cantan el himno est\u00e1n los protagonistas de\u00a0La Revuelta\u00a0con\u00a0<strong>David Broncano<\/strong>\u00a0al frente,\u00a0<strong>Jordi Hurtado, Marc Gir\u00f3, Paula V\u00e1zquez, Jacob Petrus, Adela Gonz\u00e1lez, Javier Ruiz, Marta Flich, Gonzalo Mir\u00f3, Jes\u00fas Cintora<\/strong>, el jurado de\u00a0MasterChef\u00a0y de\u00a0Maestros de la Costura,\u00a0<strong>Anne Igartiburu, In\u00e9s Hernand, Marc Sala, Carlos del Amor, Lluis Guilera, Ana Ib\u00e1\u00f1ez, Juan Carlos Rivero, Felipe del Campo<\/strong>, protagonistas de\u00a0Valle Salvaje\u00a0y\u00a0La Promesa, las eurovisivas\u00a0<strong>Nebulossa\u00a0<\/strong>y<strong>\u00a0Blanca Paloma<\/strong>, y voces de la radio como\u00a0<strong>Juan Ram\u00f3n Lucas y David Cantero<\/strong>, entre muchos otros.\n    <\/p>\n<p>                                    <script async src=\"https:\/\/platform.twitter.com\/widgets.js\" charset=\"utf-8\"><\/script><\/p>\n","protected":false},"excerpt":{"rendered":"RTVE abri\u00f3 en plena Nochevieja La casa de la m\u00fasica, que as\u00ed es como se quiere eregir la&hellip;\n","protected":false},"author":2,"featured_media":317455,"comment_status":"","ping_status":"","sticky":false,"template":"","format":"standard","meta":{"footnotes":""},"categories":[171],"tags":[6834,20396,13384,2513,51036,146,147,25,24,1055,5682,74141,10852,518,23,214],"class_list":{"0":"post-317454","1":"post","2":"type-post","3":"status-publish","4":"format-standard","5":"has-post-thumbnail","7":"category-tv","8":"tag-6834","9":"tag-abrio","10":"tag-actuaciones","11":"tag-altura","12":"tag-cantado","13":"tag-entertainment","14":"tag-entretenimiento","15":"tag-es","16":"tag-espana","17":"tag-estreno","18":"tag-himno","19":"tag-la-casa-de-la-musica","20":"tag-presentadores","21":"tag-rtve","22":"tag-spain","23":"tag-tv"},"share_on_mastodon":{"url":"https:\/\/pubeurope.com\/@es\/115820392905985641","error":""},"_links":{"self":[{"href":"https:\/\/www.europesays.com\/es\/wp-json\/wp\/v2\/posts\/317454","targetHints":{"allow":["GET"]}}],"collection":[{"href":"https:\/\/www.europesays.com\/es\/wp-json\/wp\/v2\/posts"}],"about":[{"href":"https:\/\/www.europesays.com\/es\/wp-json\/wp\/v2\/types\/post"}],"author":[{"embeddable":true,"href":"https:\/\/www.europesays.com\/es\/wp-json\/wp\/v2\/users\/2"}],"replies":[{"embeddable":true,"href":"https:\/\/www.europesays.com\/es\/wp-json\/wp\/v2\/comments?post=317454"}],"version-history":[{"count":0,"href":"https:\/\/www.europesays.com\/es\/wp-json\/wp\/v2\/posts\/317454\/revisions"}],"wp:featuredmedia":[{"embeddable":true,"href":"https:\/\/www.europesays.com\/es\/wp-json\/wp\/v2\/media\/317455"}],"wp:attachment":[{"href":"https:\/\/www.europesays.com\/es\/wp-json\/wp\/v2\/media?parent=317454"}],"wp:term":[{"taxonomy":"category","embeddable":true,"href":"https:\/\/www.europesays.com\/es\/wp-json\/wp\/v2\/categories?post=317454"},{"taxonomy":"post_tag","embeddable":true,"href":"https:\/\/www.europesays.com\/es\/wp-json\/wp\/v2\/tags?post=317454"}],"curies":[{"name":"wp","href":"https:\/\/api.w.org\/{rel}","templated":true}]}}