{"id":317468,"date":"2026-01-01T14:55:10","date_gmt":"2026-01-01T14:55:10","guid":{"rendered":"https:\/\/www.europesays.com\/es\/317468\/"},"modified":"2026-01-01T14:55:10","modified_gmt":"2026-01-01T14:55:10","slug":"decenas-de-muertos-y-al-menos-100-heridos-tras-un-incendio-en-un-centro-turistico-de-esqui-en-suiza","status":"publish","type":"post","link":"https:\/\/www.europesays.com\/es\/317468\/","title":{"rendered":"Decenas de muertos y al menos 100 heridos tras un incendio en un centro tur\u00edstico de esqu\u00ed en Suiza"},"content":{"rendered":"<p><img fetchpriority=\"high\" decoding=\"async\" src=\"https:\/\/www.europesays.com\/es\/wp-content\/uploads\/2026\/01\/977c8580-e6fd-11f0-837e-09a2247f0a0a.jpg.webp.webp\"   alt=\"Unos socorristas en trajes luminosos cubren con un manto blanco la fachada del bar Le Constellation en Suiza\" loading=\"eager\" width=\"1014\" height=\"570\" style=\"aspect-ratio:1014 \/ 570\" class=\"css-1seqhu9\"\/><\/p>\n<p class=\"css-by8ykd\" role=\"text\">Fuente de la imagen, Getty Images<\/p>\n<p>Pie de foto, El incendio ocurri\u00f3 en el bar Le Constellation, en Crans-Montana.<strong id=\"article-byline\" aria-hidden=\"true\" class=\"css-2ozlq5\">Informaci\u00f3n del art\u00edculo<\/strong><\/p>\n<ul class=\"css-1dlgp3z\">\n<li class=\"css-1s1df59\">\n<ul role=\"list\" class=\"css-z50d25\">\n<li class=\"css-0\">Autor, Redacci\u00f3n<\/li>\n<li class=\"css-k1irjw\">T\u00edtulo del autor,  BBC News Mundo<\/li>\n<\/ul>\n<\/li>\n<li>1 enero 2026, 10:43 GMT\n<p>Actualizado 2 horas<\/p>\n<\/li>\n<li>\n<p>Tiempo de lectura: 4 min<\/p>\n<\/li>\n<\/ul>\n<p dir=\"ltr\" class=\"css-s4cjt0 e1yuyadm0\"><b>Las autoridades en Suiza informaron que \u00abvarias decenas\u00bb de personas se presumen muertas y por lo menos 100 resultaron heridas tras un incendio en el bar de un centro de esqu\u00ed en Suiza.<\/b><\/p>\n<p dir=\"ltr\" class=\"css-s4cjt0 e1yuyadm0\">En una rueda de prensa, expresaron que las v\u00edctimas de la tragedia son de diferentes nacionalidades y se est\u00e1 trabajando para identificarlas.<\/p>\n<p dir=\"ltr\" class=\"css-s4cjt0 e1yuyadm0\">El Ministerio de Relaciones Exteriores de Italia cit\u00f3 a la polic\u00eda suiza diciendo que hay unos 40 muertos que no han podido ser identificados por las quemaduras.<\/p>\n<p dir=\"ltr\" class=\"css-s4cjt0 e1yuyadm0\">Muchos de los heridos tambi\u00e9n tienen lesiones \u00absignificativas\u00bb y quemaduras.<\/p>\n<p dir=\"ltr\" class=\"css-s4cjt0 e1yuyadm0\">Se enviaron unos 10 helic\u00f3pteros, 40 ambulancias y 150 socorristas al lugar de los hechos en Crans-Montana, cant\u00f3n de Valais.<\/p>\n<p dir=\"ltr\" class=\"css-s4cjt0 e1yuyadm0\">La unidad de cuidados intensivos del hospital en Valais est\u00e1 completamente llena, por lo que pacientes fueron trasladados a otros centros de cuidados para quemaduras.<\/p>\n<p dir=\"ltr\" class=\"css-s4cjt0 e1yuyadm0\">Los funcionarios alertaron a la ciudadan\u00eda de tomar precauciones para no a\u00f1adir presi\u00f3n adicional a los hospitales.<\/p>\n<p dir=\"ltr\" class=\"css-s4cjt0 e1yuyadm0\">No se mencion\u00f3 la causa del incendio, pero un fiscal local descart\u00f3 que se tratara de un ataque.<\/p>\n<p dir=\"ltr\" class=\"css-s4cjt0 e1yuyadm0\">Un testigo que habl\u00f3 con el canal BFMTV de Francia describi\u00f3 c\u00f3mo las personas romp\u00edan las ventanas para huir de la conflagraci\u00f3n, algunas gravemente quemadas. <\/p>\n<p dir=\"ltr\" class=\"css-s4cjt0 e1yuyadm0\">Tambi\u00e9n habl\u00f3 de padres que corr\u00edan en p\u00e1nico hacia el lugar para ver si sus hijos estaban atrapados adentro.<\/p>\n<p dir=\"ltr\" class=\"css-s4cjt0 e1yuyadm0\">Otros testigos que vieron los hechos desde afuera en la calle los describieron como una pel\u00edcula de horror y relataron c\u00f3mo hab\u00edan visto unas 20 personas tratando apresuradamente de escapar del humo y las llamas.<\/p>\n<p dir=\"ltr\" class=\"css-s4cjt0 e1yuyadm0\">La polic\u00eda divulg\u00f3 un video tomado despu\u00e9s del incendio que muestra la terraza del bar Le Constellation.<\/p>\n<p dir=\"ltr\" class=\"css-s4cjt0 e1yuyadm0\">Hay mesas, asientos y cojines tirados por el recinto. Se cree que el incendio empez\u00f3 en el piso inferior.<\/p>\n<p><img decoding=\"async\" src=\"https:\/\/www.europesays.com\/es\/wp-content\/uploads\/2026\/01\/63a51da0-e70a-11f0-aae2-2191c0e48a3b.jpg.webp.webp\"   alt=\"Las autoridades del cant\u00f3n de Valais sentados a una mesa durante una rueda de prensa\" loading=\"lazy\" width=\"1024\" height=\"683\" style=\"aspect-ratio:1024 \/ 683\" class=\"css-1seqhu9\"\/><\/p>\n<p class=\"css-by8ykd\" role=\"text\">Fuente de la imagen, Getty Images<\/p>\n<p>Pie de foto, Las autoridades del cant\u00f3n de Valais informaron que hay personas de varias nacionalidades afectadas por la tragedia.<\/p>\n<p>Lo que se sabe hasta ahora<\/p>\n<p dir=\"ltr\" class=\"css-s4cjt0 e1yuyadm0\">A eso de la 01:30 hora local (00:30 GMT) se registr\u00f3 un incendio \u00abde origen indeterminado\u00bb en el bar Le Constellation en Crans-Montana.<\/p>\n<p dir=\"ltr\" class=\"css-s4cjt0 e1yuyadm0\">Un joven que estaba dentro del bar expres\u00f3 al noticiero 24 Heures que \u00abdispositivos pirot\u00e9cnicos instalados en botellas ordenadas (por clientes) en la discoteca habr\u00edan provocado un incendio en el techo\u00bb, que \u00abhabr\u00eda estallado muy r\u00e1pido\u00bb, desencadenando escenas de p\u00e1nico.<\/p>\n<p dir=\"ltr\" class=\"css-s4cjt0 e1yuyadm0\">Igualmente, un residente de Crans-Montana le dijo al mismo noticiero que oy\u00f3 \u00abhelic\u00f3pteros toda la noche\u00bb.<\/p>\n<p dir=\"ltr\" class=\"css-s4cjt0 e1yuyadm0\">\u00abCon los fuegos artificiales, al principio no entend\u00edamos de qu\u00e9 iba todo. Y entonces vimos el humo\u00bb.<\/p>\n<p><img decoding=\"async\" src=\"https:\/\/www.europesays.com\/es\/wp-content\/uploads\/2026\/01\/50aaa5b0-e70c-11f0-b67b-690eb873de1b.jpg.webp.webp\"   alt=\"Un grupo de polic\u00edas conversan frente a una ambulancia roja y un autom\u00f3vil de la polic\u00eda en una calle que ha sido acordonada. Se ven unos pinos y adornos navide\u00f1os\" loading=\"lazy\" width=\"800\" height=\"533\" style=\"aspect-ratio:800 \/ 533\" class=\"css-1seqhu9\"\/><\/p>\n<p class=\"css-by8ykd\" role=\"text\">Fuente de la imagen, Getty Images<\/p>\n<p>Pie de foto, El \u00e1rea ha sido completamente acordonada mientras se realizan los operativos de socorro e investigaci\u00f3n.<\/p>\n<p dir=\"ltr\" class=\"css-s4cjt0 e1yuyadm0\">En la rueda de prensa que posteriormente ofrecieron las autoridades de Valais no se comentanaron las causas del incendio, pero testigos citados por los medios suizos culpan a los artefactos pirot\u00e9cnicos.<\/p>\n<p dir=\"ltr\" class=\"css-s4cjt0 e1yuyadm0\">El portavoz de la polic\u00eda del cant\u00f3n de Valais, Ga\u00ebtan Lathion, mencion\u00f3 con anterioridad a la agencia AFP \u00abuna explosi\u00f3n de origen desconocido\u00bb, pero no dio m\u00e1s detalles.<\/p>\n<p dir=\"ltr\" class=\"css-s4cjt0 e1yuyadm0\">Algunas versiones sugieren que hay al menos 40 muertos, pero la polic\u00eda ha limitado su informaci\u00f3n a \u00abdecenas\u00bb. Lo que destacaron es que hay muchas personas afectadas por la tragedia, de diferentes nacionalidades.<\/p>\n<p dir=\"ltr\" class=\"css-s4cjt0 e1yuyadm0\">Expresaron que tomar\u00e1 alg\u00fan tiempo para descubrir qui\u00e9nes murieron y qui\u00e9nes resultaron heridos y de d\u00f3nde son.<\/p>\n<p dir=\"ltr\" class=\"css-s4cjt0 e1yuyadm0\">El \u00e1rea ha sido completamente acordonada y se impuso un veto al tr\u00e1fico a\u00e9reo sobre Crans-Montana para permitir el acceso exclusivo de los veh\u00edculos de socorro.<\/p>\n<p dir=\"ltr\" class=\"css-s4cjt0 e1yuyadm0\">La polic\u00eda manifest\u00f3 en la rueda de prensa que todos los que est\u00e1n involucrados en la operaci\u00f3n est\u00e1n \u00abimpactados\u00bb por este \u00abmomento doloroso\u00bb.<\/p>\n<p><img decoding=\"async\" src=\"https:\/\/www.europesays.com\/es\/wp-content\/uploads\/2026\/01\/d6063540-e701-11f0-aae2-2191c0e48a3b.jpg.webp.webp\"   alt=\"El interior oscuro de un bar muestra mesas y asientos tirados\" loading=\"lazy\" width=\"800\" height=\"450\" style=\"aspect-ratio:800 \/ 450\" class=\"css-1seqhu9\"\/><\/p>\n<p class=\"css-by8ykd\" role=\"text\">Fuente de la imagen, Police Cantonale Valaisanne<\/p>\n<p>Pie de foto, La polic\u00eda divulg\u00f3 las im\u00e1genes del interior del bar, con mesas y asientos tirados desordenadamente.<img decoding=\"async\" src=\"https:\/\/www.europesays.com\/es\/wp-content\/uploads\/2026\/01\/ecc3b230-e70b-11f0-a8dc-93c15fe68710.jpg.webp.webp\"   alt=\"El interior oscuro de un bar muestra mesas y asientos tirados\" loading=\"lazy\" width=\"1920\" height=\"1080\" style=\"aspect-ratio:1920 \/ 1080\" class=\"css-1seqhu9\"\/><\/p>\n<p class=\"css-by8ykd\" role=\"text\">Fuente de la imagen, Police Cantonale Valaisanne<\/p>\n<p><img decoding=\"async\" src=\"https:\/\/www.europesays.com\/es\/wp-content\/uploads\/2026\/01\/f546af10-e6fd-11f0-aae2-2191c0e48a3b.png.webp.webp\"   alt=\"&quot;&quot;\" loading=\"lazy\" width=\"800\" height=\"100\" style=\"aspect-ratio:800 \/ 100\" class=\"css-1seqhu9\"\/><\/p>\n<p dir=\"ltr\" class=\"css-s4cjt0 e1yuyadm0\"><a href=\"https:\/\/www.bbc.com\/mundo\/send\/u184973209\" class=\"focusIndicatorReducedWidth css-n8oauk e1h2ur550\" rel=\"nofollow noopener\" target=\"_blank\">Suscr\u00edbete aqu\u00ed<\/a> a nuestro nuevo newsletter para recibir cada viernes una selecci\u00f3n de nuestro mejor contenido de la semana.<\/p>\n<p dir=\"ltr\" class=\"css-s4cjt0 e1yuyadm0\">Y recuerda que puedes recibir notificaciones en nuestra app. Descarga la \u00faltima versi\u00f3n y act\u00edvalas.<\/p>\n","protected":false},"excerpt":{"rendered":"Fuente de la imagen, Getty Images Pie de foto, El incendio ocurri\u00f3 en el bar Le Constellation, en&hellip;\n","protected":false},"author":2,"featured_media":317469,"comment_status":"","ping_status":"","sticky":false,"template":"","format":"standard","meta":{"footnotes":""},"categories":[42],"tags":[17,18,13,14,11,61,62,63,64,19,20,9,10,15,16,12,21,22,65,66,67],"class_list":{"0":"post-317468","1":"post","2":"type-post","3":"status-publish","4":"format-standard","5":"has-post-thumbnail","7":"category-internacional","8":"tag-breaking-news","9":"tag-breakingnews","10":"tag-featured-news","11":"tag-featurednews","12":"tag-headlines","13":"tag-internacional","14":"tag-international","15":"tag-international-news","16":"tag-internationalnews","17":"tag-latest-news","18":"tag-latestnews","19":"tag-news","20":"tag-noticias","21":"tag-noticias-destacadas","22":"tag-noticiasdestacadas","23":"tag-titulares","24":"tag-ultimas-noticias","25":"tag-ultimasnoticias","26":"tag-world","27":"tag-world-news","28":"tag-worldnews"},"share_on_mastodon":{"url":"","error":""},"_links":{"self":[{"href":"https:\/\/www.europesays.com\/es\/wp-json\/wp\/v2\/posts\/317468","targetHints":{"allow":["GET"]}}],"collection":[{"href":"https:\/\/www.europesays.com\/es\/wp-json\/wp\/v2\/posts"}],"about":[{"href":"https:\/\/www.europesays.com\/es\/wp-json\/wp\/v2\/types\/post"}],"author":[{"embeddable":true,"href":"https:\/\/www.europesays.com\/es\/wp-json\/wp\/v2\/users\/2"}],"replies":[{"embeddable":true,"href":"https:\/\/www.europesays.com\/es\/wp-json\/wp\/v2\/comments?post=317468"}],"version-history":[{"count":0,"href":"https:\/\/www.europesays.com\/es\/wp-json\/wp\/v2\/posts\/317468\/revisions"}],"wp:featuredmedia":[{"embeddable":true,"href":"https:\/\/www.europesays.com\/es\/wp-json\/wp\/v2\/media\/317469"}],"wp:attachment":[{"href":"https:\/\/www.europesays.com\/es\/wp-json\/wp\/v2\/media?parent=317468"}],"wp:term":[{"taxonomy":"category","embeddable":true,"href":"https:\/\/www.europesays.com\/es\/wp-json\/wp\/v2\/categories?post=317468"},{"taxonomy":"post_tag","embeddable":true,"href":"https:\/\/www.europesays.com\/es\/wp-json\/wp\/v2\/tags?post=317468"}],"curies":[{"name":"wp","href":"https:\/\/api.w.org\/{rel}","templated":true}]}}