{"id":317470,"date":"2026-01-01T14:56:37","date_gmt":"2026-01-01T14:56:37","guid":{"rendered":"https:\/\/www.europesays.com\/es\/317470\/"},"modified":"2026-01-01T14:56:37","modified_gmt":"2026-01-01T14:56:37","slug":"la-comunidad-de-madrid-aplicara-desde-el-1-de-enero-las-rebajas-fiscales-a-los-jovenes-que-compatibilicen-empleo-y-formacion-y-a-los-comercios-con-solera","status":"publish","type":"post","link":"https:\/\/www.europesays.com\/es\/317470\/","title":{"rendered":"La Comunidad de Madrid aplicar\u00e1 desde el 1 de enero las rebajas fiscales a los j\u00f3venes que compatibilicen empleo y formaci\u00f3n y a los comercios con solera"},"content":{"rendered":"<p>La presidenta de la Comunidad de Madrid, Isabel D\u00edaz Ayuso, ha adelantado hoy, durante su tradicional mensaje de Fin de A\u00f1o, que el Ejecutivo madrile\u00f1o aplicar\u00e1 dos nuevas ayudas fiscales: las dirigidas a j\u00f3venes menores de 30 a\u00f1os que compatibilizan empleo y formaci\u00f3n; y a los denominados comercios con solera, con m\u00e1s de 50 a\u00f1os de vida. Estas deducciones refuerzan la pol\u00edtica tributaria del Ejecutivo auton\u00f3mico, que ha aprobado 34 rebajas fiscales, lo que supone un ahorro para los madrile\u00f1os de casi 40.000 millones de euros, una media de m\u00e1s de 10.000 euros por contribuyente. <\/p>\n","protected":false},"excerpt":{"rendered":"La presidenta de la Comunidad de Madrid, Isabel D\u00edaz Ayuso, ha adelantado hoy, durante su tradicional mensaje de&hellip;\n","protected":false},"author":2,"featured_media":75888,"comment_status":"","ping_status":"","sticky":false,"template":"","format":"standard","meta":{"footnotes":""},"categories":[8],"tags":[17,18,25,24,13,14,11,19,20,9,10,15,16,23,12,21,22],"class_list":{"0":"post-317470","1":"post","2":"type-post","3":"status-publish","4":"format-standard","5":"has-post-thumbnail","7":"category-espana","8":"tag-breaking-news","9":"tag-breakingnews","10":"tag-es","11":"tag-espana","12":"tag-featured-news","13":"tag-featurednews","14":"tag-headlines","15":"tag-latest-news","16":"tag-latestnews","17":"tag-news","18":"tag-noticias","19":"tag-noticias-destacadas","20":"tag-noticiasdestacadas","21":"tag-spain","22":"tag-titulares","23":"tag-ultimas-noticias","24":"tag-ultimasnoticias"},"share_on_mastodon":{"url":"https:\/\/pubeurope.com\/@es\/115820428640370993","error":""},"_links":{"self":[{"href":"https:\/\/www.europesays.com\/es\/wp-json\/wp\/v2\/posts\/317470","targetHints":{"allow":["GET"]}}],"collection":[{"href":"https:\/\/www.europesays.com\/es\/wp-json\/wp\/v2\/posts"}],"about":[{"href":"https:\/\/www.europesays.com\/es\/wp-json\/wp\/v2\/types\/post"}],"author":[{"embeddable":true,"href":"https:\/\/www.europesays.com\/es\/wp-json\/wp\/v2\/users\/2"}],"replies":[{"embeddable":true,"href":"https:\/\/www.europesays.com\/es\/wp-json\/wp\/v2\/comments?post=317470"}],"version-history":[{"count":0,"href":"https:\/\/www.europesays.com\/es\/wp-json\/wp\/v2\/posts\/317470\/revisions"}],"wp:featuredmedia":[{"embeddable":true,"href":"https:\/\/www.europesays.com\/es\/wp-json\/wp\/v2\/media\/75888"}],"wp:attachment":[{"href":"https:\/\/www.europesays.com\/es\/wp-json\/wp\/v2\/media?parent=317470"}],"wp:term":[{"taxonomy":"category","embeddable":true,"href":"https:\/\/www.europesays.com\/es\/wp-json\/wp\/v2\/categories?post=317470"},{"taxonomy":"post_tag","embeddable":true,"href":"https:\/\/www.europesays.com\/es\/wp-json\/wp\/v2\/tags?post=317470"}],"curies":[{"name":"wp","href":"https:\/\/api.w.org\/{rel}","templated":true}]}}