{"id":317471,"date":"2026-01-01T14:57:14","date_gmt":"2026-01-01T14:57:14","guid":{"rendered":"https:\/\/www.europesays.com\/es\/317471\/"},"modified":"2026-01-01T14:57:14","modified_gmt":"2026-01-01T14:57:14","slug":"pico-y-placa-bogota-para-vehiculos-particulares-1-a-31-de-enero-2026","status":"publish","type":"post","link":"https:\/\/www.europesays.com\/es\/317471\/","title":{"rendered":"Pico y placa Bogot\u00e1 para veh\u00edculos particulares 1 a 31 de enero 2026"},"content":{"rendered":"<p>\u00a1Aqu\u00ed s\u00ed pasa! Ten en cuenta esta informaci\u00f3n de movilidad en <a href=\"https:\/\/bogota.gov.co\/tag\/bogota-mi-ciudad-mi-casa\" rel=\"nofollow noopener\" target=\"_blank\">Bogot\u00e1, mi Ciudad, mi Casa<\/a>. <strong>Te informamos sobre la medida de <\/strong><a href=\"https:\/\/bogota.gov.co\/tag\/pico-y-placa-en-bogota\" rel=\"nofollow noopener\" target=\"_blank\"><strong>pico y placa<\/strong><\/a><strong> del 1 al 31 de enero de 2025 para veh\u00edculos particulares. <\/strong>Te entregamos el calendario definido por la <a href=\"https:\/\/www.movilidadbogota.gov.co\/web\/\" rel=\"nofollow noopener\" target=\"_blank\">Secretar\u00eda Distrital de Movilidad<\/a> (SDM) para que planees tus viajes!<\/p>\n<p><strong>No olvides leer:\u00a0<\/strong><a href=\"https:\/\/bogota.gov.co\/mi-ciudad\/movilidad\/solicitud-de-pico-y-placa-solidario-con-7-dias-anticipacion-en-bogota\" rel=\"nofollow noopener\" target=\"_blank\">Recuerda: puedes solicitar el Pico y Placa Solidario en Bogot\u00e1 con hasta 7 d\u00edas de anticioaci\u00f3n<\/a><\/p>\n<p>La medida de pico y placa contin\u00faa operando durante enero de 2026 de manera habitual: de lunes a viernes, de 6:00 a. m. a 9:00 p. m.\u00a0<\/p>\n<p><strong>As\u00ed funciona la medida de pico y placa en Bogot\u00e1 para veh\u00edculos particulares\u00a0<\/strong><\/p>\n<ul>\n<li>En d\u00edas impares pueden circular los veh\u00edculos particulares con placa terminada en:<strong> 1, 2, 3, 4 y 5.<\/strong><\/li>\n<li>En d\u00edas pares pueden circular los veh\u00edculos particulares con placa terminada en:<strong> 6, 7, 8, 9 y 0.<\/strong><\/li>\n<\/ul>\n<p><strong>Calendario del pico y placa para veh\u00edculos particulares en Bogot\u00e1 durante enero de 2026<\/strong><strong>1 al 4 de enero\u00a0<\/strong><\/p>\n<p><strong>Jueves festivo 1 de enero: <\/strong>No aplica la medida de <a href=\"https:\/\/bogota.gov.co\/tag\/pico-y-placa-en-bogota\" rel=\"nofollow noopener\" target=\"_blank\">pico y placa<\/a>.<\/p>\n<p><strong>Viernes 2 de enero:<\/strong> No aplica la medida de <a href=\"https:\/\/bogota.gov.co\/tag\/pico-y-placa-en-bogota\" rel=\"nofollow noopener\" target=\"_blank\">pico y placa<\/a>, medida adoptada por la\u00a0<a href=\"https:\/\/bogota.gov.co\/\" rel=\"nofollow noopener\" target=\"_blank\">Administraci\u00f3n distrital<\/a>\u00a0por inicio de a\u00f1o.<\/p>\n<p><strong>S\u00e1bado 3 de enero:<\/strong> No aplica la medida de <a href=\"https:\/\/bogota.gov.co\/tag\/pico-y-placa-en-bogota\" rel=\"nofollow noopener\" target=\"_blank\">pico y placa<\/a>.<\/p>\n<p><strong>Domingo 4 de enero:<\/strong> No aplica la medida de <a href=\"https:\/\/bogota.gov.co\/tag\/pico-y-placa-en-bogota\" rel=\"nofollow noopener\" target=\"_blank\">pico y placa<\/a>.\u00a0<\/p>\n<p>Semana del 5 al 11 de enero<\/p>\n<p><strong>Lunes 5 de enero:<\/strong> pueden circular los veh\u00edculos con placas terminadas en\u00a0 1, 2, 3, 4 y 5.<\/p>\n<p><strong>Martes 6 de enero<\/strong>: pueden circular los veh\u00edculos con placas terminadas en 6, 7, 8, 9 y 0.<\/p>\n<p><strong>Mi\u00e9rcoles 7 de enero:<\/strong> pueden circular los veh\u00edculos con placas terminadas en\u00a0 1, 2, 3, 4 y 5.<\/p>\n<p><strong>Jueves 8 de enero:\u00a0 <\/strong>pueden circular los veh\u00edculos con placas terminadas en 6, 7, 8, 9 y 0.<\/p>\n<p><strong>Viernes 9 de enero: <\/strong>pueden circular los veh\u00edculos con placas terminadas en\u00a0 1, 2, 3, 4 y 5.<\/p>\n<p><strong>S\u00e1bado 10 de enero:<\/strong> No aplica la medida de <a href=\"https:\/\/bogota.gov.co\/tag\/pico-y-placa-en-bogota\" rel=\"nofollow noopener\" target=\"_blank\">pico y placa<\/a>.<\/p>\n<p><strong>Domingo 11 de enero:<\/strong> No aplica la medida de <a href=\"https:\/\/bogota.gov.co\/tag\/pico-y-placa-en-bogota\" rel=\"nofollow noopener\" target=\"_blank\">pico y placa<\/a>.\u00a0<\/p>\n<p><strong>Te puede interesar:\u00a0<\/strong><a href=\"https:\/\/bogota.gov.co\/mi-ciudad\/movilidad\/transmicable-san-cristobal-bogota-avance-contrato-diciembre-2025\" rel=\"nofollow noopener\" target=\"_blank\">TransMiCable San Crist\u00f3bal alcanza un avance de contrato del 80 %<\/a><\/p>\n<p>Semana del 12 al 18 de enero<\/p>\n<p><strong>Lunes festivo 12 de enero: <\/strong><strong>aplica la medida de pico y placa regional.<\/strong>\u00a0<\/p>\n<p><strong>Martes 13 de enero<\/strong>: pueden circular los veh\u00edculos con placas terminadas en\u00a0 1, 2, 3, 4 y 5.<\/p>\n<p><strong>Mi\u00e9rcoles 14 de enero:<\/strong>\u00a0 pueden circular los veh\u00edculos con placas terminadas en 6, 7, 8, 9 y 0.<\/p>\n<p><strong>Jueves 15 de enero: <\/strong>pueden circular los veh\u00edculos con placas terminadas en\u00a0 1, 2, 3, 4 y 5.<\/p>\n<p><strong>Viernes 16 de enero:<\/strong> pueden circular los veh\u00edculos con placas terminadas en 6, 7, 8, 9 y 0.<\/p>\n<p><strong>S\u00e1bado 17 de enero:<\/strong> No aplica la medida de <a href=\"https:\/\/bogota.gov.co\/tag\/pico-y-placa-en-bogota\" rel=\"nofollow noopener\" target=\"_blank\">pico y placa<\/a>.<\/p>\n<p><strong>Domingo 18 de enero:<\/strong> No aplica la medida de <a href=\"https:\/\/bogota.gov.co\/tag\/pico-y-placa-en-bogota\" rel=\"nofollow noopener\" target=\"_blank\">pico y placa<\/a>.\u00a0<\/p>\n<p>Semana del 19 al 25 de enero<\/p>\n<p><strong>Lunes 19 de enero:<\/strong> pueden circular los veh\u00edculos con placas terminadas en\u00a0 1, 2, 3, 4 y 5.<\/p>\n<p><strong>Martes 20 de enero<\/strong>: pueden circular los veh\u00edculos con placas terminadas en 6, 7, 8, 9 y 0.<\/p>\n<p><strong>Mi\u00e9rcoles 21 de enero:<\/strong> pueden circular los veh\u00edculos con placas terminadas en\u00a0 1, 2, 3, 4 y 5.<\/p>\n<p><strong>Jueves 22 de enero: <\/strong>pueden circular los veh\u00edculos con placas terminadas en 6, 7, 8, 9 y 0.<\/p>\n<p><strong>Viernes 23 de enero:<\/strong>\u00a0 pueden circular los veh\u00edculos con placas terminadas en\u00a0 1, 2, 3, 4 y 5.<\/p>\n<p><strong>S\u00e1bado 24 de enero:<\/strong> No aplica la medida de <a href=\"https:\/\/bogota.gov.co\/tag\/pico-y-placa-en-bogota\" rel=\"nofollow noopener\" target=\"_blank\">pico y placa<\/a>.<\/p>\n<p><strong>Domingo 25 de enero:<\/strong> No aplica la medida de <a href=\"https:\/\/bogota.gov.co\/tag\/pico-y-placa-en-bogota\" rel=\"nofollow noopener\" target=\"_blank\">pico y placa<\/a>.\u00a0<\/p>\n<p>Semana del 26 al 31 de enero<\/p>\n<p><strong>Lunes 26 de enero:<\/strong> pueden circular los veh\u00edculos con placas terminadas en 6, 7, 8, 9 y 0.<\/p>\n<p><strong>Martes 27 de enero<\/strong>: pueden circular los veh\u00edculos con placas terminadas en\u00a0 1, 2, 3, 4 y 5.<\/p>\n<p><strong>Mi\u00e9rcoles 28 de enero:<\/strong> pueden circular los veh\u00edculos con placas terminadas en 6, 7, 8, 9 y 0.<\/p>\n<p><strong>Jueves 29 de enero: <\/strong>pueden circular los veh\u00edculos con placas terminadas en\u00a0 1, 2, 3, 4 y 5.<\/p>\n<p><strong>Viernes 30 de enero:<\/strong>\u00a0 pueden circular los veh\u00edculos con placas terminadas en 6, 7, 8, 9 y 0.<\/p>\n<p><strong>S\u00e1bado 31 de enero:<\/strong> No aplica la medida de <a href=\"https:\/\/bogota.gov.co\/tag\/pico-y-placa-en-bogota\" rel=\"nofollow noopener\" target=\"_blank\">pico y placa<\/a>.<\/p>\n<p><strong>Te puede interesar:\u00a0<\/strong><a href=\"https:\/\/bogota.gov.co\/mi-ciudad\/movilidad\/nueva-estacion-de-transmilenio-calle-26-entra-en-operacion-en-bogota\" rel=\"nofollow noopener\" target=\"_blank\">Nueva estaci\u00f3n de TransMilenio Calle 26 entr\u00f3 en operaci\u00f3n este 27 de diciembre<\/a><\/p>\n<p>As\u00ed opera el pico y placa regional de ingreso a <a href=\"https:\/\/bogota.gov.co\/\" rel=\"nofollow noopener\" target=\"_blank\">Bogot\u00e1<\/a><\/p>\n<p>La medida de\u00a0<a href=\"https:\/\/bogota.gov.co\/tag\/pico-y-placa-regional\" rel=\"nofollow noopener\" target=\"_blank\">pico y placa regional<\/a>\u00a0funciona el \u00faltimo d\u00eda de todos los puentes festivos o cuando lo establezca la\u00a0<a href=\"https:\/\/bogota.gov.co\/\" rel=\"nofollow noopener\" target=\"_blank\">Administraci\u00f3n distrital<\/a>, en los nueve corredores de ingreso a la capital.\u00a0<\/p>\n<p>A partir de las 12:00 del mediod\u00eda y hasta las 4:00 p. m., s\u00f3lo se permite el ingreso a\u00a0<a href=\"https:\/\/bogota.gov.co\/\" rel=\"nofollow noopener\" target=\"_blank\">Bogot\u00e1<\/a>\u00a0de los veh\u00edculos con placas terminadas en n\u00famero par;\u00a0 de 4:00 p. m. a 8:00 p. m. se permite el ingreso de los veh\u00edculos con placas impares.<\/p>\n<p><a href=\"https:\/\/picoyplacasolidario.movilidadbogota.gov.co\/Inicio#\/\" target=\"_blank\" rel=\"nofollow noopener\"><img decoding=\"async\" alt=\"\" src=\"https:\/\/www.europesays.com\/es\/wp-content\/uploads\/2026\/01\/piezas-pyp-1600x252.jpg\"\/><\/a><\/p>\n","protected":false},"excerpt":{"rendered":"\u00a1Aqu\u00ed s\u00ed pasa! Ten en cuenta esta informaci\u00f3n de movilidad en Bogot\u00e1, mi Ciudad, mi Casa. Te informamos&hellip;\n","protected":false},"author":2,"featured_media":317472,"comment_status":"","ping_status":"","sticky":false,"template":"","format":"standard","meta":{"footnotes":""},"categories":[5],"tags":[17,18,25,24,13,14,11,19,20,9,10,15,16,23,12,21,22],"class_list":{"0":"post-317471","1":"post","2":"type-post","3":"status-publish","4":"format-standard","5":"has-post-thumbnail","7":"category-titulares","8":"tag-breaking-news","9":"tag-breakingnews","10":"tag-es","11":"tag-espana","12":"tag-featured-news","13":"tag-featurednews","14":"tag-headlines","15":"tag-latest-news","16":"tag-latestnews","17":"tag-news","18":"tag-noticias","19":"tag-noticias-destacadas","20":"tag-noticiasdestacadas","21":"tag-spain","22":"tag-titulares","23":"tag-ultimas-noticias","24":"tag-ultimasnoticias"},"share_on_mastodon":{"url":"https:\/\/pubeurope.com\/@es\/115820432161041386","error":""},"_links":{"self":[{"href":"https:\/\/www.europesays.com\/es\/wp-json\/wp\/v2\/posts\/317471","targetHints":{"allow":["GET"]}}],"collection":[{"href":"https:\/\/www.europesays.com\/es\/wp-json\/wp\/v2\/posts"}],"about":[{"href":"https:\/\/www.europesays.com\/es\/wp-json\/wp\/v2\/types\/post"}],"author":[{"embeddable":true,"href":"https:\/\/www.europesays.com\/es\/wp-json\/wp\/v2\/users\/2"}],"replies":[{"embeddable":true,"href":"https:\/\/www.europesays.com\/es\/wp-json\/wp\/v2\/comments?post=317471"}],"version-history":[{"count":0,"href":"https:\/\/www.europesays.com\/es\/wp-json\/wp\/v2\/posts\/317471\/revisions"}],"wp:featuredmedia":[{"embeddable":true,"href":"https:\/\/www.europesays.com\/es\/wp-json\/wp\/v2\/media\/317472"}],"wp:attachment":[{"href":"https:\/\/www.europesays.com\/es\/wp-json\/wp\/v2\/media?parent=317471"}],"wp:term":[{"taxonomy":"category","embeddable":true,"href":"https:\/\/www.europesays.com\/es\/wp-json\/wp\/v2\/categories?post=317471"},{"taxonomy":"post_tag","embeddable":true,"href":"https:\/\/www.europesays.com\/es\/wp-json\/wp\/v2\/tags?post=317471"}],"curies":[{"name":"wp","href":"https:\/\/api.w.org\/{rel}","templated":true}]}}