{"id":317497,"date":"2026-01-01T15:18:13","date_gmt":"2026-01-01T15:18:13","guid":{"rendered":"https:\/\/www.europesays.com\/es\/317497\/"},"modified":"2026-01-01T15:18:13","modified_gmt":"2026-01-01T15:18:13","slug":"canciller-merz-2026-momento-de-recomenzar-dw","status":"publish","type":"post","link":"https:\/\/www.europesays.com\/es\/317497\/","title":{"rendered":"Canciller Merz: &quot;2026, momento de recomenzar&quot; &#8211; DW"},"content":{"rendered":"<ol>\n<li><a href=\"https:\/\/news.google.com\/rss\/articles\/CBMif0FVX3lxTE9rWWcxVWhhdC16MnNMdHlnUHl6bld3dHByNk5CMXVzYkp3TjFEOTFiZHplazJWb09ERUZXVTJGZE1QdEJMUkEzNzg5dXVablFCbGNYWWx4V0ZQTXlmUm9xYTdVZkZtNFFVMWw3ZWhHbG90QWxIVU95Q1ZnZ1AtSkHSAX9BVV95cUxQZmRESVZnbUdVUmRrck5INUhKWmN6M3owcjgzM3dGZDhpZW50c2dybWl1WGgycGwzVHo0a1NZdDR5QmxxVGN5R1JPY1BwRVpNQWtzTGhsRlo1ZUU4dmZ1empRNnhmaDRpb2xkVkVtTm9WN0NPdERiT3pLWnFtU0Zr?oc=5\" target=\"_blank\" rel=\"nofollow noopener\">Canciller Merz: \u00ab2026, momento de recomenzar\u00bb<\/a>&nbsp;&nbsp;DW<\/li>\n<li><a href=\"https:\/\/news.google.com\/rss\/articles\/CBMi2gJBVV95cUxOeGhFVXUtdUMtSnExNkZ2OHpLNEttTm1vanExWkU5NFA4U05QaXpacThGRE1Dcmx3WWZldUdmdDRid0xmUGR6a0l6VmdFdDdFRElmVU5qdV9iVUNIWnZETnBfZlhBSlRqQ0pUYTVnNlhLTUkyZzFFeVRocVlpNkJaTjFpYmlOZXNLT2FKTnVqcENtaW1zVHBTMGZ3d042LXlXSnRzeXZ4VGZ6Zkg4amk5bXBDQUVZcEo0QlE3aWdBTXlBVlN2R0dNaVQ1dWlITzNESm9ieVVyeGV2cTdLN2JqNm84eG5ONUxDbk9QM0xzVEFhS0w4cXZkVm1LSjBQSjVkMUtCOHFmUHdZck03TENvREtEMktYRTk2VmEzWnAxYjlWX1lVajc2SmZZQzg4a0RiV2gtSmZFLWlKc1JPRkgxcG15LXlXa3EyYUc4bTZIa1NIaGlxYWE3SVVR0gH2AkFVX3lxTFA4aHRjaGlsYnN2OThONE9JQXl3SDhTVUpObU5lZlVaNVJZbkR0S0xadUZDal9ZT3hoTXg4QmJ2cUVlRkFKSG94WVhSXzNfRVc1OFNBNmliNDNkNmVseWtFTlR2RThaSjdfNmFRMktUU0hWZTI5TnQtSFRFMERucjIyUExMcGMyVV9JRkdDWXFkVG14N2NWVmg5aVhVOTBPWUd2eDN4UDRqZ244SExWUlYxWVNVWm1YNFZBbmlINmE4VUFoNVJlSk5XR2FFeXhsY3NITjVQeTFvcEJsYXRhTDV6Vmc1dkVJc2dXWG5HaVVhZHU2RDM4UWRpLUVNQVJaeExGeDNDTmlmbWhvbGxQTERNYnJIQllIc1JPaXpodms2R0h2dDJ1aEN6R05YNEcxOXFnb1Z5cWRuYlNndnJlcGVQaFFpQmEwT0FhQjJlN0hPT1RrbXh5S01ub2F1M0NtQjhEaXcxSVhNd0VzRDNsSDgtX0NhemRn?oc=5\" target=\"_blank\" rel=\"nofollow noopener\">Merz remarcar\u00e1 en su discurso de A\u00f1o Nuevo la cercan\u00eda de la guerra en Ucrania: \u00abCada vez vemos m\u00e1s claro que el ataque de Rusia era y es parte de un plan dirigido contra toda Europa\u00bb<\/a>&nbsp;&nbsp;La Voz de Galicia<\/li>\n<li><a href=\"https:\/\/news.google.com\/rss\/articles\/CBMizAFBVV95cUxOR1p1YXEzRThBaldwSEphTXkzcjQtakxOOGlHek5zWFN6RHNub2YtRkpJMFVrZXUzd3YwQ2JnNHFUdmpodEhTXzQ2ZUdrbWpYS1UzZVFPNXRJRjNLaUI0UGtUOGpGVXpUWDgtNzg0M3l0cEF4Rmw1X2VULWJnVkROU0VBNEdiYUxDQngzVG85N0JsLTZvbHRQWENKcTZWdzBnQ1I1dVdReE5hUmFBOUROU3pCM3NtRFRJTzl0OHRXWTR5aFlFZlRpOWU3YVLSAeABQVVfeXFMTjctOUhoQ2JFcXo1emt6ZFdseFdId3NWSGlRNkhpdk1NUWZsdmg1RHhsdUR3NXZnMUp0RWJRemtuZmhwRXFyam1mc3I1ZHpmZUhpbnkxNjkwZEhlTkJSWHVYRnVKbmtjdDFjTHNMSGZmMTRZRGQ0RmFtZEw2SXdaVjNlLVVUY3lXRDhHYXBTME80R3NPVWVVN1ZtaFVOSzdEdU85WWhYeXdSZ1ZJMHZlWFNMZVZJTFdQLURWR0tlZ0hUNUlHOU1PS2tnMF9mYlhtT2NMOGNqbktRUzNEVTZJYnQ?oc=5\" target=\"_blank\" rel=\"nofollow noopener\">Merz acaba el a\u00f1o como el canciller alem\u00e1n m\u00e1s impopular<\/a>&nbsp;&nbsp;La Raz\u00f3n<\/li>\n<li><a href=\"https:\/\/news.google.com\/rss\/articles\/CBMihAFBVV95cUxPS2pGWTdWeXJ0ZFpUajludHh3VkYxdFVGRmpMZ2RwRnVPYmFMZ1NTOVZtUUlIVWJqamduNG92RERjV1daclcwbklBd2NWNnduMHpvS3dFZzJkVW04dDIxVl8wSjlYaU5HcE13bVNLdnoyREFWRmN3VVZldi1uSnh1UnBPcW4?oc=5\" target=\"_blank\" rel=\"nofollow noopener\">Merz: \u201cNosotros velamos por nuestra seguridad\u201d<\/a>&nbsp;&nbsp;deutschland.de<\/li>\n<li><a href=\"https:\/\/news.google.com\/rss\/articles\/CBMijwJBVV95cUxPdjNDbnRtZ2hyWTFfMnh1Zkg2WDMtaE9aUENGTFluemExcmVHWXNIcm5XVjBoQXZkclhKLXBBTzE0Y3RpSlJIOTJUNzRQSThxNHdLcHg5ZGtjZXJvNkJCRkpZUVh1NC1uclRKTGdZejYyRE0tRXE4aWlPeFdQWlNwY2hubldxeFU1dEdEZEFCdFFsQUFnMUhIYndMbC1Bem41N1dqdkV0TGUyZFN3OGROR2xUZmZJOS1VVHdkTnpzRldzdjYxbjdyeXJJN0tkcVFScndIN0tiRndSSWZzamJVTzFiMWthT3NHanlSRTQ4YmhXcXRQd1VEWnRzTENNRTdoZ1FCQV9JcGk0RUdCeldZ0gGjAkFVX3lxTE9FejdEWllLS2lwNEd6VnAzbTN4Sk1mYlFRLW5Hamg5c3BMbEo1Wk5ja0tVTmJ3QVJPUF9DSUVJY0hibmJCVkxLYlRjR2xWUC1RWHRiSTZWWkp6V3kxMkFHSE51RFVIaUZ3ODFWdUVMaFV6QVNsSmFzakhqNExRYk80MDNtanN5RVlNQVpMZkdFNVhMcUtBa0N6YlpSUzllcjEyYlUwTEZ2aFVYM1RyYW44akZ2SFFEazJCVGZNRExGVHdfQlpVQVhYdkRicGVXZ3UxNHZCeVJWZ0pvX3lrSVpLZUFPeHFDOVNyWE1IbmJMZHRnOG1JeTJjOGtZWmlab3V0b19ybnU1NHQ2X2lCQzdnWVFta25jUll5ZTNFb0hlNWtSaw?oc=5\" target=\"_blank\" rel=\"nofollow noopener\">Merz reivindica la autonom\u00eda de Europa frente a EEUU y la mano dura contra la inmigraci\u00f3n irregular en su discurso de Nochevieja<\/a>&nbsp;&nbsp;Cadena SER<\/li>\n<\/ol>\n","protected":false},"excerpt":{"rendered":"Canciller Merz: \u00ab2026, momento de recomenzar\u00bb&nbsp;&nbsp;DW Merz remarcar\u00e1 en su discurso de A\u00f1o Nuevo la cercan\u00eda de la&hellip;\n","protected":false},"author":2,"featured_media":317498,"comment_status":"","ping_status":"","sticky":false,"template":"","format":"standard","meta":{"footnotes":""},"categories":[42],"tags":[17,18,13,14,11,61,62,63,64,19,20,9,10,15,16,12,21,22,65,66,67],"class_list":{"0":"post-317497","1":"post","2":"type-post","3":"status-publish","4":"format-standard","5":"has-post-thumbnail","7":"category-internacional","8":"tag-breaking-news","9":"tag-breakingnews","10":"tag-featured-news","11":"tag-featurednews","12":"tag-headlines","13":"tag-internacional","14":"tag-international","15":"tag-international-news","16":"tag-internationalnews","17":"tag-latest-news","18":"tag-latestnews","19":"tag-news","20":"tag-noticias","21":"tag-noticias-destacadas","22":"tag-noticiasdestacadas","23":"tag-titulares","24":"tag-ultimas-noticias","25":"tag-ultimasnoticias","26":"tag-world","27":"tag-world-news","28":"tag-worldnews"},"share_on_mastodon":{"url":"https:\/\/pubeurope.com\/@es\/115820514754226983","error":""},"_links":{"self":[{"href":"https:\/\/www.europesays.com\/es\/wp-json\/wp\/v2\/posts\/317497","targetHints":{"allow":["GET"]}}],"collection":[{"href":"https:\/\/www.europesays.com\/es\/wp-json\/wp\/v2\/posts"}],"about":[{"href":"https:\/\/www.europesays.com\/es\/wp-json\/wp\/v2\/types\/post"}],"author":[{"embeddable":true,"href":"https:\/\/www.europesays.com\/es\/wp-json\/wp\/v2\/users\/2"}],"replies":[{"embeddable":true,"href":"https:\/\/www.europesays.com\/es\/wp-json\/wp\/v2\/comments?post=317497"}],"version-history":[{"count":0,"href":"https:\/\/www.europesays.com\/es\/wp-json\/wp\/v2\/posts\/317497\/revisions"}],"wp:featuredmedia":[{"embeddable":true,"href":"https:\/\/www.europesays.com\/es\/wp-json\/wp\/v2\/media\/317498"}],"wp:attachment":[{"href":"https:\/\/www.europesays.com\/es\/wp-json\/wp\/v2\/media?parent=317497"}],"wp:term":[{"taxonomy":"category","embeddable":true,"href":"https:\/\/www.europesays.com\/es\/wp-json\/wp\/v2\/categories?post=317497"},{"taxonomy":"post_tag","embeddable":true,"href":"https:\/\/www.europesays.com\/es\/wp-json\/wp\/v2\/tags?post=317497"}],"curies":[{"name":"wp","href":"https:\/\/api.w.org\/{rel}","templated":true}]}}