{"id":31750,"date":"2025-08-07T14:21:08","date_gmt":"2025-08-07T14:21:08","guid":{"rendered":"https:\/\/www.europesays.com\/es\/31750\/"},"modified":"2025-08-07T14:21:08","modified_gmt":"2025-08-07T14:21:08","slug":"netanyahu-planea-conquistar-todo-gaza-en-cinco-meses-para-desplazar-a-un-millon-de-palestinos-y-asfixiar-a-hamas","status":"publish","type":"post","link":"https:\/\/www.europesays.com\/es\/31750\/","title":{"rendered":"Netanyahu planea conquistar todo Gaza en cinco meses para desplazar a un mill\u00f3n de palestinos y asfixiar a Ham\u00e1s"},"content":{"rendered":"<p><img decoding=\"async\" class=\"voc-author__img\" src=\"https:\/\/www.europesays.com\/es\/wp-content\/uploads\/2025\/08\/autor-6237-foto-6.png\" alt=\"Dounia Sbai\"\/><\/p>\n<p>07\/08\/2025<br \/>\n<br \/><strong><br \/>\nActualizado a las 12:22h.<br \/>\n<\/strong><\/p>\n<p class=\"voc-p\" style=\"\">Netanyahu desoye las reticencias del jefe del Estado Mayor del Ej\u00e9rcito y <strong>su plan es ocupar la toda la Franja de Gaza <\/strong>en un plazo que durar\u00e1 entre cuatro y cinco meses. El primer ministro israel\u00ed tiene la intenci\u00f3n de derrotar a Ham\u00e1s, para ello el \u00faltimo cartucho al que quiere recurrir es el de la conquista de todo el enclave, seg\u00fan adelantan medios hebreos. Cinco divisiones de las Fuerzas de Defensa Israel\u00ed (FDI) se encargar\u00edan de la operaci\u00f3n, que estar\u00eda distribuida por etapas para desplazar aproximadamente a un mill\u00f3n de palestinos al sur del territorio.<\/p>\n<p class=\"voc-p\" style=\"\">El mandatario israel\u00ed pretende acabar con la guerra a trav\u00e9s de la toma de todo el territorio para aniquilar a Ham\u00e1s. Eyal Zamir, jefe del Estado Mayor, ha advertido seriamente del peligro que esto <a href=\"https:\/\/www.abc.es\/internacional\/familiares-secuestrados-hamas-ampliar-guerra-gaza-pone-20250806214227-nt.html\" data-voc-vtm-id=\"in-text-traffic\" title=\"supone para la veintena de rehenes que a\u00fan siguen con vida \" data-mrf-link=\"www.abc.es\" rel=\"nofollow noopener\" target=\"_blank\">supone para la veintena de rehenes que a\u00fan siguen con vida <\/a>y para el Ej\u00e9rcito, que arrastra un nivel de cansancio acumulado desde octubre de 2023, cuando se sucedieron los ataques. Su recomendaci\u00f3n es la de cercar la ciudad de Gaza y los campamentos centrales, continuar con las incursiones terrestres y agotar las negociaciones para la liberaci\u00f3n de los cautivos. <\/p>\n<p class=\"voc-p\" style=\"\">Este plan preliminar esta previsto que se apruebe este jueves por el Gabinete de Seguridad del Gobierno de Netanyahu, aunque algunos mandatarios han manifestado sus reservas a esta hoja de ruta, entre ellos se encuentra el ministro de Asuntos Exteriores, Gideon Sa&#8217;ar, y el presidente del Shas, Aryeh Deri, el l\u00edder ultraortodoxo -que ha tenido que acortar sus vacaciones en Suiza y regresar a Israel para participar en la reuni\u00f3n de esta tarde- est\u00e1 intentando mediar entre el Ej\u00e9rcito y Netanyahu a favor de una acci\u00f3n militar gradual que no incluya la ocupaci\u00f3n de toda la Franja, seg\u00fan informa el diario &#8216;Ynet&#8217;. <\/p>\n<p>\nLas fases del plan de Netanyahu para tomar Gaza\n<\/p>\n<p class=\"voc-p\" style=\"\">Las Fuerzas de Defensa de Israel han afirmado que <strong>controlan el 75% de la Franja<\/strong> tras casi dos a\u00f1os de guerra, pero con este plan se espera que los militares se ocupen tambi\u00e9n del territorio restante. <strong>El objetivo de Netanyahu tiene cinco fases, <\/strong>de las cuales solo se saben las dos primeras. La intenci\u00f3n es asediar y apoderarse de la Ciudad de Gaza, se emitir\u00e1n \u00f3rdenes para que los palestinos que viven all\u00ed se vayan desplazando hacia el sur de la Franja, esto durar\u00eda un par de semanas hasta que infraestructuras civiles como hospitales o campamentos queden vac\u00edas y tambi\u00e9n sean trasladadas a otra parte diferente antes de comenzar las incursiones. <\/p>\n<p class=\"voc-p\" style=\"\">Las FDI tendr\u00e1n que expandirse por los campamentos donde no han operado, aunque ya han asegurado que esto provocar\u00eda <strong>numerosas bajas israel\u00edes<\/strong> -en lo que va de guerra la cifra asciende a 459 militares fallecidos- y que los cautivos restantes podr\u00edan ser asesinados, pese a los avisos, Netanyahu parece decidido a continuar con la escalada, incluso su entorno se reafirma en ello. Un funcionario dijo este mi\u00e9rcoles al diario &#8216;Ynet&#8217; que la intenci\u00f3n es \u00abconquistar Gaza\u00bb. Los familiares de los rehenes publicaron un tuit en X lamentado esta decisi\u00f3n porque supone un peligro para la vida de los secuestrados: \u00abExtender la lucha, por en\u00e9sima vez, es la garant\u00eda del fracaso del siglo. No hay victoria ni resurrecci\u00f3n en ello. La mayor\u00eda de la poblaci\u00f3n israel\u00ed apoya el regreso de los rehenes y el cese de los combates\u00bb, escribieron. <\/p>\n<blockquote class=\"twitter-tweet\">\n<p lang=\"iw\" dir=\"rtl\">\u05d4\u05d0\u05de\u05ea \u05e6\u05e8\u05d9\u05db\u05d4 \u05dc\u05d4\u05d9\u05d0\u05de\u05e8: \u05d4\u05e8\u05d7\u05d1\u05ea \u05d4\u05de\u05dc\u05d7\u05de\u05d4 \u05de\u05e1\u05db\u05e0\u05ea \u05d0\u05ea \u05d7\u05d9\u05d9 \u05d4\u05d7\u05d8\u05d5\u05e4\u05d9\u05dd \u05e9\u05e0\u05de\u05e6\u05d0\u05d9\u05dd \u05db\u05d1\u05e8 \u05db\u05e2\u05ea \u05d1\u05e1\u05db\u05e0\u05ea \u05de\u05d5\u05d5\u05ea \u05de\u05d9\u05d9\u05d3\u05d9. <br \/>\u05e8\u05d0\u05d9\u05e0\u05d5 \u05d0\u05ea \u05ea\u05de\u05d5\u05e0\u05d5\u05ea\u05d9\u05d4\u05dd \u05d4\u05de\u05e6\u05de\u05e8\u05e8\u05d5\u05ea \u05e9\u05dc \u05d4\u05d7\u05d8\u05d5\u05e4\u05d9\u05dd \u05d1\u05de\u05e0\u05d4\u05e8\u05d5\u05ea, \u05d4\u05dd \u05dc\u05d0 \u05d9\u05e9\u05e8\u05d3\u05d5 \u05e2\u05d5\u05d3 \u05d9\u05de\u05d9\u05dd \u05d0\u05e8\u05d5\u05db\u05d9\u05dd \u05e9\u05dc \u05ea\u05d5\u05e4\u05ea.<\/p>\n<p>\u05d4\u05e8\u05d7\u05d1\u05ea \u05d4\u05dc\u05d7\u05d9\u05de\u05d4, \u05d1\u05e4\u05e2\u05dd \u05d4\u05de\u05d9 \u05d9\u05d5\u05d3\u05e2 \u05db\u05de\u05d4, \u05d4\u05d9\u05d0 \u05d4\u05d1\u05d8\u05d7\u05ea \u05d4\u05db\u05d9\u05e9\u05dc\u05d5\u05df \u05e9\u05dc \u05d4\u05de\u05d0\u05d4. \u05d0\u05d9\u05df \u05d1\u05d5 \u05dc\u05d0 \u05e0\u05d9\u05e6\u05d7\u05d5\u05df \u05d5\u05dc\u05d0 \u05ea\u05e7\u05d5\u05de\u05d4. <\/p>\n<p>\u05e8\u05d5\u05d1 \u05d4\u05e6\u05d9\u05d1\u05d5\u05e8\u2026 <a href=\"https:\/\/t.co\/sL75NfBudN\" rel=\"nofollow\">pic.twitter.com\/sL75NfBudN<\/a><\/p>\n<p>\u2014 \u05de\u05d8\u05d4 \u05d4\u05de\u05e9\u05e4\u05d7\u05d5\u05ea \u05dc\u05d4\u05d7\u05d6\u05e8\u05ea \u05d4\u05d7\u05d8\u05d5\u05e4\u05d9\u05dd \u05d5\u05d4\u05e0\u05e2\u05d3\u05e8\u05d9\u05dd (@BringThemHome23) <a href=\"https:\/\/twitter.com\/BringThemHome23\/status\/1953019495624163335?ref_src=twsrc%5Etfw\" rel=\"nofollow noopener\" target=\"_blank\">August 6, 2025<\/a><\/p><\/blockquote>\n<p class=\"voc-p\" style=\"\">La segunda fase es que Donald Trump anuncie que seguir\u00e1 colaborando con Israel para aumentar la ayuda humanitaria acelerando la entrada de camiones y estableciendo <strong>nuevos puntos de reparto<\/strong>, en la actualidad hay cuatro zonas operativas, pero la intenci\u00f3n es llegar a 12 lugares para que la Fundaci\u00f3n Humanitaria de Gaza (respaldada por Israel y Estados Unidos) distribuya m\u00e1s alimentos y seguir control\u00e1ndolos para asfixiar a Ham\u00e1s. El <a href=\"https:\/\/www.abc.es\/internacional\/conmocion-israel-video-rehen-hamas-sintomas-hambre-20250802174701-nt.html\" data-voc-vtm-id=\"in-text-traffic\" title=\"v\u00eddeo del reh\u00e9n Evyatar David publicado por Ham\u00e1s \" data-mrf-link=\"www.abc.es\" rel=\"nofollow noopener\" target=\"_blank\">v\u00eddeo del reh\u00e9n Evyatar David publicado por Ham\u00e1s <\/a>habr\u00eda sido el detonante para que Trump de v\u00eda libre a Netanyahu sobre la ocupaci\u00f3n de Gaza. La ONU ya ha avisado que nada ser\u00e1 suficiente para paliar la hambruna. En Gaza <strong>el 40% de la poblaci\u00f3n no come durante d\u00edas<\/strong> y los ni\u00f1os menores de cinco a\u00f1os sufren niveles de desnutrici\u00f3n que se han cuadriplicado en apenas dos meses. <\/p>\n<p class=\"voc-p\" style=\"\">Si esto no sale adelante hay otras rutas alternativas, seg\u00fan apunta el peri\u00f3dico &#8216;The Times of Israel&#8217;, el otro camino es cercar la ciudad de Gaza y los campamentos, bloquear la ayuda a esas zonas y lanzar incursiones precisas, en lugar de una conquista total, con el objetivo de debilitar a Ham\u00e1s, aunque en principio Netanyahu lo habr\u00eda rechazado.<\/p>\n<p class=\"voc-p\" style=\"\">Egipto y Qatar, los dos pa\u00edses mediadores desde el estallido del conflicto, han instado a Israel a que abandone esta nueva iniciativa que pretenden aprobar este jueves. El Gobierno de Netanyahu ha reconocido que siguen abiertos a un acuerdo al alto el fuego, pero consideran que es necesario renovar la presi\u00f3n militar. <\/p>\n<p>Reportar un error<\/p>\n<p><script async src=\"https:\/\/platform.twitter.com\/widgets.js\" charset=\"utf-8\"><\/script><\/p>\n","protected":false},"excerpt":{"rendered":"07\/08\/2025 Actualizado a las 12:22h. Netanyahu desoye las reticencias del jefe del Estado Mayor del Ej\u00e9rcito y su&hellip;\n","protected":false},"author":2,"featured_media":31751,"comment_status":"","ping_status":"","sticky":false,"template":"","format":"standard","meta":{"footnotes":""},"categories":[42],"tags":[17,18,5810,16572,13,14,694,11,61,62,63,64,19,20,1140,7818,14859,9,10,15,16,8801,2568,12,16571,21,22,65,66,67],"class_list":{"0":"post-31750","1":"post","2":"type-post","3":"status-publish","4":"format-standard","5":"has-post-thumbnail","7":"category-internacional","8":"tag-breaking-news","9":"tag-breakingnews","10":"tag-cinco","11":"tag-desplazar","12":"tag-featured-news","13":"tag-featurednews","14":"tag-gaza","15":"tag-headlines","16":"tag-internacional","17":"tag-international","18":"tag-international-news","19":"tag-internationalnews","20":"tag-latest-news","21":"tag-latestnews","22":"tag-meses","23":"tag-millon","24":"tag-netanyahu","25":"tag-news","26":"tag-noticias","27":"tag-noticias-destacadas","28":"tag-noticiasdestacadas","29":"tag-palestinos","30":"tag-plan","31":"tag-titulares","32":"tag-tomar","33":"tag-ultimas-noticias","34":"tag-ultimasnoticias","35":"tag-world","36":"tag-world-news","37":"tag-worldnews"},"share_on_mastodon":{"url":"","error":""},"_links":{"self":[{"href":"https:\/\/www.europesays.com\/es\/wp-json\/wp\/v2\/posts\/31750","targetHints":{"allow":["GET"]}}],"collection":[{"href":"https:\/\/www.europesays.com\/es\/wp-json\/wp\/v2\/posts"}],"about":[{"href":"https:\/\/www.europesays.com\/es\/wp-json\/wp\/v2\/types\/post"}],"author":[{"embeddable":true,"href":"https:\/\/www.europesays.com\/es\/wp-json\/wp\/v2\/users\/2"}],"replies":[{"embeddable":true,"href":"https:\/\/www.europesays.com\/es\/wp-json\/wp\/v2\/comments?post=31750"}],"version-history":[{"count":0,"href":"https:\/\/www.europesays.com\/es\/wp-json\/wp\/v2\/posts\/31750\/revisions"}],"wp:featuredmedia":[{"embeddable":true,"href":"https:\/\/www.europesays.com\/es\/wp-json\/wp\/v2\/media\/31751"}],"wp:attachment":[{"href":"https:\/\/www.europesays.com\/es\/wp-json\/wp\/v2\/media?parent=31750"}],"wp:term":[{"taxonomy":"category","embeddable":true,"href":"https:\/\/www.europesays.com\/es\/wp-json\/wp\/v2\/categories?post=31750"},{"taxonomy":"post_tag","embeddable":true,"href":"https:\/\/www.europesays.com\/es\/wp-json\/wp\/v2\/tags?post=31750"}],"curies":[{"name":"wp","href":"https:\/\/api.w.org\/{rel}","templated":true}]}}