{"id":317504,"date":"2026-01-01T15:28:08","date_gmt":"2026-01-01T15:28:08","guid":{"rendered":"https:\/\/www.europesays.com\/es\/317504\/"},"modified":"2026-01-01T15:28:08","modified_gmt":"2026-01-01T15:28:08","slug":"los-hawks-cortan-al-ala-pivot-espanol-eli-jon-ndiaye","status":"publish","type":"post","link":"https:\/\/www.europesays.com\/es\/317504\/","title":{"rendered":"Los Hawks cortan al ala-p\u00edvot espa\u00f1ol Eli Jon Ndiaye"},"content":{"rendered":"<p>Si en las pr\u00f3ximas 48 horas su contrato no es reclamado por ninguna franquicia de la NBA pasar\u00e1 a ser agente libre<\/p>\n<p class=\"parrafo\">La aventura del exmadridista Eli John Ndiaye en la NBA ha acabado sin ni siquiera debutar. Al menos de momento. D\u00edas despu\u00e9s de que se supiera que se perd\u00eda el resto de la temporada por una lesi\u00f3n en el hombro, los Atlanta Hawks han hecho oficial que cortan su contrato, por lo que se convertir\u00e1 en agente libre para la pr\u00f3xima temporada.<\/p>\n<p class=\"parrafo\">El ala-p\u00edvot espa\u00f1ol de origen senegal\u00e9s se comprometi\u00f3 el mismo d\u00eda que <a href=\"https:\/\/www.estadiodeportivo.com\/baloncesto\/nba\/asi-queda-segunda-ronda-del-draft-2025-nba-con-izan-almansa-ndiaye-punto-mira-20250627-501483.html\" class=\"intext-link\" rel=\"nofollow noopener\" target=\"_blank\">finalizaba el Draft 2025 <\/a>con los Hawks, con los que firm\u00f3 un contrato dual (two-way) que le permit\u00eda alternar el equipo NBA con su conjunto asociado en la G-League, los College Park Skyhawks.<\/p>\n<p class=\"parrafo\">Con los Hawks jug\u00f3 la Summer League, donde destac\u00f3 en el primer partido y sali\u00f3 en los &#8216;highlights&#8217; con un tap\u00f3n espectacular. Ah\u00ed comenz\u00f3 su mala suerte en la aventura americana, ya que s\u00f3lo pudo disputar ese encuentro por una lesi\u00f3n. <\/p>\n<p><a class=\"elementos-rel-t2\" href=\"https:\/\/www.estadiodeportivo.com\/baloncesto\/nba\/espanol-eli-john-ndiaye-acaba-temporada-sin-estrenarse-nba-20251222-524550.html\" title=\"El espa\u00f1ol Eli John Ndiaye acaba la temporada sin estrenarse en la NBA\" rel=\"nofollow noopener\" target=\"_blank\"><\/p>\n<p class=\"titular titulo-4\">El espa\u00f1ol Eli John Ndiaye acaba la temporada sin estrenarse en la NBA<\/p>\n<p><img decoding=\"async\" src=\"https:\/\/www.europesays.com\/es\/wp-content\/uploads\/2026\/01\/994aa229-8f01-48db-9240-8840f07c6961_320x180.jpeg\" alt=\"El espa\u00f1ol Eli John Ndiaye acaba la temporada sin estrenarse en la NBA\"\/><\/a><\/p>\n<p class=\"parrafo\">La mala fortuna tambi\u00e9n le acompa\u00f1\u00f3 en el comienzo del campeonato. Jug\u00f3 nueve partidos con los College Park Skyhawks, en los que hizo buenos n\u00fameros y actuaciones destacadas. Y donde promediaba 8,1 puntos y 6,9 rebotes, con un 42,4% de acierto en tiros de campo, en 26 minutos.<\/p>\n<p class=\"parrafo\">Sin embargo, el hombro que le ha dado tantos problemas en el \u00faltimo a\u00f1o en el Real Madrid y que tambi\u00e9n le dej\u00f3 sin posibilidades de ir al Eurobasket le fren\u00f3. El 9 de diciembre del pasado a\u00f1o se lesion\u00f3 en el hombro en el partido ante los Long Island Nets y, tras realiz\u00e1rsele unas pruebas, se diagnostic\u00f3 que sufr\u00eda un desgarro del labrum en el hombro para el que, en un principio, se iba a adoptar una actitud conservadora, aunque finalmente se decid\u00eda optar por la operaci\u00f3n. Eso le obligaba a estar unos cuatro meses de baja, por lo que dec\u00eda adi\u00f3s a la temporada.<\/p>\n<p>Ndiaye se lesiona en el peor momento<\/p>\n<p class=\"parrafo\">Esa mala fortuna que le ha acompa\u00f1ado hizo que se lesionara cuando, probablemente, habr\u00eda tenido hueco en los Atlanta Hawks por la lesi\u00f3n de Porzingis -que precisamente ha regresado en la \u00faltima jornada del a\u00f1o en la NBA- y de otros jugadores de la franquicia de Atlanta.<\/p>\n<p><img decoding=\"async\" src=\"https:\/\/www.europesays.com\/es\/wp-content\/uploads\/2026\/01\/2071c9c9-9d96-47b2-8631-e22662593c05_800x453.jpeg\" loading=\"lazy\"\/><\/p>\n<p class=\"parrafo\">Ahora, los Hawks han necesitaban su contrato two-way para inscribir al base RayJ Dennis, que no fue drafteado en 2024. Y para ello han tenido que cortar el contrato del espa\u00f1ol. Ahora, Eli John Ndiaye ha sido enviado a la lista de waivers, por lo que durante las pr\u00f3ximas 48 horas cualquier franquicia puede reclamar su contrato. Si no, pasa a ser agente libre. Por l\u00f3gica y estando lesionado para toda la temporada, lo normal es que nadie se haga cargo de su contrato dual y Ndiaye pase a ser agente libre de cara a la pr\u00f3xima temporada.<\/p>\n<p><a class=\"elementos-rel-t2\" href=\"https:\/\/www.estadiodeportivo.com\/baloncesto\/nba\/asi-queda-segunda-ronda-del-draft-2025-nba-con-izan-almansa-ndiaye-punto-mira-20250627-501483.html\" title=\"As\u00ed queda la segunda ronda del Draft 2025 de la NBA con Izan Almansa y Ndiaye en el punto de mira\" rel=\"nofollow noopener\" target=\"_blank\"><\/p>\n<p class=\"titular titulo-4\">As\u00ed queda la segunda ronda del Draft 2025 de la NBA con Izan Almansa y Ndiaye en el punto de mira<\/p>\n<p><img decoding=\"async\" src=\"https:\/\/www.europesays.com\/es\/wp-content\/uploads\/2026\/01\/e54f87aa-155c-41b3-9943-d21dfaa282ca_320x180.jpeg\" alt=\"As\u00ed queda la segunda ronda del Draft 2025 de la NBA con Izan Almansa y Ndiaye en el punto de mira\"\/><\/a><\/p>\n<p class=\"parrafo\">A sus 21 a\u00f1os, Ndiaye tendr\u00e1 que decidir qu\u00e9 hacer la pr\u00f3xima campa\u00f1a. En verano tuvo muchas ofertas de Europa, pero quiso probar e intentar dar el salto a una NBA que, de momento, le ha cerrado las puertas sin debutar.<\/p>\n","protected":false},"excerpt":{"rendered":"Si en las pr\u00f3ximas 48 horas su contrato no es reclamado por ninguna franquicia de la NBA pasar\u00e1&hellip;\n","protected":false},"author":2,"featured_media":317505,"comment_status":"","ping_status":"","sticky":false,"template":"","format":"standard","meta":{"footnotes":""},"categories":[269],"tags":[24859,299,298,168,25,24,284,1725,23,167],"class_list":{"0":"post-317504","1":"post","2":"type-post","3":"status-publish","4":"format-standard","5":"has-post-thumbnail","7":"category-baloncesto","8":"tag-atlanta-hawks","9":"tag-baloncesto","10":"tag-basketball","11":"tag-deportes","12":"tag-es","13":"tag-espana","14":"tag-estadio-deportivo","15":"tag-nba","16":"tag-spain","17":"tag-sports"},"share_on_mastodon":{"url":"https:\/\/pubeurope.com\/@es\/115820554257664098","error":""},"_links":{"self":[{"href":"https:\/\/www.europesays.com\/es\/wp-json\/wp\/v2\/posts\/317504","targetHints":{"allow":["GET"]}}],"collection":[{"href":"https:\/\/www.europesays.com\/es\/wp-json\/wp\/v2\/posts"}],"about":[{"href":"https:\/\/www.europesays.com\/es\/wp-json\/wp\/v2\/types\/post"}],"author":[{"embeddable":true,"href":"https:\/\/www.europesays.com\/es\/wp-json\/wp\/v2\/users\/2"}],"replies":[{"embeddable":true,"href":"https:\/\/www.europesays.com\/es\/wp-json\/wp\/v2\/comments?post=317504"}],"version-history":[{"count":0,"href":"https:\/\/www.europesays.com\/es\/wp-json\/wp\/v2\/posts\/317504\/revisions"}],"wp:featuredmedia":[{"embeddable":true,"href":"https:\/\/www.europesays.com\/es\/wp-json\/wp\/v2\/media\/317505"}],"wp:attachment":[{"href":"https:\/\/www.europesays.com\/es\/wp-json\/wp\/v2\/media?parent=317504"}],"wp:term":[{"taxonomy":"category","embeddable":true,"href":"https:\/\/www.europesays.com\/es\/wp-json\/wp\/v2\/categories?post=317504"},{"taxonomy":"post_tag","embeddable":true,"href":"https:\/\/www.europesays.com\/es\/wp-json\/wp\/v2\/tags?post=317504"}],"curies":[{"name":"wp","href":"https:\/\/api.w.org\/{rel}","templated":true}]}}