{"id":317506,"date":"2026-01-01T15:29:09","date_gmt":"2026-01-01T15:29:09","guid":{"rendered":"https:\/\/www.europesays.com\/es\/317506\/"},"modified":"2026-01-01T15:29:09","modified_gmt":"2026-01-01T15:29:09","slug":"futbol-primera-federacion-la-nueva-grada-diputacion-del-cacereno-ya-luce-en-el-principe-felipe","status":"publish","type":"post","link":"https:\/\/www.europesays.com\/es\/317506\/","title":{"rendered":"F\u00daTBOL PRIMERA FEDERACI\u00d3N | La nueva Grada Diputaci\u00f3n del Cacere\u00f1o ya luce en el Pr\u00edncipe Felipe"},"content":{"rendered":"<p class=\"ft-text\">Ya es una realidad. <strong>El estadio Pr\u00edncipe Felipe presenta desde esta semana una de las mejoras m\u00e1s importantes de los \u00faltimos a\u00f1os junto a la hist\u00f3rica renovaci\u00f3n del terreno de juego que se acometi\u00f3 este \u00faltimo verano<\/strong>. La nueva <strong>Grada Diputaci\u00f3n<\/strong> es ya una realidad y una parte podr\u00e1 verse por primera vez este domingo, coincidiendo con el regreso a la competici\u00f3n del <strong>Cacere\u00f1o <\/strong>tras el breve par\u00f3n navide\u00f1o. La instalaci\u00f3n, apenas comenzada, ya que ocupar\u00e1 todo el fondo (tendr\u00e1 entre 1.200 y 1.500 localidades), supone un <strong>paso adelante en la modernizaci\u00f3n del recinto<\/strong> y en la mejora de las infraestructuras del club en una <a class=\"ft-link ft-link--decoration\" href=\"https:\/\/www.elperiodicoextremadura.com\/deportes\/2025\/12\/30\/ivan-fernandez-pide-fe-cacereno-salvacion-permanencia-125260909.html\" target=\"_blank\" rel=\"nofollow noopener\">temporada especialmente exigente.<\/a><\/p>\n<p class=\"ft-text\">El origen de esta grada se encuentra en el <a class=\"ft-link ft-link--decoration\" href=\"https:\/\/www.elperiodicoextremadura.com\/deportes\/2025\/09\/25\/diputacion-caceres-subvenciona-200-000-121950884.html\" target=\"_blank\" rel=\"nofollow noopener\">respaldo institucional de la Diputaci\u00f3n Provincial de C\u00e1ceres<\/a>, que aprob\u00f3 una subvenci\u00f3n de 200.000 euros para impulsar el proyecto. El coste global de la actuaci\u00f3n asciende a unos 310.000 euros m\u00e1s IVA, <a class=\"ft-link ft-link--decoration\" href=\"https:\/\/www.elperiodicoextremadura.com\/deportes\/2025\/10\/06\/cacereno-vuelve-principe-felipe-partido-122335340.html\" target=\"_blank\" rel=\"nofollow noopener\">tal y como explic\u00f3 el presidente del Cacere\u00f1o, Carlos Ord\u00f3\u00f1ez, el pasado 6 de octubre<\/a>. La ayuda provincial fue clave, al igual que antes lo hab\u00edan sido las de ayuntamiento y Junta para acometer la mejora del terreno de juego, que tras los problemas iniciales, ya luce un <strong>c\u00e9sped en perfecto estado<\/strong>.<\/p>\n<p class=\"ft-text\">Las obras comenzaron semanas despu\u00e9s de la aprobaci\u00f3n de la subvenci\u00f3n y se han desarrollado siguiendo el calendario previsto. <strong>Ord\u00f3\u00f1ez <\/strong>situ\u00f3 el 20 de diciembre como fecha orientativa para su finalizaci\u00f3n, un objetivo que pr\u00e1cticamente se ha cumplido. Inicialmente, el club manej\u00f3 la posibilidad de que la <strong>Grada Diputaci\u00f3n<\/strong> estuviera lista antes de esa fecha pensando en una hipot\u00e9tica eliminatoria de la Copa del Rey si el <strong>Cacere\u00f1o<\/strong> lograba avanzar rondas. Sin embargo, la eliminaci\u00f3n en la primera ronda ante el Guadalajara redujo esa urgencia y ha permitido completar los trabajos sin la presi\u00f3n del calendario copero.<\/p>\n<p>Un a\u00f1o para el recuerdo<\/p>\n<p class=\"ft-text\">La nueva grada mejora la imagen del <strong>Pr\u00edncipe Felipe<\/strong> y se enmarca dentro de un a\u00f1o muy significativo para la entidad verde. Un curso que quedar\u00e1 para el recuerdo por el ansiado ascenso conseguido la pasada temporada, un logro al que se refiri\u00f3 el propio <strong>Ord\u00f3\u00f1ez <\/strong>en su mensaje de fin de a\u00f1o dirigido a la afici\u00f3n. En \u00e9l, calificaba 2025 como <strong>\u00abun a\u00f1o inolvidable\u00bb<\/strong> y reconoc\u00eda que el estreno en la categor\u00eda \u00abest\u00e1 siendo muy dif\u00edcil\u00bb, aunque aseguraba que el club har\u00e1 todo lo posible para lograr la permanencia.<\/p>\n<p class=\"ft-text\">En el plano deportivo, el <strong>Cacere\u00f1o <\/strong>vuelve a la competici\u00f3n <strong>este domingo a las 12.00 horas frente al Celta Fortuna, en el Pr\u00edncipe Felipe<\/strong>. Ser\u00e1 el pen\u00faltimo encuentro de la primera vuelta y llega tras un par\u00f3n navide\u00f1o at\u00edpico, de apenas un fin de semana sin f\u00fatbol. El choque servir\u00e1 tanto para estrenar visualmente la <strong>Grada Diputaci\u00f3n<\/strong> como para medir las opciones del equipo en la lucha por la salvaci\u00f3n. La primera vuelta se cerrar\u00e1 el pr\u00f3ximo fin de semana a domicilio, precisamente ante el Guadalajara, en un tramo decisivo antes de afrontar la segunda mitad del campeonato con nuevas ilusiones\u2026 y con una grada que ya luce en el Pr\u00edncipe Felipe.<\/p>\n","protected":false},"excerpt":{"rendered":"Ya es una realidad. El estadio Pr\u00edncipe Felipe presenta desde esta semana una de las mejoras m\u00e1s importantes&hellip;\n","protected":false},"author":2,"featured_media":317507,"comment_status":"","ping_status":"","sticky":false,"template":"","format":"standard","meta":{"footnotes":""},"categories":[268],"tags":[46476,3975,5958,46479,168,7821,25,24,10642,280,282,7685,14839,795,6958,14921,281,23,167],"class_list":{"0":"post-317506","1":"post","2":"type-post","3":"status-publish","4":"format-standard","5":"has-post-thumbnail","7":"category-futbol","8":"tag-cacereno","9":"tag-caceres","10":"tag-cesped","11":"tag-cp-cacereno","12":"tag-deportes","13":"tag-diputacion","14":"tag-es","15":"tag-espana","16":"tag-felipe","17":"tag-football","18":"tag-futbol","19":"tag-grada","20":"tag-luce","21":"tag-nueva","22":"tag-primera-rfef","23":"tag-principe","24":"tag-soccer","25":"tag-spain","26":"tag-sports"},"share_on_mastodon":{"url":"https:\/\/pubeurope.com\/@es\/115820558230953771","error":""},"_links":{"self":[{"href":"https:\/\/www.europesays.com\/es\/wp-json\/wp\/v2\/posts\/317506","targetHints":{"allow":["GET"]}}],"collection":[{"href":"https:\/\/www.europesays.com\/es\/wp-json\/wp\/v2\/posts"}],"about":[{"href":"https:\/\/www.europesays.com\/es\/wp-json\/wp\/v2\/types\/post"}],"author":[{"embeddable":true,"href":"https:\/\/www.europesays.com\/es\/wp-json\/wp\/v2\/users\/2"}],"replies":[{"embeddable":true,"href":"https:\/\/www.europesays.com\/es\/wp-json\/wp\/v2\/comments?post=317506"}],"version-history":[{"count":0,"href":"https:\/\/www.europesays.com\/es\/wp-json\/wp\/v2\/posts\/317506\/revisions"}],"wp:featuredmedia":[{"embeddable":true,"href":"https:\/\/www.europesays.com\/es\/wp-json\/wp\/v2\/media\/317507"}],"wp:attachment":[{"href":"https:\/\/www.europesays.com\/es\/wp-json\/wp\/v2\/media?parent=317506"}],"wp:term":[{"taxonomy":"category","embeddable":true,"href":"https:\/\/www.europesays.com\/es\/wp-json\/wp\/v2\/categories?post=317506"},{"taxonomy":"post_tag","embeddable":true,"href":"https:\/\/www.europesays.com\/es\/wp-json\/wp\/v2\/tags?post=317506"}],"curies":[{"name":"wp","href":"https:\/\/api.w.org\/{rel}","templated":true}]}}