{"id":317542,"date":"2026-01-01T15:54:09","date_gmt":"2026-01-01T15:54:09","guid":{"rendered":"https:\/\/www.europesays.com\/es\/317542\/"},"modified":"2026-01-01T15:54:09","modified_gmt":"2026-01-01T15:54:09","slug":"las-100-mejores-casas-descubre-los-ejemplos-mas-inspiradores-y-originales-de-2025","status":"publish","type":"post","link":"https:\/\/www.europesays.com\/es\/317542\/","title":{"rendered":"Las 100 mejores casas: descubre los ejemplos m\u00e1s inspiradores y originales de 2025"},"content":{"rendered":"<p>\u00abNo es lo que buscas, pero tienes que verlo\u201d. Eso es lo que le dijo a <a href=\"https:\/\/www.revistaad.es\/decoracion\/casas-ad\/articulos\/todas-fotos-casa-lenny-kravitz\/24831\" rel=\"nofollow noopener\" target=\"_blank\">Lenny Kravitz<\/a> su agente inmobiliario a principios de los a\u00f1os 2000. Por aquella \u00e9poca, <strong>el artista acariciaba la idea de adquirir una segunda residencia en <a href=\"https:\/\/www.revistaad.es\/lugares\/articulos\/los-sitios-moda-paris-desde-opera-la-rive-gauche\/25320\" rel=\"nofollow noopener\" target=\"_blank\">Par\u00eds<\/a>; algo peque\u00f1o de, a lo sumo, dos habitaciones.<\/strong> Nada que ver con la mansi\u00f3n de la condesa Anne d&#8217;Ornano, una delicia de los a\u00f1os 20 situada junto a varias embajadas en una calle frondosa del distrito 16. Con sus hijos ya mayores, la arist\u00f3crata se encontraba m\u00e1s a gusto en su finca de Normand\u00eda, rodeada de <a href=\"https:\/\/www.revistaad.es\/articulos\/tendencias-en-jardines-reglas-de-oro-paisajismo-ambienta\" rel=\"nofollow noopener\" target=\"_blank\">jardines<\/a> dise\u00f1ados por el paisajista Louis Benech, que en la majestuosa residencia parisina, y por eso la hab\u00eda puesto a la venta. <strong>\u201cAparqu\u00e9, me se\u00f1al\u00f3 el exterior y pregunt\u00e9: \u2018Vale, \u00bfa qu\u00e9 planta vamos?\u2019, pensando que era un edificio de apartamentos. \u2018Es todo\u2019, contest\u00f3. \u2018No, no, no, ni hablar\u2019.<\/strong> Insisti\u00f3 en que, por favor, le echara un vistazo, <strong>as\u00ed que entr\u00e9. Lo vi claro: \u2018Esta es mi casa\u2019. En un plano espiritual, lo supe inmediatamente\u201d.<\/strong><\/p>\n<p><a href=\"https:\/\/www.revistaad.es\/articulos\/lenny-kravitz-nos-abre-las-puertas-de-su-mansion-parisina\" target=\"_blank\" rel=\"nofollow noopener\"><strong>TODAS LAS FOTOS<\/strong><\/a><\/p>\n","protected":false},"excerpt":{"rendered":"\u00abNo es lo que buscas, pero tienes que verlo\u201d. Eso es lo que le dijo a Lenny Kravitz&hellip;\n","protected":false},"author":2,"featured_media":317543,"comment_status":"","ping_status":"","sticky":false,"template":"","format":"standard","meta":{"footnotes":""},"categories":[173],"tags":[229,233,231,230,1530,232,234,146,147,25,24,14171,23],"class_list":{"0":"post-317542","1":"post","2":"type-post","3":"status-publish","4":"format-standard","5":"has-post-thumbnail","7":"category-arte-y-diseno","8":"tag-arte","9":"tag-arte-y-diseno","10":"tag-arts","11":"tag-arts-and-design","12":"tag-casas-ad","13":"tag-design","14":"tag-diseno","15":"tag-entertainment","16":"tag-entretenimiento","17":"tag-es","18":"tag-espana","19":"tag-round-up","20":"tag-spain"},"share_on_mastodon":{"url":"https:\/\/pubeurope.com\/@es\/115820656231751053","error":""},"_links":{"self":[{"href":"https:\/\/www.europesays.com\/es\/wp-json\/wp\/v2\/posts\/317542","targetHints":{"allow":["GET"]}}],"collection":[{"href":"https:\/\/www.europesays.com\/es\/wp-json\/wp\/v2\/posts"}],"about":[{"href":"https:\/\/www.europesays.com\/es\/wp-json\/wp\/v2\/types\/post"}],"author":[{"embeddable":true,"href":"https:\/\/www.europesays.com\/es\/wp-json\/wp\/v2\/users\/2"}],"replies":[{"embeddable":true,"href":"https:\/\/www.europesays.com\/es\/wp-json\/wp\/v2\/comments?post=317542"}],"version-history":[{"count":0,"href":"https:\/\/www.europesays.com\/es\/wp-json\/wp\/v2\/posts\/317542\/revisions"}],"wp:featuredmedia":[{"embeddable":true,"href":"https:\/\/www.europesays.com\/es\/wp-json\/wp\/v2\/media\/317543"}],"wp:attachment":[{"href":"https:\/\/www.europesays.com\/es\/wp-json\/wp\/v2\/media?parent=317542"}],"wp:term":[{"taxonomy":"category","embeddable":true,"href":"https:\/\/www.europesays.com\/es\/wp-json\/wp\/v2\/categories?post=317542"},{"taxonomy":"post_tag","embeddable":true,"href":"https:\/\/www.europesays.com\/es\/wp-json\/wp\/v2\/tags?post=317542"}],"curies":[{"name":"wp","href":"https:\/\/api.w.org\/{rel}","templated":true}]}}