{"id":317578,"date":"2026-01-01T16:22:08","date_gmt":"2026-01-01T16:22:08","guid":{"rendered":"https:\/\/www.europesays.com\/es\/317578\/"},"modified":"2026-01-01T16:22:08","modified_gmt":"2026-01-01T16:22:08","slug":"maresca-se-va-del-chelsea-enfrentado-con-la-directiva","status":"publish","type":"post","link":"https:\/\/www.europesays.com\/es\/317578\/","title":{"rendered":"Maresca se va del Chelsea enfrentado con la directiva"},"content":{"rendered":"<p class=\"ft-text ft-helper-closenews\">El primer d\u00eda del a\u00f1o ha tra\u00eddo un relevo en uno de los principales banquillos del f\u00fatbol mundial. El <strong>Chelsea<\/strong> y <strong>Enzo Maresca<\/strong> han acordado rescindir con efecto inmediato <strong>el contrato que les un\u00eda hasta 2029<\/strong>. Una decisi\u00f3n que, en realidad, ha sido tomada por el t\u00e9cnico italiano, enfrentado desde hace semanas con una parte de la directiva.<\/p>\n<p class=\"ft-text\">El <strong>Chelsea<\/strong> ha anunciado el cese en un escueto comunicado, en el que especifica que tanto <strong>Maresca<\/strong> como el club consideran que el cambio de entrenador es la mejor decisi\u00f3n para que el equipo enderece el rumbo en lo que resta de temporada. El anuncio llega dos d\u00edas despu\u00e9s de que el <strong>Chelsea empatara contra el Bournemouth<\/strong>, en medio de una racha negativa que mantiene al club londinense a 15 puntos del l\u00edder de la Primer League, el Arsenal.<\/p>\n<p>El Mundial y la Conference<\/p>\n<p class=\"ft-text\">Hace menos de seis meses, el <strong>Chelsea<\/strong> celebraba por todo lo alto su pionero triunfo en el <strong>Mundial de Clubs<\/strong>. Primer campe\u00f3n por siempre y un trofeo que daba sentido al multimillonario proyecto de <strong>Todd Boehly,<\/strong> el magnate que tom\u00f3 el relevo del ruso <strong>Roman Abramovich<\/strong> en la propiedad del club londinense.<\/p>\n<p class=\"ft-text\">Un poco antes, el club &#8216;blue&#8217; hab\u00eda levantado la <strong>Conference League<\/strong> tras ganar al Betis en la final. Dos trofeos que no han conseguido dar estabilidad al proyecto de <strong>Maresca<\/strong>, que firm\u00f3 como entrenador en mayo de 2024, sustituyendo a <strong>Mauricio Pochettino<\/strong>.<\/p>\n<p class=\"ft-text\">El <strong>Chelsea<\/strong> no ha anunciado qui\u00e9n ser\u00e1 su nuevo entrenador, en una nueva etapa que arrancar\u00e1 este domingo con la visita al <strong>Manchester City<\/strong>. Precisamente, en las \u00faltimas semanas <strong>Maresca<\/strong> hab\u00eda sonado como futuro relevo de <strong>Guardiola<\/strong>, en caso de que el entrenador catal\u00e1n deje la entidad mancuniana al final de esta temporada.<\/p>\n<p data-close=\"closedContent\" class=\"subscribeHideForDisplay\">Suscr\u00edbete para seguir leyendo<\/p>\n","protected":false},"excerpt":{"rendered":"El primer d\u00eda del a\u00f1o ha tra\u00eddo un relevo en uno de los principales banquillos del f\u00fatbol mundial.&hellip;\n","protected":false},"author":2,"featured_media":317579,"comment_status":"","ping_status":"","sticky":false,"template":"","format":"standard","meta":{"footnotes":""},"categories":[93],"tags":[14015,2015,168,31480,68567,25,24,282,74139,23,167],"class_list":{"0":"post-317578","1":"post","2":"type-post","3":"status-publish","4":"format-standard","5":"has-post-thumbnail","7":"category-deportes","8":"tag-chelsea","9":"tag-chelsea-fc","10":"tag-deportes","11":"tag-directiva","12":"tag-enfrentado","13":"tag-es","14":"tag-espana","15":"tag-futbol","16":"tag-maresca","17":"tag-spain","18":"tag-sports"},"share_on_mastodon":{"url":"https:\/\/pubeurope.com\/@es\/115820766736159832","error":""},"_links":{"self":[{"href":"https:\/\/www.europesays.com\/es\/wp-json\/wp\/v2\/posts\/317578","targetHints":{"allow":["GET"]}}],"collection":[{"href":"https:\/\/www.europesays.com\/es\/wp-json\/wp\/v2\/posts"}],"about":[{"href":"https:\/\/www.europesays.com\/es\/wp-json\/wp\/v2\/types\/post"}],"author":[{"embeddable":true,"href":"https:\/\/www.europesays.com\/es\/wp-json\/wp\/v2\/users\/2"}],"replies":[{"embeddable":true,"href":"https:\/\/www.europesays.com\/es\/wp-json\/wp\/v2\/comments?post=317578"}],"version-history":[{"count":0,"href":"https:\/\/www.europesays.com\/es\/wp-json\/wp\/v2\/posts\/317578\/revisions"}],"wp:featuredmedia":[{"embeddable":true,"href":"https:\/\/www.europesays.com\/es\/wp-json\/wp\/v2\/media\/317579"}],"wp:attachment":[{"href":"https:\/\/www.europesays.com\/es\/wp-json\/wp\/v2\/media?parent=317578"}],"wp:term":[{"taxonomy":"category","embeddable":true,"href":"https:\/\/www.europesays.com\/es\/wp-json\/wp\/v2\/categories?post=317578"},{"taxonomy":"post_tag","embeddable":true,"href":"https:\/\/www.europesays.com\/es\/wp-json\/wp\/v2\/tags?post=317578"}],"curies":[{"name":"wp","href":"https:\/\/api.w.org\/{rel}","templated":true}]}}