{"id":317582,"date":"2026-01-01T16:24:08","date_gmt":"2026-01-01T16:24:08","guid":{"rendered":"https:\/\/www.europesays.com\/es\/317582\/"},"modified":"2026-01-01T16:24:08","modified_gmt":"2026-01-01T16:24:08","slug":"tugan-sokhiev-dirigira-el-concierto-de-ano-nuevo-2027-de-la-filarmonica-de-viena-codalario","status":"publish","type":"post","link":"https:\/\/www.europesays.com\/es\/317582\/","title":{"rendered":"Tugan Sokhiev dirigir\u00e1 el Concierto de A\u00f1o Nuevo 2027 de la Filarm\u00f3nica de Viena &#8211; Codalario"},"content":{"rendered":"<ol>\n<li><a href=\"https:\/\/news.google.com\/rss\/articles\/CBMi6wFBVV95cUxNNUNGR3pwSzFhY19saFBMQ1pHZWNCMVlzUDFWWC1hejdNYXFvcDlEMVRXWFVja0hLNFBza0Fvdk1lOV9VY2VFNy1UeXFpSE5xb0s0MjlDcGpBLXJJLXdxNmRCMThVYnVnVWJCVENTeTJqb3hCNVM1Z0xjT2lENGRST0lBMnM3ZXJsWFdFSkNwV2YwVUJwYUFwMmdQeHdjOERfSDZueE9idnJwZFBZMVI2dlAydDNxc3JWbE12OGJnMWRnWUR0Wm5pODZpeHlHMTFHZ2NhVmw0Ri0zRU5VRVFiMmdqVVgyM3NhMHlV?oc=5\" target=\"_blank\" rel=\"nofollow noopener\">Tugan Sokhiev dirigir\u00e1 el Concierto de A\u00f1o Nuevo 2027 de la Filarm\u00f3nica de Viena<\/a>&nbsp;&nbsp;Codalario<\/li>\n<li><a href=\"https:\/\/news.google.com\/rss\/articles\/CBMi0AFBVV95cUxQNGpwVy1Ib3M2X0ZWcjctcjZJdVJOMXRFalJ0aGxYeUE4YkZUSVBDMzFxVG1wQzJqbG84Ylk1U3dWN0pjUVNHaW96bVotaXZKdVhPaVE2YmYtZUdXXy12LXdpNUI0V0tJQ2xTRXlqY1BTeVBTVXh5WVp6WEdxTTFmUmg1WTdUV2c4S3FGZ1preDVGTzA1bF92WDBKZmJ0NGZQLUkzaHdlZHhmUTdIT2NqZVo2bzlMQ18xNy1VVklYb0VfZHVhaTBtRTdEWUx1bEtw?oc=5\" target=\"_blank\" rel=\"nofollow noopener\">El ruso Tugan Sokhiev, opuesto a la guerra de Ucrania, dirigir\u00e1 el Concierto de A\u00f1o Nuevo 2027<\/a>&nbsp;&nbsp;EL PA\u00cdS<\/li>\n<li><a href=\"https:\/\/news.google.com\/rss\/articles\/CBMilAFBVV95cUxPNmdoYmZxWjBOTFg2QTVwRDZsM25sZ0pwS014Rk9FbWFjdklFYnNPd05QU3g0TGRQenduLUNJMEM1RjV4eVhuc09XR0RvRGZjeGNyM293UVc2SXFlODFlaGx5MzZ6Mmc5anB5RWFkVmxlR0s4X055QjZPbHB2U3k0WHJKRTFhTG1QTERqOXFOeHVQQms1?oc=5\" target=\"_blank\" rel=\"nofollow noopener\">El ruso Tugan Sokhiev dirigir\u00e1 en 2027 el Concierto de A\u00f1o Nuevo de la Filarm\u00f3nica vienesa<\/a>&nbsp;&nbsp;EFE &#8211; Agencia de noticias<\/li>\n<li><a href=\"https:\/\/news.google.com\/rss\/articles\/CBMixAFBVV95cUxOLV9EUldLcTdzWTJTMHBBZVFBakhNNk9Dd1NaV0cwaV9zS0dGVUppcWo0Q0FIVUx0YTQyLWREcDBPaE40RjJoX3QxMi15cnFETGhKZUhsNmpHVG9vN3gtSUI2T2IwM1Nka2pTTTg1LU4xbzhMb1Awb1VHOEV3WGVlRlJ2SU9ZZXlMNm5ORjA0enVVTHVUVVN3alBQOG1yN1Q4M3RFZzdBTkY0MjFNbC1xa1VuUE5mM0tBZlVyTWU4OGZGbFU10gHKAUFVX3lxTE5vMmhKTVhNZ2IyeEZaQl9qM1lrb3F6TEdnbUdKLTRaU1lSOXRZbEttdHAxaTdfNmNBVTN4ek51TGFRXy12N1ZFRlhETFBQSGRqNXBsanFlcUswd2ZsQkV0enFlLW00djc4a2ZyMmw3ak9hMGl4UmM1RjQyR2R4MVVnOVNYNXlrbmlENEE1QkF6ZEtYaXlzSHpIRlQtaHZucy1ISk9QbzNzdVF2eXFkMkJfZDBkSVRhQ0huV0FwRkM3djZEWGpXM1Z0REE?oc=5\" target=\"_blank\" rel=\"nofollow noopener\">El concierto de A\u00f1o Nuevo de 2027 lo dirigir\u00e1 el ruso Tugan Sokhiev, contrario a la invasi\u00f3n de Ucrania<\/a>&nbsp;&nbsp;20Minutos<\/li>\n<li><a href=\"https:\/\/news.google.com\/rss\/articles\/CBMiuwFBVV95cUxQSnRlcUNnN1dCSVZlcHhxY3BIM0M2N3NNUW1NMWVOQ3RLQ1ZJRzgtcTNid0lvaGRSU3dZWDFkM1Z6TVh2cnNXU2t1M200TTZLS2VqR1FBTDZmN0lKT3ZNajdzeV9mZFpnVnBJeWtScTJhcUw1N255eVZVbUdQeUlDblFsbm9qQWM4bEFoeXhhZWV0cEhZNktaeXRLbjluY3pJMVZPc3RqbGNfRl9qLVFjSG05a29sQXExVDZV?oc=5\" target=\"_blank\" rel=\"nofollow noopener\">El ruso Tugan Shokiev dirigir\u00e1 el concierto de A\u00f1o Nuevo en Viena en 2027<\/a>&nbsp;&nbsp;Platea Magazine<\/li>\n<\/ol>\n","protected":false},"excerpt":{"rendered":"Tugan Sokhiev dirigir\u00e1 el Concierto de A\u00f1o Nuevo 2027 de la Filarm\u00f3nica de Viena&nbsp;&nbsp;Codalario El ruso Tugan Sokhiev,&hellip;\n","protected":false},"author":2,"featured_media":317583,"comment_status":"","ping_status":"","sticky":false,"template":"","format":"standard","meta":{"footnotes":""},"categories":[91],"tags":[146,147,25,24,4961,23,74149],"class_list":{"0":"post-317582","1":"post","2":"type-post","3":"status-publish","4":"format-standard","5":"has-post-thumbnail","7":"category-entretenimiento","8":"tag-entertainment","9":"tag-entretenimiento","10":"tag-es","11":"tag-espana","12":"tag-filarmonica-de-viena","13":"tag-spain","14":"tag-tugan-sokhiev"},"share_on_mastodon":{"url":"https:\/\/pubeurope.com\/@es\/115820774260048477","error":""},"_links":{"self":[{"href":"https:\/\/www.europesays.com\/es\/wp-json\/wp\/v2\/posts\/317582","targetHints":{"allow":["GET"]}}],"collection":[{"href":"https:\/\/www.europesays.com\/es\/wp-json\/wp\/v2\/posts"}],"about":[{"href":"https:\/\/www.europesays.com\/es\/wp-json\/wp\/v2\/types\/post"}],"author":[{"embeddable":true,"href":"https:\/\/www.europesays.com\/es\/wp-json\/wp\/v2\/users\/2"}],"replies":[{"embeddable":true,"href":"https:\/\/www.europesays.com\/es\/wp-json\/wp\/v2\/comments?post=317582"}],"version-history":[{"count":0,"href":"https:\/\/www.europesays.com\/es\/wp-json\/wp\/v2\/posts\/317582\/revisions"}],"wp:featuredmedia":[{"embeddable":true,"href":"https:\/\/www.europesays.com\/es\/wp-json\/wp\/v2\/media\/317583"}],"wp:attachment":[{"href":"https:\/\/www.europesays.com\/es\/wp-json\/wp\/v2\/media?parent=317582"}],"wp:term":[{"taxonomy":"category","embeddable":true,"href":"https:\/\/www.europesays.com\/es\/wp-json\/wp\/v2\/categories?post=317582"},{"taxonomy":"post_tag","embeddable":true,"href":"https:\/\/www.europesays.com\/es\/wp-json\/wp\/v2\/tags?post=317582"}],"curies":[{"name":"wp","href":"https:\/\/api.w.org\/{rel}","templated":true}]}}