{"id":317598,"date":"2026-01-01T16:38:08","date_gmt":"2026-01-01T16:38:08","guid":{"rendered":"https:\/\/www.europesays.com\/es\/317598\/"},"modified":"2026-01-01T16:38:08","modified_gmt":"2026-01-01T16:38:08","slug":"ano-nuevo-y-doce-malaguistas-que-ya-pueden-negociar-con-otros-clubes-su-futuro","status":"publish","type":"post","link":"https:\/\/www.europesays.com\/es\/317598\/","title":{"rendered":"A\u00f1o nuevo, y doce malaguistas que ya pueden negociar con otros clubes su futuro"},"content":{"rendered":"<p>Ha llegado el mes de enero y doce de los actuales componentes de la plantilla malaguista, todos con el denominador com\u00fan de acabar contrato, pueden  &#8230; ya negociar libremente su futuro en otros equipos. A priori es una cifra elevada, y lo m\u00e1s significativo de ella es que la mitad son defensas. La mayor\u00eda de ellos est\u00e1n en esa situaci\u00f3n de incertidumbre, siendo adem\u00e1s una de las l\u00edneas que menos se ha renovado desde la campa\u00f1a del equipo en Primera RFEF. S\u00f3lo la porter\u00eda, con Alfonso Herrero y Carlos L\u00f3pez, ambos con v\u00ednculo asegurado por m\u00e1s tiempo, es m\u00e1s estable.<\/p>\n<p class=\"v-p\">No es el caso de la defensa, a d\u00eda de hoy un tanto cogida con alfileres. Al menos la direcci\u00f3n deportiva, con Loren Juarros al frente, tiene muy cerca ya el acuerdo con \u00c1lex Pastor, como anunci\u00f3 este peri\u00f3dico hace unos d\u00edas. El club quiere tener esa muestra de confianza en el central, de baja hasta el final de la temporada por una grave lesi\u00f3n de ligamentos en su rodilla derecha, pero al que considera importante por su edad (26 a\u00f1os) y progresi\u00f3n.<\/p>\n<p><img decoding=\"async\" loading=\"lazy\" src=\"https:\/\/www.europesays.com\/es\/wp-content\/uploads\/2026\/01\/todos-U43525746626RhK-650x455@Diario Sur.jpg\" class=\"v-a-img\" width=\"650\" height=\"455\" alt=\"Toda la plantilla malaguista, el lunes en la sesi\u00f3n de puertas abiertas.\" data-voc-vtm-id=\"in-text-traffic\"\/><\/p>\n<p>Toda la plantilla malaguista, el lunes en la sesi\u00f3n de puertas abiertas.<\/p>\n<p>SALVADOR SALAS<\/p>\n<p><img loading=\"lazy\" decoding=\"async\" src=\"https:\/\/www.europesays.com\/es\/wp-content\/uploads\/2026\/01\/todos-U43525746626RhK-650x455@Diario Sur.jpg\" class=\"v-mdl__img-z\" width=\"650\" height=\"455\" alt=\"\"\/><\/p>\n<p class=\"v-p\">El otro foco est\u00e1 puesto en Puga, consolidado cada vez m\u00e1s con el paso de los meses como el lateral derecho de referencia. Se reivindic\u00f3 de esta forma en la campa\u00f1a anterior (lleg\u00f3 meses antes, en el mercado invernal de la 2023-24) desbancando a Gabilondo, y en esta m\u00e1s a\u00fan, aunque ha pasado por un periodo de inactividad por una lesi\u00f3n muscular. El granadino ha reconocido hace poco en p\u00fablico el inter\u00e9s del club: \u00abHay acercamiento, pero no puedo decir que ya est\u00e9 hecho. Espero que se resuelva pronto y mi deseo es quedarme aqu\u00ed\u00bb.<\/p>\n<p class=\"v-p\">Mientras, Gabilondo podr\u00eda estar ante sus \u00faltimos meses en el equipo, cada vez con menos minutos y con el anuncio de la ampliaci\u00f3n de contrato del filial Rafita hasta 2029, que la pr\u00f3xima campa\u00f1a estar\u00e1 en el primer equipo. El vele\u00f1o es polivalente y puede actuar por delante y en la otra banda, pero su posici\u00f3n preferente es la de &#8216;dos&#8217;.<\/p>\n<p>Montero, con un a\u00f1o m\u00e1s opcional<\/p>\n<p class=\"v-p\">Tambi\u00e9n entre los laterales zurdos puede haber salidas. V\u00edctor Garc\u00eda, el titular ahora, acaba su compromiso, y Dani S\u00e1nchez tiene un a\u00f1o m\u00e1s, pero el panorama m\u00e1s incierto se da en el eje de la zaga, donde Galilea, uno de los capitanes, y Montero, apuesta importante, acaban contrato. Este firm\u00f3 este verano s\u00f3lo por un a\u00f1o, aunque con una temporada m\u00e1s opcional, que podr\u00eda estar vinculada al ascenso. M\u00e1s all\u00e1 de que se anuncie la continuidad de Pastor, s\u00f3lo Murillo (hasta 2027) y Moussa (2028) est\u00e1n asegurados, aunque este, por su inactividad y falta de continuidad ha de demostrar un buen nivel para ganarse un espacio en la pr\u00f3xima plantilla y no ser objeto de cesi\u00f3n o, incluso, de un acuerdo de desvinculaci\u00f3n. Finalmente, el filial Recio, asentado en el once con Funes, renov\u00f3 este verano y tiene acuerdo hasta 2027.<\/p>\n<p class=\"v-p\">De los doce futbolistas del M\u00e1laga que acaban contrato s\u00f3lo media docena no son defensas. Dos de ellos, Dorrio y Jauregi, van unidos de la mano en casi todo. Compartieron vestuario las tres \u00faltimas temporadas, llegaron al cierre del mercado veraniego y apenas se han reivindicado. No parece nada sencillo a d\u00eda de hoy que se les vaya a ofertar la continuidad, pero el f\u00fatbol puede mostrar en pocas semanas nuevos escenarios y necesidades.<\/p>\n<p>El estado de la plantilla malaguista<\/p>\n<ul class=\"v-u\">\n<li class=\"v-u__l\">\n<p class=\"v-p\">\nAcaban contrato en junio:<br \/>\nPuga, Gabilondo, \u00c1lex Pastor, Galilea, Montero (con uno m\u00e1s opcional), V\u00edctor Garc\u00eda, Luismi, Juanpe, Brasanac, Dorrio y Jauregi.\n<\/p>\n<\/li>\n<li class=\"v-u__l\">\n<p class=\"v-p\">\nContrato hasta 2027:<br \/>\nMurillo, Recio, Dani S\u00e1nchez, Ram\u00f3n, Dani Lorenzo, Ochoa, Haitam, Joaqu\u00edn y Lobete.\n<\/p>\n<\/li>\n<li class=\"v-u__l\">\n<p class=\"v-p\">\nContrato hasta 2028:<br \/>\nAlfonso Herrero, Moussa, Izan Merino, Rafa, Larrubia y Chupete.\n<\/p>\n<\/li>\n<li class=\"v-u__l\">\n<p class=\"v-p\">\nContrato hasta 2029:<br \/>\nCarlos L\u00f3pez, Rafita y Adri\u00e1n Ni\u00f1o.\n<\/p>\n<\/li>\n<\/ul>\n<p class=\"v-p\">De los otros cuatro, hay un dilema importante con Luismi, que podr\u00eda no volver a la competici\u00f3n este curso tras una grave lesi\u00f3n (fracturas m\u00faltiples maxilofaciales) en la primera jornada liguera. El club estudiar\u00e1 su evoluci\u00f3n, como la de Juanpe, que esta campa\u00f1a ha ofrecido sus mejores actuaciones, entre las tres que lleva en el equipo. Cierran la lista Dotor, titular con Funes y en cierto n\u00famero de partidos con Pellicer, y Brasanac, lastrado por problemas f\u00edsicos y sin ejercer galones ni demostrar su experiencia.<\/p>\n<p class=\"v-p\">El resto de jugadores est\u00e1n atados, aunque Ni\u00f1o, si mantiene su buena relaci\u00f3n con el gol, tiene un camino de vuelta al Atl\u00e9tico a un precio muy asequible. En estos meses el M\u00e1laga s\u00f3lo anunci\u00f3 la ampliaci\u00f3n de Larrubia (por un a\u00f1o, hasta 2028) y la de Rafita. <\/p>\n","protected":false},"excerpt":{"rendered":"Ha llegado el mes de enero y doce de los actuales componentes de la plantilla malaguista, todos con&hellip;\n","protected":false},"author":2,"featured_media":317599,"comment_status":"","ping_status":"","sticky":false,"template":"","format":"standard","meta":{"footnotes":""},"categories":[268],"tags":[1611,11651,168,2235,25,24,280,282,2848,74154,14799,524,7171,281,23,167],"class_list":{"0":"post-317598","1":"post","2":"type-post","3":"status-publish","4":"format-standard","5":"has-post-thumbnail","7":"category-futbol","8":"tag-ano","9":"tag-clubes","10":"tag-deportes","11":"tag-doce","12":"tag-es","13":"tag-espana","14":"tag-football","15":"tag-futbol","16":"tag-futuro","17":"tag-malaguistas","18":"tag-negociar","19":"tag-nuevo","20":"tag-pueden","21":"tag-soccer","22":"tag-spain","23":"tag-sports"},"share_on_mastodon":{"url":"https:\/\/pubeurope.com\/@es\/115820829435739112","error":""},"_links":{"self":[{"href":"https:\/\/www.europesays.com\/es\/wp-json\/wp\/v2\/posts\/317598","targetHints":{"allow":["GET"]}}],"collection":[{"href":"https:\/\/www.europesays.com\/es\/wp-json\/wp\/v2\/posts"}],"about":[{"href":"https:\/\/www.europesays.com\/es\/wp-json\/wp\/v2\/types\/post"}],"author":[{"embeddable":true,"href":"https:\/\/www.europesays.com\/es\/wp-json\/wp\/v2\/users\/2"}],"replies":[{"embeddable":true,"href":"https:\/\/www.europesays.com\/es\/wp-json\/wp\/v2\/comments?post=317598"}],"version-history":[{"count":0,"href":"https:\/\/www.europesays.com\/es\/wp-json\/wp\/v2\/posts\/317598\/revisions"}],"wp:featuredmedia":[{"embeddable":true,"href":"https:\/\/www.europesays.com\/es\/wp-json\/wp\/v2\/media\/317599"}],"wp:attachment":[{"href":"https:\/\/www.europesays.com\/es\/wp-json\/wp\/v2\/media?parent=317598"}],"wp:term":[{"taxonomy":"category","embeddable":true,"href":"https:\/\/www.europesays.com\/es\/wp-json\/wp\/v2\/categories?post=317598"},{"taxonomy":"post_tag","embeddable":true,"href":"https:\/\/www.europesays.com\/es\/wp-json\/wp\/v2\/tags?post=317598"}],"curies":[{"name":"wp","href":"https:\/\/api.w.org\/{rel}","templated":true}]}}