{"id":317606,"date":"2026-01-01T16:43:09","date_gmt":"2026-01-01T16:43:09","guid":{"rendered":"https:\/\/www.europesays.com\/es\/317606\/"},"modified":"2026-01-01T16:43:09","modified_gmt":"2026-01-01T16:43:09","slug":"album-gira-mundial-y-todo-lo-que-debes-saber","status":"publish","type":"post","link":"https:\/\/www.europesays.com\/es\/317606\/","title":{"rendered":"\u00e1lbum, gira mundial y todo lo que debes saber"},"content":{"rendered":"<p>Las <b>STAY<\/b> podr\u00e1n iniciar el a\u00f1o de la mejor forma: <b>Stray Kids<\/b> acaba de confirmar que el <b>2026<\/b> ser\u00e1 uno de los a\u00f1os m\u00e1s importantes de su carrera. Con un teaser oficial, el grupo anunci\u00f3 el inicio de una <b>nueva era<\/b> que incluye m\u00fasica in\u00e9dita, una <b>gira mundial<\/b> de gran escala y proyectos que los llevar\u00e1n a convertirse en un verdadero <b>fen\u00f3meno global<\/b> que no te vas a querer perder. <\/p>\n<p>Si no has visto el video donde lo anuncian, te lo dejamos a continuaci\u00f3n:<\/p>\n<p>Stray Kids: Nuevo \u00e1lbum y una era pensada para romperla\n<\/p>\n<p>Aunque el anuncio revelaba varios proyectos en puerta del grupo, no se han revelado detalles como el <b>t\u00edtulo del \u00e1lbum<\/b> ni la fecha exacta de lanzamiento, pero en definitiva el teaser confirma que un <b>nuevo \u00e1lbum<\/b> est\u00e1 en camino. Todo indica que ser\u00e1 un proyecto dise\u00f1ado para marcar historia, expandir su sonido y <b>reafirmar la identidad<\/b> que los ha llevado a dominar charts internacionales.<\/p>\n<p>La verdad es que no es casualidad que Stray Kids llegue a este punto, pues tras <b>m\u00faltiples \u00e1lbumes n\u00famero uno<\/b>, r\u00e9cords de ventas y una base de fans que no deja de crecer, poco a poco logran convertirse en uno de los <b>fen\u00f3menos del k-pop<\/b> m\u00e1s importantes.<\/p>\n<p>World Tour 2026: el siguiente nivel\n<\/p>\n<p>La gira mundial 2026 promete ser la producci\u00f3n m\u00e1s ambiciosa del grupo hasta ahora. Tras conquistar arenas y estadios en a\u00f1os recientes, todo apunta a que esta nueva etapa elevar\u00e1 la experiencia con <b>escenarios m\u00e1s grandes<\/b>, m\u00e1s ciudades y un despliegue visual sin precedentes.<\/p>\n<p>Esta es una muy buena noticia para <b>STAY M\u00e9xico<\/b>, pues es probable que la agrupaci\u00f3n vuelva a venir con un concierto a\u00fan m\u00e1s impresionante. Por lo que, si eres fan, te recomendamos estar muy al pendiente de todas las revelaciones que haga la agrupaci\u00f3n.<\/p>\n<p>STEP OUT 2026: la cuenta regresiva ya empez\u00f3\n<\/p>\n<p>Como ya es tradici\u00f3n cada A\u00f1o Nuevo, el grupo revelar\u00e1 su hoja de ruta anual con el video <b>\u201cSTEP OUT 2026\u201d<\/b>, que se estrenar\u00e1 el <b>1 de enero de 2026<\/b> a la medianoche (KST) en el canal de <b>YouTube de JYP Entertainment.<\/b> Por lo que hay que mantenerse muy alertas para conocer todo lo que espera a su fandom.<\/p>\n<p>Entre los proyectos confirmados destaca el estreno en cines de Stray Kids: The dominATE Experience, que llegar\u00e1 en febrero de 2026 a salas de todo el mundo, incluyendo <b>Latinoam\u00e9rica<\/b> y <b>formatos IMAX<\/b>. \u00bfEst\u00e1s listo?<\/p>\n<p>Tambi\u00e9n te puede interesar: <\/p>\n<p>      <a class=\"link  \" href=\"https:\/\/www.tvazteca.com\/azteca7\/latinoamericanos-en-usa\/cynthia-erivo-revela-el-drastico-regimen-para-cuidar-su-voz-wicked\/\" target=\"_blank\" rel=\"nofollow noopener\">El DR\u00c1STICO y casi IMPOSIBLE r\u00e9gimen de Cynthia Erivo para no perder la voz en \u201cWicked\u201d<\/a><\/p>\n","protected":false},"excerpt":{"rendered":"Las STAY podr\u00e1n iniciar el a\u00f1o de la mejor forma: Stray Kids acaba de confirmar que el 2026&hellip;\n","protected":false},"author":2,"featured_media":317607,"comment_status":"","ping_status":"","sticky":false,"template":"","format":"standard","meta":{"footnotes":""},"categories":[170],"tags":[146,147,25,24,184,185,23,71931,74155,74156,74157,74158,74159,74160,74161,74162],"class_list":{"0":"post-317606","1":"post","2":"type-post","3":"status-publish","4":"format-standard","5":"has-post-thumbnail","7":"category-musica","8":"tag-entertainment","9":"tag-entretenimiento","10":"tag-es","11":"tag-espana","12":"tag-music","13":"tag-musica","14":"tag-spain","15":"tag-stray-kids","16":"tag-stray-kids-2026","17":"tag-stray-kids-album","18":"tag-stray-kids-album-2026","19":"tag-stray-kids-canciones","20":"tag-stray-kids-gira-mundial","21":"tag-stray-kids-gira-mundial-2026","22":"tag-stray-kids-miembros","23":"tag-stray-kids-noticias"},"share_on_mastodon":{"url":"https:\/\/pubeurope.com\/@es\/115820849057733006","error":""},"_links":{"self":[{"href":"https:\/\/www.europesays.com\/es\/wp-json\/wp\/v2\/posts\/317606","targetHints":{"allow":["GET"]}}],"collection":[{"href":"https:\/\/www.europesays.com\/es\/wp-json\/wp\/v2\/posts"}],"about":[{"href":"https:\/\/www.europesays.com\/es\/wp-json\/wp\/v2\/types\/post"}],"author":[{"embeddable":true,"href":"https:\/\/www.europesays.com\/es\/wp-json\/wp\/v2\/users\/2"}],"replies":[{"embeddable":true,"href":"https:\/\/www.europesays.com\/es\/wp-json\/wp\/v2\/comments?post=317606"}],"version-history":[{"count":0,"href":"https:\/\/www.europesays.com\/es\/wp-json\/wp\/v2\/posts\/317606\/revisions"}],"wp:featuredmedia":[{"embeddable":true,"href":"https:\/\/www.europesays.com\/es\/wp-json\/wp\/v2\/media\/317607"}],"wp:attachment":[{"href":"https:\/\/www.europesays.com\/es\/wp-json\/wp\/v2\/media?parent=317606"}],"wp:term":[{"taxonomy":"category","embeddable":true,"href":"https:\/\/www.europesays.com\/es\/wp-json\/wp\/v2\/categories?post=317606"},{"taxonomy":"post_tag","embeddable":true,"href":"https:\/\/www.europesays.com\/es\/wp-json\/wp\/v2\/tags?post=317606"}],"curies":[{"name":"wp","href":"https:\/\/api.w.org\/{rel}","templated":true}]}}