{"id":317646,"date":"2026-01-01T17:11:10","date_gmt":"2026-01-01T17:11:10","guid":{"rendered":"https:\/\/www.europesays.com\/es\/317646\/"},"modified":"2026-01-01T17:11:10","modified_gmt":"2026-01-01T17:11:10","slug":"el-primer-mapa-tridimensional-de-los-cromosomas-humanos-revela-claves-sobre-las-enfermedades-geneticas","status":"publish","type":"post","link":"https:\/\/www.europesays.com\/es\/317646\/","title":{"rendered":"El primer mapa tridimensional de los cromosomas humanos revela claves sobre las enfermedades gen\u00e9ticas"},"content":{"rendered":"<p><img alt=\"El mapa tridimensional de los\" class=\"global-image\" decoding=\"async\" fetchpriority=\"high\" height=\"816\" loading=\"eager\" src=\"https:\/\/www.europesays.com\/es\/wp-content\/uploads\/2026\/01\/XOS5JEFU2NBZDDDAHFOWC6SWDE.jpg\" width=\"1456\"\/>El mapa tridimensional de los cromosomas humanos revela la arquitectura interna del ADN en el n\u00facleo celular (Imagen Ilustrativa Infobae)<\/p>\n<p class=\"paragraph\">Una <b>c\u00e9lula <\/b>alberga un universo propio. All\u00ed, <b>el <\/b><a rel=\"noopener noreferrer nofollow\" href=\"https:\/\/www.infobae.com\/america\/ciencia-america\/2025\/11\/20\/una-nueva-tecnica-de-edicion-genetica-reescribe-el-adn-y-podria-controlar-varias-enfermedades-raras-a-la-vez\/\" target=\"_blank\" title=\"https:\/\/www.infobae.com\/america\/ciencia-america\/2025\/11\/20\/una-nueva-tecnica-de-edicion-genetica-reescribe-el-adn-y-podria-controlar-varias-enfermedades-raras-a-la-vez\/\"><b>ADN <\/b><\/a><b>humano<\/b> se enrolla y se pliega, lo que crea una arquitectura sorprendente e invisible. <\/p>\n<p class=\"paragraph\">Recientemente, esa estructura se revel\u00f3 con la presentaci\u00f3n de <b>un mapa tridimensional de los <\/b><a rel=\"noopener noreferrer nofollow\" href=\"https:\/\/www.infobae.com\/tag\/adn\/\" target=\"_blank\" title=\"https:\/\/www.infobae.com\/tag\/adn\/\"><b>cromosomas <\/b><\/a><b>humanos<\/b> sin precedentes: un grupo de cient\u00edficos detall\u00f3 c\u00f3mo<b> <\/b>se distribuyen y se enlazan en el n\u00facleo. <\/p>\n<p class=\"paragraph\">El hallazgo, publicado por la revista <a rel=\"noopener nofollow\" href=\"https:\/\/www.nature.com\/articles\/s41586-025-09890-3\" target=\"_blank\" title=\"https:\/\/www.nature.com\/articles\/s41586-025-09890-3\"><b>Nature<\/b><\/a>, abre la puerta a <b>nuevas maneras de entender el origen y desarrollo de enfermedades gen\u00e9ticas, seg\u00fan los autores.<\/b><\/p>\n<p><img alt=\"El hallazgo, publicado en Nature,\" class=\"global-image\" decoding=\"async\" fetchpriority=\"low\" height=\"4000\" loading=\"lazy\" src=\"https:\/\/www.europesays.com\/es\/wp-content\/uploads\/2026\/01\/QNO3A5LRYBGZ7ITC54ASFRRIRQ.jpg\" width=\"6000\"\/>El hallazgo, publicado en Nature, abre nuevas v\u00edas para el diagn\u00f3stico y tratamiento de enfermedades gen\u00e9ticas (Freepik)<\/p>\n<p class=\"paragraph\">Localizar y seguir cada gen en este mapa abre el camino a futuros diagn\u00f3sticos y terapias, ya que el modo en que el ADN se organiza afecta directamente todo el funcionamiento celular.<\/p>\n<p class=\"paragraph\">En esta investigaci\u00f3n participaron <b>Job Dekker<\/b>, el equipo del <b>Proyecto Nucleoma 4D<\/b> y varias instituciones cient\u00edficas de <b>Estados Unidos<\/b>. <\/p>\n<p class=\"paragraph\">Los resultados aportaron una base para una comprensi\u00f3n mejorada de c\u00f3mo la organizaci\u00f3n f\u00edsica del ADN humano se asocia con la expresi\u00f3n biol\u00f3gica.<\/p>\n<p><img alt=\"El logro fue hecho por\" class=\"global-image\" decoding=\"async\" fetchpriority=\"low\" height=\"3648\" loading=\"lazy\" src=\"https:\/\/www.europesays.com\/es\/wp-content\/uploads\/2026\/01\/SXU4EIVTGEUFLSUVULSSND3O3I.jpg\" width=\"5472\"\/>El logro fue hecho por cient\u00edficos de ocho pa\u00edses que lograron visualizar c\u00f3mo se distribuyen y enlazan los cromosomas en c\u00e9lulas humanas (REUTERS\/Hannah Beier)<\/p>\n<p class=\"paragraph\">Descifrar c\u00f3mo se acomoda el <b>genoma humano<\/b> dentro de la c\u00e9lula es uno de los grandes retos de la ciencia. El ADN no es una hebra recta, se ordena enroscado sobre <b>histonas<\/b>, formando la <b>cromatina<\/b> y creando v\u00ednculos y lazos.<\/p>\n<p class=\"paragraph\">Durante mucho tiempo, los expertos quisieron entender c\u00f3mo esa morfolog\u00eda f\u00edsica define si un gen se <b>enciende o apaga<\/b>. El gran objetivo fue construir la imagen m\u00e1s fiel de la disposici\u00f3n interna de los genes.<\/p>\n<p><img alt=\"La organizaci\u00f3n f\u00edsica del ADN\" class=\"global-image\" decoding=\"async\" fetchpriority=\"low\" height=\"816\" loading=\"lazy\" src=\"https:\/\/www.europesays.com\/es\/wp-content\/uploads\/2026\/01\/OET2HPJUAJA7VIWBFSQOIWM47I.png\" width=\"1456\"\/>La organizaci\u00f3n f\u00edsica del ADN humano influye directamente en la expresi\u00f3n biol\u00f3gica y el funcionamiento celular (Imagen ilustrativa Infobae)<\/p>\n<p class=\"paragraph\">El n\u00facleo celular es min\u00fasculo y ordenado, con cada fragmento de ADN en lugar espec\u00edfico. Los cient\u00edficos lo nombran <b>nucleoma 4D<\/b> al sumar la variable del tiempo, porque la configuraci\u00f3n var\u00eda seg\u00fan la etapa de la vida celular.<\/p>\n<p class=\"paragraph\">El nuevo estudio busc\u00f3 descubrir si la ubicaci\u00f3n y el contacto entre genes influyen de verdad en las funciones y comportamientos celulares.<\/p>\n<p class=\"paragraph\">Dise\u00f1aron una base de datos robusta que muestra conexiones y ubicaciones exactas de cromosomas en el n\u00facleo, al recurrir a t\u00e9cnicas espec\u00edficas de captura cromos\u00f3mica.<\/p>\n<p><img alt=\"El estudio identific\u00f3 m\u00e1s de\" class=\"global-image\" decoding=\"async\" fetchpriority=\"low\" height=\"800\" loading=\"lazy\" src=\"https:\/\/www.europesays.com\/es\/wp-content\/uploads\/2026\/01\/7AJW4DK3FND2RCWH4TFD6MFZXE.jpg\" width=\"1200\"\/>El estudio identific\u00f3 m\u00e1s de 140.000 lazos de cromatina en c\u00e9lulas madre y fibroblastos, claves para la biolog\u00eda humana (Archivo \/An Van Gijsegem &#8211; Science)<\/p>\n<p class=\"paragraph\">La investigaci\u00f3n se centr\u00f3 en <b>c\u00e9lulas madre embrionarias<\/b> y en <b>fibroblastos<\/b>, ambos tipos centrales para la biolog\u00eda humana. <\/p>\n<p class=\"paragraph\">Se identificaron m\u00e1s de <b>140.000 lazos de cromatina por tipo celular<\/b>, lo que permiti\u00f3 reconstruir con precisi\u00f3n el patr\u00f3n de plegado del ADN.<\/p>\n<p class=\"paragraph\">El trabajo combin\u00f3 diferentes m\u00e9todos y valid\u00f3 sus resultados. \u201cLa integraci\u00f3n de conjuntos de datos de los diferentes m\u00e9todos permiti\u00f3 a los autores comparar cada m\u00e9todo y evaluar su utilidad\u201d, se\u00f1alaron los investigadores.<\/p>\n<p class=\"paragraph\">El plegado se explica por mecanismos como <b>extrusi\u00f3n de lazo<\/b> y <b>separaci\u00f3n de fases<\/b>. Estos t\u00e9rminos describen c\u00f3mo el ADN forma zonas con actividad y zonas silenciosas dentro de las c\u00e9lulas.<\/p>\n<p><img alt=\"El mapa 3D del genoma\" class=\"global-image\" decoding=\"async\" fetchpriority=\"low\" height=\"768\" loading=\"lazy\" src=\"https:\/\/www.europesays.com\/es\/wp-content\/uploads\/2026\/01\/YQNZFBZFLVHC5OQV7XVZBN3MKY.png\" width=\"1408\"\/>El mapa 3D del genoma humano permite observar procesos como la transcripci\u00f3n y replicaci\u00f3n en contexto espacial (Imagen Ilustrativa Infobae)<\/p>\n<p class=\"paragraph\">El equipo pudo desarrollar <b>mapas espaciales <\/b>que muestran procesos gen\u00e9ticos como la transcripci\u00f3n y la replicaci\u00f3n en un contexto 3D dentro de la cromatina.<\/p>\n<p class=\"paragraph\">La mezcla de t\u00e9cnicas dio sentido tanto a la estructura como a la din\u00e1mica de cada cromosoma. El estudio destac\u00f3 la importancia de validar pruebas y cotejarlas con informaci\u00f3n previa. Los investigadores consideraron que los resultados facilitar\u00e1n nuevas rutas para la investigaci\u00f3n biol\u00f3gica y m\u00e9dica. <\/p>\n<p class=\"paragraph\">\u201cEste recurso proporciona una base para una <b>comprensi\u00f3n mejorada <\/b>de c\u00f3mo la organizaci\u00f3n f\u00edsica del ADN humano se asocia con la expresi\u00f3n biol\u00f3gica\u201d, recalcaron.<\/p>\n<p><img alt=\"El nuevo recurso cient\u00edfico sienta\" class=\"global-image\" decoding=\"async\" fetchpriority=\"low\" height=\"1080\" loading=\"lazy\" src=\"https:\/\/www.europesays.com\/es\/wp-content\/uploads\/2026\/01\/ATGIB73ULFBXFLKXWB26IMHWFM.jpg\" width=\"1920\"\/>El nuevo recurso cient\u00edfico sienta las bases para futuras investigaciones sobre la relaci\u00f3n entre cromosomas y salud humana (Freepik)<\/p>\n<p class=\"paragraph\">El grupo cient\u00edfico advierte que \u201cse necesitar\u00e1n<b> nuevas investigaciones<\/b>\u201d para comprender de manera directa c\u00f3mo las formas espaciales observadas se traducen en funciones gen\u00e9ticas espec\u00edficas.<\/p>\n<p class=\"paragraph\">El estudio puntualiz\u00f3 que habr\u00e1 que decidir cu\u00e1ndo usar cada m\u00e9todo de captura cromos\u00f3mica en futuras investigaciones y cu\u00e1les son sus limitantes frente a otras t\u00e9cnicas.<\/p>\n<p><img alt=\"El ADN es la mol\u00e9cula\" class=\"global-image\" decoding=\"async\" fetchpriority=\"low\" height=\"604\" loading=\"lazy\" src=\"https:\/\/www.europesays.com\/es\/wp-content\/uploads\/2026\/01\/3CKCBJY633C75QHE3OX4MJONEE.jpg\" width=\"800\"\/>El ADN es la mol\u00e9cula que almacena la informaci\u00f3n gen\u00e9tica, y el estudio revela c\u00f3mo se organiza en el n\u00facleo celular (REUTERS\/Instituto Nacional de Investigaci\u00f3n del Genoma Humano\/Archivo)<\/p>\n<p class=\"paragraph\">Aunque el mapa es m\u00e1s preciso que cualquier anterior, todav\u00eda persisten inc\u00f3gnitas, como descifrar patrones repetitivos y alcanzar una personalizaci\u00f3n celular.<\/p>\n<p class=\"paragraph\">En el futuro, el objetivo ser\u00e1 \u201cubicar genomas individuales a nivel de c\u00e9lula\u201d y relacionar la localizaci\u00f3n cromos\u00f3mica con la activaci\u00f3n gen\u00e9tica.<\/p>\n<p class=\"paragraph\">Por ahora, este mapa sienta las bases para que los bi\u00f3logos estudien el papel de <b>los cromosomas humanos<\/b> en la salud y los trastornos del organismo.<\/p>\n","protected":false},"excerpt":{"rendered":"El mapa tridimensional de los cromosomas humanos revela la arquitectura interna del ADN en el n\u00facleo celular (Imagen&hellip;\n","protected":false},"author":2,"featured_media":317647,"comment_status":"","ping_status":"","sticky":false,"template":"","format":"standard","meta":{"footnotes":""},"categories":[81],"tags":[119,123,124,25,24,165,117,121,122,23,118,120,1559],"class_list":{"0":"post-317646","1":"post","2":"type-post","3":"status-publish","4":"format-standard","5":"has-post-thumbnail","7":"category-ciencia-y-tecnologia","8":"tag-ciencia","9":"tag-ciencia-y-tecnologia","10":"tag-cienciaytecnologia","11":"tag-es","12":"tag-espana","13":"tag-health","14":"tag-science","15":"tag-science-and-technology","16":"tag-scienceandtechnology","17":"tag-spain","18":"tag-technology","19":"tag-tecnologia","20":"tag-us"},"share_on_mastodon":{"url":"https:\/\/pubeurope.com\/@es\/115820959336607002","error":""},"_links":{"self":[{"href":"https:\/\/www.europesays.com\/es\/wp-json\/wp\/v2\/posts\/317646","targetHints":{"allow":["GET"]}}],"collection":[{"href":"https:\/\/www.europesays.com\/es\/wp-json\/wp\/v2\/posts"}],"about":[{"href":"https:\/\/www.europesays.com\/es\/wp-json\/wp\/v2\/types\/post"}],"author":[{"embeddable":true,"href":"https:\/\/www.europesays.com\/es\/wp-json\/wp\/v2\/users\/2"}],"replies":[{"embeddable":true,"href":"https:\/\/www.europesays.com\/es\/wp-json\/wp\/v2\/comments?post=317646"}],"version-history":[{"count":0,"href":"https:\/\/www.europesays.com\/es\/wp-json\/wp\/v2\/posts\/317646\/revisions"}],"wp:featuredmedia":[{"embeddable":true,"href":"https:\/\/www.europesays.com\/es\/wp-json\/wp\/v2\/media\/317647"}],"wp:attachment":[{"href":"https:\/\/www.europesays.com\/es\/wp-json\/wp\/v2\/media?parent=317646"}],"wp:term":[{"taxonomy":"category","embeddable":true,"href":"https:\/\/www.europesays.com\/es\/wp-json\/wp\/v2\/categories?post=317646"},{"taxonomy":"post_tag","embeddable":true,"href":"https:\/\/www.europesays.com\/es\/wp-json\/wp\/v2\/tags?post=317646"}],"curies":[{"name":"wp","href":"https:\/\/api.w.org\/{rel}","templated":true}]}}