{"id":317654,"date":"2026-01-01T17:15:07","date_gmt":"2026-01-01T17:15:07","guid":{"rendered":"https:\/\/www.europesays.com\/es\/317654\/"},"modified":"2026-01-01T17:15:07","modified_gmt":"2026-01-01T17:15:07","slug":"calendario-laboral-de-2026-14-dias-festivos-cuatro-fines-de-semana-de-tres-dias-y-varios-puentes-largos-expansion","status":"publish","type":"post","link":"https:\/\/www.europesays.com\/es\/317654\/","title":{"rendered":"Calendario laboral de 2026: 14 d\u00edas festivos, cuatro fines de semana de tres d\u00edas y varios puentes largos &#8211; Expansi\u00f3n"},"content":{"rendered":"<ol>\n<li><a href=\"https:\/\/news.google.com\/rss\/articles\/CBMigAFBVV95cUxQLVBVTEdfcmhQNkw5QUlLcHAxcnkyaVRkdHhuSGFTVWhvYVpfdXRPc0Q0dE41aks4eTVibzRpRTMtV2NNdVFMcldOcmJWN1pYS2c5ckthRnN3SGpxZVBLV3RJLVV1ZE43X3VKZi02ZkRqWVpkS3F3dWxUaXNGT0wyN9IBgAFBVV95cUxQS2JJVEVDWU01aW5MSFFjd25ud1RiTEY2aEc5bG1jdUx1UnlkbkMwRFlMVDh1QjZodGt5cnFzMl83Y00wLTRSOE96T2lmLWZoWVJyY0s4dGliRzkzTDlEWkpRNDREUHprRTRSZzRhN0dMck85cmswODVtS2wxelFuUA?oc=5\" target=\"_blank\" rel=\"nofollow noopener\">Calendario laboral de 2026: 14 d\u00edas festivos, cuatro fines de semana de tres d\u00edas y varios puentes largos<\/a>&nbsp;&nbsp;Expansi\u00f3n<\/li>\n<li><a href=\"https:\/\/news.google.com\/rss\/articles\/CBMiywFBVV95cUxQWmxSQk1ac2g1ZE53MUUxeTVWMnVPbG14ZS0xd25iTk5xVDBPcHRNOTBZLWtVNkFNeGFsUkNTMEJBWFlWeUhMUVZ3c2lFY1FHbU0wVm1rLXpuVElHZFhXeUppOThCeFFBWEw2eXBPdnU1NEhzZmxiZEpSX0hEcm9mYUdhZkRwRjVTMFoxOERzQW5TTUZ3eEk4dTJZV2x4elgtblZpQzZJRThJYmZkRlFmeE55NnBLWkZxbzlQR040Y0hKam95VjlVNlF3OA?oc=5\" target=\"_blank\" rel=\"nofollow noopener\">Los cuatro puentes largos que hay en 2026 y el resto de festivos del calendario laboral<\/a>&nbsp;&nbsp;EL PA\u00cdS<\/li>\n<li><a href=\"https:\/\/news.google.com\/rss\/articles\/CBMitgFBVV95cUxOREVmNVF5WVNPS3p6NTNtcWZlbDJMN2ZXdC1iaDRyeVcwTFMzaEd1M0NpWXZhTHFQd01ZMjNEQV9YM0dfb3l1NWtoVUNudWVvejZPa2YzZGFVakxYTTd1ZEo1aGxTeklLOUhYbzU0NGhWMFV6eWJpQ1lZaFlGeWhrTWtKOWI3VzJqZkUzLVhFNmZGZ1BTblE0Y1VfbFJrWWM1YzFZZTRzQnhLNXc4MHppcGJtaGloQdIBuwFBVV95cUxNRnFRTTJ3SkxmS1Z1YklHOUFhOUxyNmkwUld6RDVuWHJnRlUyVGFEQTFUSFV0ZFM5alk0MGZLMFFZLVdFaHZJLVk5cXpBd0d5WUJzd0lneFZVV1lGMW8xNXlfNktJRXV4czROeFp1RWQ0OXRRZ1hycG9Ma0EwVzVPczZhLW1OYmx4R2pKQWtrNjNZTnRTQXExWWFRUUFEdFlqUDVvdF9lTlF3S3ROVlpuS2RFNXF2LTlhZWEw?oc=5\" target=\"_blank\" rel=\"nofollow noopener\">Calendario laboral de 2026 en Santiago: \u00bfCu\u00e1les son los festivos y puentes de este nuevo a\u00f1o?<\/a>&nbsp;&nbsp;El Correo Gallego<\/li>\n<li><a href=\"https:\/\/news.google.com\/rss\/articles\/CBMiuwFBVV95cUxNb0MySGdyTWNpYi0xUkVYampnNDJaaUtjNzFmLUEtM1pobWd4SHBXcXFLdWFEaTBLdlhSTVNpSGwtTlJrMmFEYTZ1MmRxMXd0NmRtV29McUJ4R1p6VEFaR0ExR29EeElMYzRUR0p6RGREZHlPT2tKa0pIaUdwTHdSTk9wNmY4dHptXzNneFE5Yk9jamhvUTdYZ3NzTlZkOHBPRjFGZy1NelpFOGxCQWsyQXZrYXlPcGVHaGUw0gHAAUFVX3lxTE5RMFpER3JEMEV5clV2RHBaZEF6ajdWdGJLT0tRT1BWN3p5LTc0Y2dPUEQ0bFk5WE9yT09GT2VYRDBGcFA1YkdraVEwTFN4SDRmUVZhWEoySWRpckdDU2h6a3lRQkJjU1phSGtma0ljWkxWZ25zbE5URk5saHVYYW1Hd0FXRW93eVp3NzZ3SEVRUTIyZkt4bE44bTFHdTFkaHdmMTczM2dtdFYwV0stRl83VldiMno4a25IeDBsaWlOdg?oc=5\" target=\"_blank\" rel=\"nofollow noopener\">Los festivos y puentes de 2026 en Extremadura: consulta todas las fechas<\/a>&nbsp;&nbsp;El Peri\u00f3dico Extremadura<\/li>\n<li><a href=\"https:\/\/news.google.com\/rss\/articles\/CBMixAFBVV95cUxPTnY2cklDU1BVWXI3OHdNU3lLWS00SWc1Wmh6bXNDclA4YUxhRDhYSEFFdVVHZGRGWndETTg3bkctUVdBaFJqUEJxX29vcG0teWxHS3F1Nk1adGdGUVh5T3lPRmJCc1pzc0FGRWE1RFJWTGNuZ1FfNGdaVF91U3JZWm1pbzNTMXlHY2N5U05iSVB0MmhIeDEwMnZURy0zRnJnZ0d5SUt4N3VtS0FVRVZUdWtFWnd1M0x5X0dhc3l5VktINjBU?oc=5\" target=\"_blank\" rel=\"nofollow noopener\">Todos los festivos y puentes de 2026, seg\u00fan el calendario laboral: habr\u00e1 al menos cuatro fines de semana largos<\/a>&nbsp;&nbsp;Telecinco<\/li>\n<\/ol>\n","protected":false},"excerpt":{"rendered":"Calendario laboral de 2026: 14 d\u00edas festivos, cuatro fines de semana de tres d\u00edas y varios puentes largos&nbsp;&nbsp;Expansi\u00f3n&hellip;\n","protected":false},"author":2,"featured_media":317655,"comment_status":"","ping_status":"","sticky":false,"template":"","format":"standard","meta":{"footnotes":""},"categories":[5],"tags":[17,18,95,25,24,13,14,11,19,20,9,10,15,16,492,23,12,21,22],"class_list":{"0":"post-317654","1":"post","2":"type-post","3":"status-publish","4":"format-standard","5":"has-post-thumbnail","7":"category-titulares","8":"tag-breaking-news","9":"tag-breakingnews","10":"tag-economia","11":"tag-es","12":"tag-espana","13":"tag-featured-news","14":"tag-featurednews","15":"tag-headlines","16":"tag-latest-news","17":"tag-latestnews","18":"tag-news","19":"tag-noticias","20":"tag-noticias-destacadas","21":"tag-noticiasdestacadas","22":"tag-sociedad","23":"tag-spain","24":"tag-titulares","25":"tag-ultimas-noticias","26":"tag-ultimasnoticias"},"share_on_mastodon":{"url":"https:\/\/pubeurope.com\/@es\/115820974705333878","error":""},"_links":{"self":[{"href":"https:\/\/www.europesays.com\/es\/wp-json\/wp\/v2\/posts\/317654","targetHints":{"allow":["GET"]}}],"collection":[{"href":"https:\/\/www.europesays.com\/es\/wp-json\/wp\/v2\/posts"}],"about":[{"href":"https:\/\/www.europesays.com\/es\/wp-json\/wp\/v2\/types\/post"}],"author":[{"embeddable":true,"href":"https:\/\/www.europesays.com\/es\/wp-json\/wp\/v2\/users\/2"}],"replies":[{"embeddable":true,"href":"https:\/\/www.europesays.com\/es\/wp-json\/wp\/v2\/comments?post=317654"}],"version-history":[{"count":0,"href":"https:\/\/www.europesays.com\/es\/wp-json\/wp\/v2\/posts\/317654\/revisions"}],"wp:featuredmedia":[{"embeddable":true,"href":"https:\/\/www.europesays.com\/es\/wp-json\/wp\/v2\/media\/317655"}],"wp:attachment":[{"href":"https:\/\/www.europesays.com\/es\/wp-json\/wp\/v2\/media?parent=317654"}],"wp:term":[{"taxonomy":"category","embeddable":true,"href":"https:\/\/www.europesays.com\/es\/wp-json\/wp\/v2\/categories?post=317654"},{"taxonomy":"post_tag","embeddable":true,"href":"https:\/\/www.europesays.com\/es\/wp-json\/wp\/v2\/tags?post=317654"}],"curies":[{"name":"wp","href":"https:\/\/api.w.org\/{rel}","templated":true}]}}