{"id":317677,"date":"2026-01-01T17:36:10","date_gmt":"2026-01-01T17:36:10","guid":{"rendered":"https:\/\/www.europesays.com\/es\/317677\/"},"modified":"2026-01-01T17:36:10","modified_gmt":"2026-01-01T17:36:10","slug":"colombia-un-ano-de-desequilibrio-entre-la-agresividad-de-donald-trump-y-el-autoritarismo-de-nicolas-maduro","status":"publish","type":"post","link":"https:\/\/www.europesays.com\/es\/317677\/","title":{"rendered":"Colombia, un a\u00f1o de desequilibrio entre la agresividad de Donald Trump y el autoritarismo de Nicol\u00e1s Maduro"},"content":{"rendered":"<p class=\"\">Colombia ha vivido uno de los a\u00f1os m\u00e1s intensos de su historia reciente en materia de pol\u00edtica exterior. El pa\u00eds estuvo envuelto en la creciente tensi\u00f3n entre Estados Unidos y Venezuela, el conflicto diplom\u00e1tico que m\u00e1s marc\u00f3 agenda en Latinoam\u00e9rica en 2025. Las <a href=\"https:\/\/elpais.com\/america-colombia\/2025-12-23\/trump-eleva-el-tono-contra-maduro-si-se-quiere-hacer-el-duro-sera-la-ultima-vez-que-lo-haga.html\" target=\"_self\" rel=\"nofollow noopener\" title=\"https:\/\/elpais.com\/america-colombia\/2025-12-23\/trump-eleva-el-tono-contra-maduro-si-se-quiere-hacer-el-duro-sera-la-ultima-vez-que-lo-haga.html\">amenazas de Donald Trump contra Nicol\u00e1s Maduro<\/a> han puesto al Gobierno de Gustavo Petro a buscar un delicado equilibrio entre la denuncia y el camuflaje en un contexto tan inflamado desde enero, tras el regreso del republicano a la Casa Blanca y la revalidaci\u00f3n muy cuestionada del mandato del chavista.<\/p>\n<p class=\"\">Trump avis\u00f3 en diciembre que Petro \u201cser\u00e1 el siguiente\u201d en su campa\u00f1a contra el narcotr\u00e1fico, inicialmente enfocada en Venezuela. \u201cM\u00e1s le vale [a Petro] andarse con cuidado porque tiene f\u00e1bricas de droga\u201d, asegur\u00f3 el republicano en una rueda de prensa. A inicios de diciembre, el estadounidense ya hab\u00eda manifestado que cualquier pa\u00eds que trafique estupefacientes al suyo <a href=\"https:\/\/elpais.com\/america-colombia\/2025-12-02\/trump-advierte-a-colombia-de-que-esta-sujeto-a-ataques-por-la-produccion-y-trafico-de-droga.html\" target=\"_self\" rel=\"nofollow noopener\" title=\"https:\/\/elpais.com\/america-colombia\/2025-12-02\/trump-advierte-a-colombia-de-que-esta-sujeto-a-ataques-por-la-produccion-y-trafico-de-droga.html\">\u201cest\u00e1 sujeto a ataques\u201d, incluida Colombia<\/a>. Petro afirm\u00f3 entonces que estas declaraciones eran una amenaza a la soberan\u00eda nacional, lo que se traduce en \u201cdeclarar guerra\u201d. A dos d\u00edas de terminar el a\u00f1o, sin embargo, <a href=\"https:\/\/elpais.com\/america-colombia\/2025-12-31\/petro-senala-que-el-eln-fue-blanco-de-un-ataque-de-trump-en-venezuela-tememos-que-mezclan-alli-la-pasta-de-coca-para-hacerla-cocaina.html\" target=\"_blank\" rel=\"noreferrer nofollow noopener\" title=\"https:\/\/elpais.com\/america-colombia\/2025-12-31\/petro-senala-que-el-eln-fue-blanco-de-un-ataque-de-trump-en-venezuela-tememos-que-mezclan-alli-la-pasta-de-coca-para-hacerla-cocaina.html\">denunci\u00f3 el narcotr\u00e1fico que hace la guerrilla del ELN<\/a> en el estado venezolano de Zulia, y volvi\u00f3 a repetirle a Estados Unidos que \u00e9l no es un aliado del tr\u00e1fico de drogas.<\/p>\n<p class=\"\">Colombia tiene \u201cla tarea m\u00e1s ingrata\u201d este a\u00f1o, resume Manuel Gonz\u00e1lez, analista internacional y catedr\u00e1tico de la Universidad Javeriana. \u201cBogot\u00e1 est\u00e1 en la posici\u00f3n m\u00e1s inc\u00f3moda porque, por un lado, tiene la tensi\u00f3n de su vecino, con el que comparte su frontera m\u00e1s extensa y todos los retos que eso significa. Por otro, tiene a su mayor socio estrat\u00e9gico, que ahora lo ve como un aliado fr\u00e1gil y con ojos de desconfianza\u201d, se\u00f1ala en una conversaci\u00f3n telef\u00f3nica. El experto a\u00f1ade que Petro incurre, as\u00ed como en el tenis, en \u201cerrores no forzados\u201d, pues, pese a sus buenas intenciones, por ejemplo, en defender el derecho internacional, termina cayendo en la defensa de \u201cun r\u00e9gimen deslegitimado\u201d.<\/p>\n<p class=\"\">Las declaraciones de Trump contra Colombia y Venezuela se enmarcan en una campa\u00f1a militar iniciada en agosto con los bombardeos de supuestas narcolanchas en el Caribe y el Pac\u00edfico. Aunque en principio era una estrategia supuestamente para acobardar a los contrabandistas venezolanos, pronto fue evidente que un gran n\u00famero de estas embarcaciones atacadas <a href=\"https:\/\/elpais.com\/america-colombia\/2025-10-22\/las-embarcaciones-bombardeadas-por-trump-y-relacionadas-con-colombia-un-pescador-desaparecido-un-sobreviviente-de-un-narcosubmarino-el-rastro-del-eln-y-la-primera-lancha-en-el-pacifico.html\" target=\"_self\" rel=\"nofollow noopener\" title=\"https:\/\/elpais.com\/america-colombia\/2025-10-22\/las-embarcaciones-bombardeadas-por-trump-y-relacionadas-con-colombia-un-pescador-desaparecido-un-sobreviviente-de-un-narcosubmarino-el-rastro-del-eln-y-la-primera-lancha-en-el-pacifico.html\">ten\u00edan alguna relaci\u00f3n con Colombia<\/a>. Es por eso que el presidente Petro ha instado a Washington en varias ocasiones a frenar la ofensiva, pues, seg\u00fan \u00e9l, configura un \u201ccrimen de guerra\u201d. En los \u00faltimos cinco meses, los bombardeos han matado a m\u00e1s de un centenar de personas, la mayor\u00eda de ellas sin identificar.<\/p>\n<p class=\"\">Pero entre m\u00e1s escala la presi\u00f3n sobre Caracas, m\u00e1s parece aumentar tambi\u00e9n la resistencia del Gobierno colombiano. Trump abri\u00f3 la puerta a emprender ataques a\u00e9reos sobre territorio venezolano y por eso <a href=\"https:\/\/elpais.com\/america\/2025-11-30\/el-espacio-aereo-de-venezuela-se-vuelve-otro-campo-de-batalla.html\" target=\"_self\" rel=\"nofollow noopener\" title=\"https:\/\/elpais.com\/america\/2025-11-30\/el-espacio-aereo-de-venezuela-se-vuelve-otro-campo-de-batalla.html\">orden\u00f3 a finales de noviembre el cierre del espacio a\u00e9reo del pa\u00eds caribe\u00f1o<\/a>. Decenas de aerol\u00edneas cancelaron vuelos y varios pa\u00edses recomendaron no viajar a Venezuela durante estas fechas. Petro fue el \u00fanico, adem\u00e1s de Maduro, que refut\u00f3 la orden: \u201cEE UU no tiene el derecho de cerrar el espacio a\u00e9reo venezolano. Lo puede hacer con sus aerol\u00edneas, pero no con las del mundo. Colombia restablece el servicio a\u00e9reo civil con Venezuela e invita al mundo a hacerlo. Es hora de di\u00e1logos, no de barbarie\u201d, dijo.<\/p>\n<p><img alt=\"Oil \u2018phantom fleet\u2019 Venezuela\" decoding=\"auto\" class=\"_re lazyload a_m-h\" height=\"277\"  width=\"414\"  src=\"https:\/\/www.europesays.com\/es\/wp-content\/uploads\/2026\/01\/EEAIKZRTYVNEZA4O4DAJVVFAT4.jpg\" loading=\"lazy\"\/>Helic\u00f3ptero militar de EE UU sobrevuela el Centuries, buque con bandera paname\u00f1a, interceptado al este de Barbados, en el mar Caribe, el 20 de diciembre.Department of Homeland Security (via REUTERS)<\/p>\n<p class=\"\">El mandatario colombiano tambi\u00e9n ha sido muy cr\u00edtico de la nueva estrategia de la Casa Blanca, lanzada a mediados de diciembre, <a href=\"https:\/\/elpais.com\/america\/2025-12-21\/petroleo-oro-y-tierras-raras-el-trasfondo-de-la-tension-politica-de-estados-unidos-con-venezuela.html\" target=\"_self\" rel=\"nofollow noopener\" title=\"https:\/\/elpais.com\/america\/2025-12-21\/petroleo-oro-y-tierras-raras-el-trasfondo-de-la-tension-politica-de-estados-unidos-con-venezuela.html\">de incautar buques petroleros<\/a> que salen de Venezuela. \u201cEs pirater\u00eda (&#8230;) Secuestraron a los tripulantes, se robaron el barco y han inaugurado una nueva era de la pirater\u00eda naval criminal en el Caribe\u201d, indic\u00f3 Petro, que tambi\u00e9n hizo un llamado a otras naciones de la regi\u00f3n: \u201cNi un solo presidente latinoamericano ha llamado a otro presidente latinoamericano para preguntarse qu\u00e9 hacer ante el hecho de que estamos siendo invadidos\u201d.<\/p>\n<p class=\"\">Pero para Petro ha sido casi imposible pasar de la ret\u00f3rica a la acci\u00f3n. Este a\u00f1o estuvo marcado por las demostraciones de fuerza de EE UU sobre Colombia, pasando por las amenazas arancelarias, los llamados a consultas de su embajador, las intimidaciones comerciales y la descertificaci\u00f3n del pa\u00eds como aliado en la lucha contra las drogas. A nombre propio, Washington tambi\u00e9n ha arremetido contra Petro: le quit\u00f3 la visa, <a href=\"https:\/\/elpais.com\/america-colombia\/2025-10-24\/el-tesoro-de-estados-unidos-sanciona-a-petro-por-vinculos-con-el-narcotrafico.html\" target=\"_self\" rel=\"nofollow noopener\" title=\"https:\/\/elpais.com\/america-colombia\/2025-10-24\/el-tesoro-de-estados-unidos-sanciona-a-petro-por-vinculos-con-el-narcotrafico.html\">lo incluy\u00f3 en la llamada lista Clinton<\/a> y lo ha llamado \u201chostil\u201d, \u201calborotador\u201d y \u201cl\u00edder del narcotr\u00e1fico\u201d.<\/p>\n<p class=\"\">Aun as\u00ed, una ofensiva terrestre en Venezuela, como ha amenazado el republicano, es tambi\u00e9n una cuesti\u00f3n existencial para Colombia, que ya acoge a 2,8 millones de venezolanos y que teme una nueva oleada migratoria si la tensi\u00f3n se traduce en un conflicto b\u00e9lico. <\/p>\n<p class=\"\">Es por eso que Petro ha recalcado a Caracas que busque una salida negociada. \u201cMe opongo a salidas que no sean dialogadas y que intenten el triunfo de un sector sobre el exterminio del otro\u201d, se\u00f1al\u00f3. Adem\u00e1s, <a href=\"https:\/\/elpais.com\/america-colombia\/2025-12-10\/petro-propone-un-gobierno-de-transicion-y-una-amnistia-general-en-venezuela-ante-una-posible-agresion-de-estados-unidos.html\" target=\"_self\" rel=\"nofollow noopener\" title=\"https:\/\/elpais.com\/america-colombia\/2025-12-10\/petro-propone-un-gobierno-de-transicion-y-una-amnistia-general-en-venezuela-ante-una-posible-agresion-de-estados-unidos.html\">pidi\u00f3 que se instale un gobierno de transici\u00f3n<\/a> y una amnist\u00eda general como salida pol\u00edtica a la crisis: \u201cEl Gobierno de Nicol\u00e1s Maduro debe entender que la respuesta a una agresi\u00f3n externa no es solo un alistamiento militar, sino una revoluci\u00f3n democr\u00e1tica\u201d. Esto lo dijo apenas unos d\u00edas antes de que llamara a Maduro \u201cdictador\u201d por primera vez desde las cuestionadas elecciones de 2024.<\/p>\n<p class=\"\">Para el analista Gonz\u00e1lez, Petro ha profundizado la posici\u00f3n inc\u00f3moda de Colombia \u201cpor sus comentarios ambiguos\u201d. \u201cEst\u00e1 muy bien que defienda el derecho internacional, pero se debe hacer por canales diplom\u00e1ticos. Cuestionar directamente la narrativa de Trump sobre la lucha contra las drogas hace que en Washington sea visto como un c\u00f3mplice de Maduro\u201d, apunta. Si en un momento parec\u00eda que Colombia pod\u00eda ser, junto con M\u00e9xico y Brasil, un pa\u00eds mediador para aliviar la crisis venezolana, Gonz\u00e1lez cree que la oportunidad se ha perdido. \u201c[Joe] Biden se apoya en sus aliados; Trump quiere que sean ellos los que lo busquen\u201d.<\/p>\n<p class=\"\">En cualquier caso, Washington ya reconoce que Colombia se adentra brevemente en \u00e9poca electoral y que Petro saldr\u00e1 de la presidencia muy pronto. El secretario de Estado, Marco Rubio, dijo en una rueda de prensa la semana pasada que, incluso, no importa si hay un ganador de ideolog\u00eda de izquierda si quiere mantener la cooperaci\u00f3n con EE UU. \u201cEsto no se trata de izquierda ni de derecha, se trata de tener en el poder a un presidente que coopere con nosotros. Obviamente, la postura que \u00e9l [Petro] ha tomado en contra de Estados Unidos ha afectado a nuestra relaci\u00f3n. Estamos tratando de limitar eso lo m\u00e1s posible\u201d, manifest\u00f3. Trump tambi\u00e9n personaliz\u00f3 la falta de concertaci\u00f3n en el presidente: \u201cAmo a los colombianos, son grandes personas, energ\u00e9ticas e inteligentes. Pero su nuevo l\u00edder es un alborotador\u201d. <\/p>\n","protected":false},"excerpt":{"rendered":"Colombia ha vivido uno de los a\u00f1os m\u00e1s intensos de su historia reciente en materia de pol\u00edtica exterior.&hellip;\n","protected":false},"author":2,"featured_media":317678,"comment_status":"","ping_status":"","sticky":false,"template":"","format":"standard","meta":{"footnotes":""},"categories":[42],"tags":[889,17,18,1803,15229,352,629,13,14,3916,11,61,62,63,64,19,20,1804,9,1194,10,15,16,1620,32075,12,21,22,1192,65,66,67],"class_list":{"0":"post-317677","1":"post","2":"type-post","3":"status-publish","4":"format-standard","5":"has-post-thumbnail","7":"category-internacional","8":"tag-america","9":"tag-breaking-news","10":"tag-breakingnews","11":"tag-colombia","12":"tag-diplomacia","13":"tag-donald-trump","14":"tag-estados-unidos","15":"tag-featured-news","16":"tag-featurednews","17":"tag-gustavo-petro","18":"tag-headlines","19":"tag-internacional","20":"tag-international","21":"tag-international-news","22":"tag-internationalnews","23":"tag-latest-news","24":"tag-latestnews","25":"tag-latinoamerica","26":"tag-news","27":"tag-nicolas-maduro","28":"tag-noticias","29":"tag-noticias-destacadas","30":"tag-noticiasdestacadas","31":"tag-relaciones-internacionales","32":"tag-tensiones-territoriales","33":"tag-titulares","34":"tag-ultimas-noticias","35":"tag-ultimasnoticias","36":"tag-venezuela","37":"tag-world","38":"tag-world-news","39":"tag-worldnews"},"share_on_mastodon":{"url":"","error":""},"_links":{"self":[{"href":"https:\/\/www.europesays.com\/es\/wp-json\/wp\/v2\/posts\/317677","targetHints":{"allow":["GET"]}}],"collection":[{"href":"https:\/\/www.europesays.com\/es\/wp-json\/wp\/v2\/posts"}],"about":[{"href":"https:\/\/www.europesays.com\/es\/wp-json\/wp\/v2\/types\/post"}],"author":[{"embeddable":true,"href":"https:\/\/www.europesays.com\/es\/wp-json\/wp\/v2\/users\/2"}],"replies":[{"embeddable":true,"href":"https:\/\/www.europesays.com\/es\/wp-json\/wp\/v2\/comments?post=317677"}],"version-history":[{"count":0,"href":"https:\/\/www.europesays.com\/es\/wp-json\/wp\/v2\/posts\/317677\/revisions"}],"wp:featuredmedia":[{"embeddable":true,"href":"https:\/\/www.europesays.com\/es\/wp-json\/wp\/v2\/media\/317678"}],"wp:attachment":[{"href":"https:\/\/www.europesays.com\/es\/wp-json\/wp\/v2\/media?parent=317677"}],"wp:term":[{"taxonomy":"category","embeddable":true,"href":"https:\/\/www.europesays.com\/es\/wp-json\/wp\/v2\/categories?post=317677"},{"taxonomy":"post_tag","embeddable":true,"href":"https:\/\/www.europesays.com\/es\/wp-json\/wp\/v2\/tags?post=317677"}],"curies":[{"name":"wp","href":"https:\/\/api.w.org\/{rel}","templated":true}]}}